{"id":136735,"date":"2026-01-08T12:12:12","date_gmt":"2026-01-08T12:12:12","guid":{"rendered":"https:\/\/www.europesays.com\/fi\/136735\/"},"modified":"2026-01-08T12:12:12","modified_gmt":"2026-01-08T12:12:12","slug":"aloittaminen-esiopetuksessa-kotkan-kaupunki","status":"publish","type":"post","link":"https:\/\/www.europesays.com\/fi\/136735\/","title":{"rendered":"Aloittaminen esiopetuksessa | Kotkan kaupunki"},"content":{"rendered":"<p>\t\t\t\t\tEsiopetuksen lukuvuosi 2026 \u2013 2027<\/p>\n<p>Lukuvuonna 2026\u20132027 j\u00e4rjestet\u00e4\u00e4n kaikille 2020 syntyneille lapsille esiopetusta 4 tuntia p\u00e4iv\u00e4ss\u00e4. Esiopetus j\u00e4rjestet\u00e4\u00e4n v. 2026\u20132027 koulujen yhteydess\u00e4. Esiopetuksessa noudatetaan koulun lukuvuoden mukaisia loma-aikoja.<\/p>\n<p>Esiopetukseen ei tarvitse erillist\u00e4 ilmoittautumista. P\u00e4\u00e4t\u00f6s\u00a0 oman l\u00e4hikoulun esiopetukseen tehd\u00e4\u00e4n\u00a0 31.1.2026 menness\u00e4. P\u00e4\u00e4t\u00f6s l\u00e4hetet\u00e4\u00e4n s\u00e4hk\u00f6isesti s\u00e4hk\u00f6isen asioinnin hyv\u00e4ksyneille huoltajille. Muussa tapauksessa kirjepostina.<\/p>\n<p>Katso koko tiedote esiopetuksesta lukuvuonna 12.8.2026-5.6.2027.<\/p>\n<p><a class=\"btn btn-secondary\" href=\"https:\/\/www.kotka.fi\/wp-content\/uploads\/2025\/12\/Esiopetus-2026-2027.pdf\" target=\"_blank\" rel=\"noopener nofollow\">Tiedote esiopetuksesta lukuvuonna 12.8.2026-5.6.2027<\/a><\/p>\n<p>Tee hakemus kaksikieliseen esiopetukseen.<\/p>\n<p><a class=\"btn btn-secondary\" href=\"https:\/\/www.kotka.fi\/wp-content\/uploads\/2025\/12\/Hakemus_kaksikieliseen-opetukseen_2026_web.pdf\" target=\"_blank\" rel=\"noopener nofollow\">Hakemus kaksikieliseen esiopetukseen -pdf<\/a><\/p>\n<p>Tee hakemus toissijaiseen esiopetukseen.<\/p>\n<p><a class=\"btn btn-secondary\" href=\"https:\/\/www.kotka.fi\/wp-content\/uploads\/2025\/12\/Hakemus_toissijaiseen_esiopetukseen_Kotka_2026_web.pdf\" target=\"_blank\" rel=\"noopener nofollow\">Hakemus toissijaiseen esiopetukseen 2026-pdf<\/a><\/p>\n<p>\tPalveluohjauksen puhelinneuvonta<\/p>\n<p>Palveluohjaus auttaa sinua kaikissa varhaiskasvatuksen ja esiopetuksen kysymyksiss\u00e4.<\/p>\n<p>\t\t\t\tAukioloajat<\/p>\n<p>Tiistai: 13:00 &#8211; 15:00<\/p>\n<p>Keskiviikko: 09:00 &#8211; 12:00<\/p>\n<p>Keskiviikko: 13:00 &#8211; 15:00<\/p>\n<p>Torstai: 09:00 &#8211; 12:00<\/p>\n","protected":false},"excerpt":{"rendered":"Esiopetuksen lukuvuosi 2026 \u2013 2027 Lukuvuonna 2026\u20132027 j\u00e4rjestet\u00e4\u00e4n kaikille 2020 syntyneille lapsille esiopetusta 4 tuntia p\u00e4iv\u00e4ss\u00e4. Esiopetus j\u00e4rjestet\u00e4\u00e4n&hellip;\n","protected":false},"author":2,"featured_media":136736,"comment_status":"","ping_status":"","sticky":false,"template":"","format":"standard","meta":{"footnotes":""},"categories":[5],"tags":[22,23,26,27,33,31,30,17,24,25,28,29,15,18,21,32,19,20,16],"class_list":{"0":"post-136735","1":"post","2":"type-post","3":"status-publish","4":"format-standard","5":"has-post-thumbnail","7":"category-otsikot","8":"tag-breaking-news","9":"tag-breakingnews","10":"tag-featured-news","11":"tag-featurednews","12":"tag-fi","13":"tag-finland","14":"tag-finnish","15":"tag-headlines","16":"tag-latest-news","17":"tag-latestnews","18":"tag-main-news","19":"tag-mainnews","20":"tag-news","21":"tag-otsikot","22":"tag-paauutiset","23":"tag-suomi","24":"tag-top-stories","25":"tag-topstories","26":"tag-uutiset"},"share_on_mastodon":{"url":"https:\/\/pubeurope.com\/@fi\/115859419477489042","error":""},"_links":{"self":[{"href":"https:\/\/www.europesays.com\/fi\/wp-json\/wp\/v2\/posts\/136735","targetHints":{"allow":["GET"]}}],"collection":[{"href":"https:\/\/www.europesays.com\/fi\/wp-json\/wp\/v2\/posts"}],"about":[{"href":"https:\/\/www.europesays.com\/fi\/wp-json\/wp\/v2\/types\/post"}],"author":[{"embeddable":true,"href":"https:\/\/www.europesays.com\/fi\/wp-json\/wp\/v2\/users\/2"}],"replies":[{"embeddable":true,"href":"https:\/\/www.europesays.com\/fi\/wp-json\/wp\/v2\/comments?post=136735"}],"version-history":[{"count":0,"href":"https:\/\/www.europesays.com\/fi\/wp-json\/wp\/v2\/posts\/136735\/revisions"}],"wp:featuredmedia":[{"embeddable":true,"href":"https:\/\/www.europesays.com\/fi\/wp-json\/wp\/v2\/media\/136736"}],"wp:attachment":[{"href":"https:\/\/www.europesays.com\/fi\/wp-json\/wp\/v2\/media?parent=136735"}],"wp:term":[{"taxonomy":"category","embeddable":true,"href":"https:\/\/www.europesays.com\/fi\/wp-json\/wp\/v2\/categories?post=136735"},{"taxonomy":"post_tag","embeddable":true,"href":"https:\/\/www.europesays.com\/fi\/wp-json\/wp\/v2\/tags?post=136735"}],"curies":[{"name":"wp","href":"https:\/\/api.w.org\/{rel}","templated":true}]}}