{"id":136761,"date":"2026-01-08T13:02:06","date_gmt":"2026-01-08T13:02:06","guid":{"rendered":"https:\/\/www.europesays.com\/fi\/136761\/"},"modified":"2026-01-08T13:02:06","modified_gmt":"2026-01-08T13:02:06","slug":"uusi-ase-rintamalla-ukrainan-robotti-murskasi-venajan-aseman","status":"publish","type":"post","link":"https:\/\/www.europesays.com\/fi\/136761\/","title":{"rendered":"Uusi ase rintamalla \u2013 Ukrainan robotti murskasi Ven\u00e4j\u00e4n aseman"},"content":{"rendered":"<p class=\"ai-optimize-7 ai-optimize-introduction\">Ukrainan 3. rynn\u00e4kk\u00f6prikaatiin kuuluvan NC13-komppanian maarobotti tuhosi ven\u00e4l\u00e4isryhm\u00e4n rintamalla.<\/p>\n<p class=\"ai-optimize-7\">Prikaati on osa Ukrainan 3. armeijakuntaa, joka on jakanut Telegramissa videon (jutun alla) maarobotin iskusta. Kyseess\u00e4 on miehitt\u00e4m\u00e4t\u00f6n maa-ajoneuvo eli maadrooni.<\/p>\n<p class=\"ai-optimize-7\">\u2013 T\u00e4m\u00e4 on kuvamateriaalia 3. armeijakunnan sotilaiden onnistuneesta operaatiosta, jonka seurauksena vihollisryhm\u00e4 tuhoutui ja jalkav\u00e4kemme miehitti vapautetun alueen.<\/p>\n<p class=\"ai-optimize-7\">Kuvamateriaali n\u00e4ytt\u00e4\u00e4, kuinka vaikeasta maastosta ja vihollisen FPV-droonien iskuista huolimatta Ukrainan maarobotti kulki 20 kilometrin matkan kauko-ohjattuna ja toimitti 12 miinaa suoraan hy\u00f6kk\u00e4\u00e4j\u00e4n asemaan r\u00e4j\u00e4ytt\u00e4en sen kappaleiksi.<\/p>\n<p class=\"ai-optimize-7\">\u2013 T\u00e4lt\u00e4 n\u00e4ytt\u00e4\u00e4 sodan uusi todellisuus, jossa robotit tuhoavat vihollisen yksik\u00f6it\u00e4 kerralla.<\/p>\n<p class=\"ai-optimize-7\">Ukrainan joukot eteniv\u00e4t \u00e4skett\u00e4in Harkovan ja Pokrovskin suunnilla. Ven\u00e4j\u00e4n joukot eteniv\u00e4t Sumyn alueella ja Huljaipolen suunnalla, <a href=\"https:\/\/understandingwar.org\/research\/russia-ukraine\/russian-offensive-campaign-assessment-january-7-2026\/\" target=\"_blank\" rel=\"noopener nofollow\">kertoo<\/a> amerikkalainen Institute for the Study of War (ISW) -ajatushautomo tilannekatsauksessaan.<\/p>\n<p class=\"ai-optimize-7\">Sen mukaan ven\u00e4j\u00e4n joukot eiv\u00e4t todenn\u00e4k\u00f6isesti pysty samanaikaisesti korvaamaan Ukrainassa k\u00e4rsittyj\u00e4 tappioita ja kartuttamaan strategisia reservej\u00e4\u00e4n.<\/p>\n<p class=\"ai-optimize-8\"><strong>LUE MY\u00d6S:<\/strong><br \/><a href=\"https:\/\/www.verkkouutiset.fi\/a\/arvio-etulinjasta-robottitankit-ilmestyvat-pian-rintamalle\/#6ae4f94b\" target=\"_blank\" rel=\"noopener nofollow\">Arvio etulinjasta: Robottitankit ilmestyv\u00e4t pian rintamalle<\/a><br \/><a href=\"https:\/\/www.verkkouutiset.fi\/a\/maarobotti-murskasi-hyokkaajan-rynnakon-panssaroitu-ajoneuvo-ammuttiin-seulaksi\/#6ae4f94b\" target=\"_blank\" rel=\"noopener nofollow\">Maarobotti murskasi hy\u00f6kk\u00e4\u00e4j\u00e4n rynn\u00e4k\u00f6n, panssaroitu ajoneuvo ammuttiin seulaksi<\/a><br \/><a href=\"https:\/\/www.verkkouutiset.fi\/a\/maarobotti-piti-pintansa-hyokkaajaa-vastaan-45-paivan-ajan\/#6ae4f94b\" target=\"_blank\" rel=\"noopener nofollow\">Maarobotti piti pintansa hy\u00f6kk\u00e4\u00e4j\u00e4\u00e4 vastaan 45 p\u00e4iv\u00e4n ajan<\/a><\/p>\n","protected":false},"excerpt":{"rendered":"Ukrainan 3. rynn\u00e4kk\u00f6prikaatiin kuuluvan NC13-komppanian maarobotti tuhosi ven\u00e4l\u00e4isryhm\u00e4n rintamalla. Prikaati on osa Ukrainan 3. armeijakuntaa, joka on jakanut&hellip;\n","protected":false},"author":2,"featured_media":136762,"comment_status":"","ping_status":"","sticky":false,"template":"","format":"standard","meta":{"footnotes":""},"categories":[14],"tags":[22,23,26,27,33,31,30,17,24,25,28,29,15,18,21,2807,32,19,20,56,16,59,60,61],"class_list":{"0":"post-136761","1":"post","2":"type-post","3":"status-publish","4":"format-standard","5":"has-post-thumbnail","7":"category-ulkomaat","8":"tag-breaking-news","9":"tag-breakingnews","10":"tag-featured-news","11":"tag-featurednews","12":"tag-fi","13":"tag-finland","14":"tag-finnish","15":"tag-headlines","16":"tag-latest-news","17":"tag-latestnews","18":"tag-main-news","19":"tag-mainnews","20":"tag-news","21":"tag-otsikot","22":"tag-paauutiset","23":"tag-sota-ukrainassa","24":"tag-suomi","25":"tag-top-stories","26":"tag-topstories","27":"tag-ulkomaat","28":"tag-uutiset","29":"tag-world","30":"tag-world-news","31":"tag-worldnews"},"share_on_mastodon":{"url":"https:\/\/pubeurope.com\/@fi\/115859616223670838","error":""},"_links":{"self":[{"href":"https:\/\/www.europesays.com\/fi\/wp-json\/wp\/v2\/posts\/136761","targetHints":{"allow":["GET"]}}],"collection":[{"href":"https:\/\/www.europesays.com\/fi\/wp-json\/wp\/v2\/posts"}],"about":[{"href":"https:\/\/www.europesays.com\/fi\/wp-json\/wp\/v2\/types\/post"}],"author":[{"embeddable":true,"href":"https:\/\/www.europesays.com\/fi\/wp-json\/wp\/v2\/users\/2"}],"replies":[{"embeddable":true,"href":"https:\/\/www.europesays.com\/fi\/wp-json\/wp\/v2\/comments?post=136761"}],"version-history":[{"count":0,"href":"https:\/\/www.europesays.com\/fi\/wp-json\/wp\/v2\/posts\/136761\/revisions"}],"wp:featuredmedia":[{"embeddable":true,"href":"https:\/\/www.europesays.com\/fi\/wp-json\/wp\/v2\/media\/136762"}],"wp:attachment":[{"href":"https:\/\/www.europesays.com\/fi\/wp-json\/wp\/v2\/media?parent=136761"}],"wp:term":[{"taxonomy":"category","embeddable":true,"href":"https:\/\/www.europesays.com\/fi\/wp-json\/wp\/v2\/categories?post=136761"},{"taxonomy":"post_tag","embeddable":true,"href":"https:\/\/www.europesays.com\/fi\/wp-json\/wp\/v2\/tags?post=136761"}],"curies":[{"name":"wp","href":"https:\/\/api.w.org\/{rel}","templated":true}]}}