{"id":136763,"date":"2026-01-08T13:03:07","date_gmt":"2026-01-08T13:03:07","guid":{"rendered":"https:\/\/www.europesays.com\/fi\/136763\/"},"modified":"2026-01-08T13:03:07","modified_gmt":"2026-01-08T13:03:07","slug":"poliisi-epailee-suomalaisia-houkuteltiin-helsinkiin-ihmiskaupan-uhreiksi","status":"publish","type":"post","link":"https:\/\/www.europesays.com\/fi\/136763\/","title":{"rendered":"Poliisi ep\u00e4ilee: Suomalaisia houkuteltiin Helsinkiin ihmiskaupan uhreiksi"},"content":{"rendered":"<p>Rikosep\u00e4ilyt|Espanjassa ja Suomessa asuvat ep\u00e4illyt hallinnoivat uhrien ty\u00f6aikoja ja asiakasvirtaa sek\u00e4 palveluista maksettuja rahoja.<\/p>\n<p class=\"article-body mb-nof-24 px-nof-16\">Helsingin poliisilaitoksen valtakunnallinen ihmiskaupparikosten tutkintaryhm\u00e4 on saanut valmiiksi esitutkinnan, jossa kuutta ihmist\u00e4 ep\u00e4ill\u00e4\u00e4n ihmiskaupasta ja parituksesta. Asia on siirtynyt syytt\u00e4j\u00e4lle syyteharkintaan.<\/p>\n<p class=\"article-body mb-nof-24 px-nof-16\">Poliisi sai syyskuussa 2025 tietoonsa ep\u00e4illyn rikoskokonaisuuden, joka t\u00e4ytti ihmiskauppa\u00adrikoksen tunnusmerkist\u00f6n. Ep\u00e4illyt rikokset kestiv\u00e4t muutamia kuukausia syksyll\u00e4 2025 ja p\u00e4\u00e4ttyiv\u00e4t ep\u00e4iltyjen kiinniottoihin.<\/p>\n<p class=\"article-body mb-nof-24 px-nof-16\">Poliisi ep\u00e4ilee, ett\u00e4 Espanjassa asuvat suomalaistaustaiset ep\u00e4illyt ja Suomessa asuvat ep\u00e4illyt parittivat suomalaisia ihmisi\u00e4 Helsingin alueella.<\/p>\n<p class=\"article-body mb-nof-24 px-nof-16\">Uhrit olivat henkil\u00f6kohtaisten syiden vuoksi heikossa yhteiskunnallisessa asemassa ja alttiita hyv\u00e4ksik\u00e4yt\u00f6lle.<\/p>\n<p class=\"article-body mb-nof-24 px-nof-16\">Tutkinnanjohtajan, rikosylikomisario <a class=\"font-bold underline-offset-[0.12em] [text-decoration:var(--person-link-text-decoration)] ![text-decoration-color:var(--person-link-text-decoration-color)]\" href=\"https:\/\/www.hs.fi\/haku\/?query=Anne%20Hietalan\" rel=\"nofollow noopener\" target=\"_blank\">Anne Hietalan<\/a> mukaan asianomistajat taivuteltiin p\u00e4\u00e4kaupunkiseudulle tarjoamaan seksipalveluita v\u00e4\u00e4rin lupauksin muun muassa olosuhteiden ja rahallisten saatavien osalta.<\/p>\n<p class=\"article-body mb-nof-24 px-nof-16\">\u201dHeist\u00e4 laadittiin ilmoitukset alustoille, joissa tarjotaan seksipalveluita. Ep\u00e4illyt hallinnoivat uhrien niin sanottuja ty\u00f6aikoja ja asiakasvirtaa sek\u00e4 palveluista maksettuja rahoja\u201d, Hietala kertoo.<\/p>\n<p class=\"article-body mb-nof-24 px-nof-16\">Ep\u00e4illyt rajoittivat asianomistajien mahdollisuutta vapaaseen liikkuvuuteen ja itsem\u00e4\u00e4r\u00e4\u00e4misoikeuteen. Suurin osa seksipalveluiden myynnist\u00e4 saaduista tuotoista p\u00e4\u00e4tyi ep\u00e4illyille.<\/p>\n<p class=\"article-body mb-nof-24 px-nof-16\">Teosta ep\u00e4ill\u00e4\u00e4n kuutta ihmist\u00e4, jotka ovat olleet vangittuna esitutkinnan aikana. P\u00e4\u00e4ep\u00e4illyt ovat edelleen vangittuna. Esitutkinta siirtyi vuoden 2025 lopussa syyteharkintaan.<\/p>\n","protected":false},"excerpt":{"rendered":"Rikosep\u00e4ilyt|Espanjassa ja Suomessa asuvat ep\u00e4illyt hallinnoivat uhrien ty\u00f6aikoja ja asiakasvirtaa sek\u00e4 palveluista maksettuja rahoja. Helsingin poliisilaitoksen valtakunnallinen ihmiskaupparikosten&hellip;\n","protected":false},"author":2,"featured_media":96697,"comment_status":"","ping_status":"","sticky":false,"template":"","format":"standard","meta":{"footnotes":""},"categories":[12],"tags":[22,23,26,27,33,31,30,17,46,24,25,28,29,15,18,21,32,19,20,16],"class_list":{"0":"post-136763","1":"post","2":"type-post","3":"status-publish","4":"format-standard","5":"has-post-thumbnail","7":"category-suomi","8":"tag-breaking-news","9":"tag-breakingnews","10":"tag-featured-news","11":"tag-featurednews","12":"tag-fi","13":"tag-finland","14":"tag-finnish","15":"tag-headlines","16":"tag-helsingin-sanomat","17":"tag-latest-news","18":"tag-latestnews","19":"tag-main-news","20":"tag-mainnews","21":"tag-news","22":"tag-otsikot","23":"tag-paauutiset","24":"tag-suomi","25":"tag-top-stories","26":"tag-topstories","27":"tag-uutiset"},"share_on_mastodon":{"url":"https:\/\/pubeurope.com\/@fi\/115859620139723157","error":""},"_links":{"self":[{"href":"https:\/\/www.europesays.com\/fi\/wp-json\/wp\/v2\/posts\/136763","targetHints":{"allow":["GET"]}}],"collection":[{"href":"https:\/\/www.europesays.com\/fi\/wp-json\/wp\/v2\/posts"}],"about":[{"href":"https:\/\/www.europesays.com\/fi\/wp-json\/wp\/v2\/types\/post"}],"author":[{"embeddable":true,"href":"https:\/\/www.europesays.com\/fi\/wp-json\/wp\/v2\/users\/2"}],"replies":[{"embeddable":true,"href":"https:\/\/www.europesays.com\/fi\/wp-json\/wp\/v2\/comments?post=136763"}],"version-history":[{"count":0,"href":"https:\/\/www.europesays.com\/fi\/wp-json\/wp\/v2\/posts\/136763\/revisions"}],"wp:featuredmedia":[{"embeddable":true,"href":"https:\/\/www.europesays.com\/fi\/wp-json\/wp\/v2\/media\/96697"}],"wp:attachment":[{"href":"https:\/\/www.europesays.com\/fi\/wp-json\/wp\/v2\/media?parent=136763"}],"wp:term":[{"taxonomy":"category","embeddable":true,"href":"https:\/\/www.europesays.com\/fi\/wp-json\/wp\/v2\/categories?post=136763"},{"taxonomy":"post_tag","embeddable":true,"href":"https:\/\/www.europesays.com\/fi\/wp-json\/wp\/v2\/tags?post=136763"}],"curies":[{"name":"wp","href":"https:\/\/api.w.org\/{rel}","templated":true}]}}