{"id":136778,"date":"2026-01-08T13:29:07","date_gmt":"2026-01-08T13:29:07","guid":{"rendered":"https:\/\/www.europesays.com\/fi\/136778\/"},"modified":"2026-01-08T13:29:07","modified_gmt":"2026-01-08T13:29:07","slug":"joensuun-vesi-jatkaa-pielisjoen-alittavan-paineviemarilinjan-suuntaporaustoita-uutiset","status":"publish","type":"post","link":"https:\/\/www.europesays.com\/fi\/136778\/","title":{"rendered":"Joensuun Vesi jatkaa Pielisjoen alittavan paineviem\u00e4rilinjan suuntaporaust\u00f6it\u00e4 &#8211; Uutiset"},"content":{"rendered":"<p>Joensuun Vesi jatkaa viime syksyn\u00e4 alkanutta Pielisjoen alittavaa painej\u00e4tevesiviem\u00e4rin\u00a0suuntaporausty\u00f6t\u00e4 Hasanniemen ja Kuhasalon v\u00e4lisell\u00e4 alueella. Urakoitsijana ty\u00f6ss\u00e4 toimii\u00a0Maanrakennus B. Dahlbacka Oy.<\/p>\n<p>Ty\u00f6t jatkuvat maanantaina 12.1.2026. Varsinainen suuntaporausty\u00f6 k\u00e4ynnistyy\u00a0s\u00e4\u00e4olosuhteiden salliessa 19.1. alkavalla viikolla.\u00a0Ty\u00f6maa-alueet rajataan aidoilla. Ty\u00f6skentely ty\u00f6maa-alueella tapahtuu p\u00e4\u00e4s\u00e4\u00e4nt\u00f6isesti kello 7\u201319. Putken asennusvaiheessa ty\u00f6 on kuitenkin suoritettava yht\u00e4jaksoisesti, mink\u00e4<br \/>vuoksi asennust\u00f6it\u00e4 voi ajoittua my\u00f6s y\u00f6ajalle. Ty\u00f6st\u00e4 voi aiheutua vaimeaa melua sek\u00e4\u00a0pieni\u00e4 muutoksia kevyen liikenteen kulkureitteihin. Ty\u00f6skentely\u00e4 suoritetaan my\u00f6s\u00a0Pielisjoen j\u00e4\u00e4peitteen p\u00e4\u00e4ll\u00e4 k\u00e4ytt\u00e4en apuna kauko-ohjattavaa laitteistoa.\u00a0<\/p>\n<p>Joensuun Vesi pahoittelee ty\u00f6st\u00e4 mahdollisesti aiheutuvia h\u00e4iri\u00f6it\u00e4.\u00a0<\/p>\n","protected":false},"excerpt":{"rendered":"Joensuun Vesi jatkaa viime syksyn\u00e4 alkanutta Pielisjoen alittavaa painej\u00e4tevesiviem\u00e4rin\u00a0suuntaporausty\u00f6t\u00e4 Hasanniemen ja Kuhasalon v\u00e4lisell\u00e4 alueella. Urakoitsijana ty\u00f6ss\u00e4 toimii\u00a0Maanrakennus B.&hellip;\n","protected":false},"author":2,"featured_media":87099,"comment_status":"","ping_status":"","sticky":false,"template":"","format":"standard","meta":{"footnotes":""},"categories":[12],"tags":[17703,22,23,26,27,33,31,30,17,24,25,22133,28,29,15,18,21,32,19,20,17994,16],"class_list":{"0":"post-136778","1":"post","2":"type-post","3":"status-publish","4":"format-standard","5":"has-post-thumbnail","7":"category-suomi","8":"tag-asuminen-ja-ymparisto","9":"tag-breaking-news","10":"tag-breakingnews","11":"tag-featured-news","12":"tag-featurednews","13":"tag-fi","14":"tag-finland","15":"tag-finnish","16":"tag-headlines","17":"tag-latest-news","18":"tag-latestnews","19":"tag-liikenne-ja-kadut","20":"tag-main-news","21":"tag-mainnews","22":"tag-news","23":"tag-otsikot","24":"tag-paauutiset","25":"tag-suomi","26":"tag-top-stories","27":"tag-topstories","28":"tag-uutinen","29":"tag-uutiset"},"share_on_mastodon":{"url":"https:\/\/pubeurope.com\/@fi\/115859722354906058","error":""},"_links":{"self":[{"href":"https:\/\/www.europesays.com\/fi\/wp-json\/wp\/v2\/posts\/136778","targetHints":{"allow":["GET"]}}],"collection":[{"href":"https:\/\/www.europesays.com\/fi\/wp-json\/wp\/v2\/posts"}],"about":[{"href":"https:\/\/www.europesays.com\/fi\/wp-json\/wp\/v2\/types\/post"}],"author":[{"embeddable":true,"href":"https:\/\/www.europesays.com\/fi\/wp-json\/wp\/v2\/users\/2"}],"replies":[{"embeddable":true,"href":"https:\/\/www.europesays.com\/fi\/wp-json\/wp\/v2\/comments?post=136778"}],"version-history":[{"count":0,"href":"https:\/\/www.europesays.com\/fi\/wp-json\/wp\/v2\/posts\/136778\/revisions"}],"wp:featuredmedia":[{"embeddable":true,"href":"https:\/\/www.europesays.com\/fi\/wp-json\/wp\/v2\/media\/87099"}],"wp:attachment":[{"href":"https:\/\/www.europesays.com\/fi\/wp-json\/wp\/v2\/media?parent=136778"}],"wp:term":[{"taxonomy":"category","embeddable":true,"href":"https:\/\/www.europesays.com\/fi\/wp-json\/wp\/v2\/categories?post=136778"},{"taxonomy":"post_tag","embeddable":true,"href":"https:\/\/www.europesays.com\/fi\/wp-json\/wp\/v2\/tags?post=136778"}],"curies":[{"name":"wp","href":"https:\/\/api.w.org\/{rel}","templated":true}]}}