{"id":136779,"date":"2026-01-08T13:30:15","date_gmt":"2026-01-08T13:30:15","guid":{"rendered":"https:\/\/www.europesays.com\/fi\/136779\/"},"modified":"2026-01-08T13:30:15","modified_gmt":"2026-01-08T13:30:15","slug":"eduard-hallberg-on-huima-poikkeustapaus-lajissaan","status":"publish","type":"post","link":"https:\/\/www.europesays.com\/fi\/136779\/","title":{"rendered":"Eduard Hallberg on huima poikkeustapaus lajissaan"},"content":{"rendered":"<p>Kommentti|Ennusmerkit ovat nyt sellaiset, ett\u00e4 Suomen alppihiihtohistorian ensimm\u00e4isest\u00e4 miesten olympiamitalista puhuminen ei tunnu en\u00e4\u00e4 kovin kaukaiselta, kirjoittaa toimittaja Tatu Myllykoski.<\/p>\n<p class=\"article-body mb-nof-24 px-nof-16\">Suomen<a class=\"font-bold underline-offset-[0.12em] [text-decoration:var(--person-link-text-decoration)] ![text-decoration-color:var(--person-link-text-decoration-color)]\" href=\"https:\/\/www.hs.fi\/haku\/?query=%20Eduard%20Hallberg\" rel=\"nofollow noopener\" target=\"_blank\"> Eduard Hallberg <\/a>\u00e4llistytti koko alppihiihtoa seuraavaa maailmaa taas keskiviikkona ylt\u00e4m\u00e4ll\u00e4 toiseksi Madonna di Campiglion iltapujottelussa Italiassa.<\/p>\n<p class=\"article-body mb-nof-24 px-nof-16\">Palkintosija oli Hallbergille, 22, toinen t\u00e4m\u00e4n kauden maailmancupissa. Pujottelucupissa h\u00e4n nousi jo viidenneksi.<\/p>\n<p class=\"article-body mb-nof-24 px-nof-16\">Samalla Hallberg antoi huiman n\u00e4ytteen p\u00e4\u00e4koppansa kest\u00e4vyydest\u00e4. H\u00e4n joutui el\u00e4m\u00e4ns\u00e4 painekattilaan laskettuaan ensimm\u00e4isen kierroksen nopeimman ajan.<\/p>\n<p class=\"article-body mb-nof-24 px-nof-16\">Suomalaissensaatio oli samankaltaisessa tilanteessa kauden toisessa pujottelukisassa Gurglissa oltuaan avauslaskun j\u00e4lkeen toisena. Tuolloin kisa p\u00e4\u00e4ttyi keskeytykseen.<\/p>\n<p class=\"article-body mb-nof-24 px-nof-16\">Muistissa oli my\u00f6s Hallbergin debyyttikausi viime talvena, jolloin h\u00e4n laski ulos kuudessa maailmancupin pujottelukisassa.<\/p>\n<p class=\"article-body mb-nof-24 px-nof-16\">Keskiviikkona t\u00e4rin\u00e4st\u00e4 ei ollut tietoakaan, vaikka per\u00e4ti yhdeks\u00e4n miest\u00e4 oli laskenut toisella kierroksella ulos ennen viimeisen\u00e4 alas tulleen Hallbergin vuoroa.<\/p>\n<p class=\"article-body mb-nof-24 px-nof-16\">Suomalainen tykitti toisen laskun j\u00e4\u00e4t\u00e4v\u00e4ll\u00e4 itsevarmuudella ja p\u00e4\u00e4si maalissa tuulettamaan kakkossijaa. Edelle ehti vain lajin hallitseva olympiavoittaja, Ranskan <a class=\"font-bold underline-offset-[0.12em] [text-decoration:var(--person-link-text-decoration)] ![text-decoration-color:var(--person-link-text-decoration-color)]\" href=\"https:\/\/www.hs.fi\/haku\/?query=Cl%C3%A9ment%20No%C3%ABl\" rel=\"nofollow noopener\" target=\"_blank\">Cl\u00e9ment No\u00ebl<\/a>.<\/p>\n<p><img decoding=\"async\" src=\"https:\/\/www.europesays.com\/fi\/wp-content\/uploads\/2026\/01\/1767875048_186_468.jpg\" alt=\"Eduard Hallberg (kesk.) kilisytteli pulloja voittaja Cl\u00e9ment No\u00eblin kanssa. Taustalla kolmanneksi sijoittunut Paco Rassat.\" class=\"_Img_1rerz_1\" style=\"aspect-ratio:1.5\" loading=\"eager\"\/><\/p>\n<p class=\"article-picture-caption\">Eduard Hallberg (kesk.) kilisytteli pulloja voittaja Cl\u00e9ment No\u00eblin kanssa. Taustalla kolmanneksi sijoittunut Paco Rassat. Kuva:\u00a0Luciano Maria Bisi\/IPA Sport \/ ipa-agency.net \/ imago sport \/ MVPhotos<\/p>\n<p class=\"article-body mb-nof-24 px-nof-16\">Hallbergin nousu maailman pujottelukermaan on ollut poikkeuksellisen nopea. Keskiviikon kisa oli h\u00e4nelle vasta uran 20. maailmancupissa.<\/p>\n<p class=\"article-body mb-nof-24 px-nof-16\">Suomalaisten suurlahjakkuuksien matka nuorten menestyj\u00e4st\u00e4 aikuisten huipulle on l\u00e4hes poikkeuksetta v\u00e4hint\u00e4\u00e4nkin kivikkoinen. Hallberg tuntuu olevan toista maata.<\/p>\n<p class=\"article-body mb-nof-24 px-nof-16\">Vastaavankaltainen, rakettimainen kehitysk\u00e4yr\u00e4 on harvinaista my\u00f6s koko lajin mittakaavassa. Pujottelu ei nimitt\u00e4in ole mit\u00e4\u00e4n teinipoikien temmellyskentt\u00e4.<\/p>\n<p class=\"article-body mb-nof-24 px-nof-16\">Vasta elokuussa 23 vuotta t\u00e4ytt\u00e4v\u00e4 Hallberg on pujottelucupin top kympin selv\u00e4sti nuorin laskija viiden kisan j\u00e4lkeen. Muut miehet ovat 25\u201331-vuotiaita.<\/p>\n<p class=\"article-body mb-nof-24 px-nof-16\">Kyseess\u00e4 ei ole mik\u00e4\u00e4n tilastopoikkeus, sill\u00e4 viime kaudella kymmenen parhaan joukkoon mahtui vain kaksi avauskilpailun aikaan alle 25-vuotiasta miest\u00e4, Norjan <a class=\"font-bold underline-offset-[0.12em] [text-decoration:var(--person-link-text-decoration)] ![text-decoration-color:var(--person-link-text-decoration-color)]\" href=\"https:\/\/www.hs.fi\/haku\/?query=Atle%20Lie%20McGrath\" rel=\"nofollow noopener\" target=\"_blank\">Atle Lie McGrath<\/a> ja Brasilian <a class=\"font-bold underline-offset-[0.12em] [text-decoration:var(--person-link-text-decoration)] ![text-decoration-color:var(--person-link-text-decoration-color)]\" href=\"https:\/\/www.hs.fi\/haku\/?query=Lucas%20Pinheiro%20Braathen\" rel=\"nofollow noopener\" target=\"_blank\">Lucas Pinheiro Braathen<\/a>. Toissa kaudella ei yht\u00e4k\u00e4\u00e4n.<\/p>\n<p class=\"article-body mb-nof-24 px-nof-16\">Sille on syyns\u00e4, ett\u00e4 esimerkiksi uutistoimisto AP nimitti Hallbergia \u201dihmelapseksi\u201d kakkossijan j\u00e4lkeen.<\/p>\n<p class=\"article-body mb-nof-24 px-nof-16\">Hallbergin uran ensimm\u00e4isen palkintosijan (marraskuussa Levill\u00e4 kolmas) saattoi viel\u00e4 panna suonenvedon, kotirinteen ja paineettoman altavastaajan aseman piikkiin. Olympiamitalista haaveilukin tuntui kaukaisilta.<\/p>\n<p><img decoding=\"async\" src=\"https:\/\/www.europesays.com\/fi\/wp-content\/uploads\/2026\/01\/1767875048_263_468.jpg\" alt=\"Eduard Hallberg on yll\u00e4tt\u00e4nyt kaikki.\" class=\"_Img_1rerz_1\" style=\"aspect-ratio:1.681260945709282\" loading=\"eager\"\/><\/p>\n<p class=\"article-picture-caption\">Eduard Hallberg on yll\u00e4tt\u00e4nyt kaikki. Kuva:\u00a0IPA \/ Sipa USA \/ MVPhotos<\/p>\n<p class=\"article-body mb-nof-24 px-nof-16\"><a class=\"font-bold underline-offset-[0.12em] [text-decoration:var(--person-link-text-decoration)] ![text-decoration-color:var(--person-link-text-decoration-color)]\" href=\"https:\/\/www.hs.fi\/haku\/?query=Kalle%20Palander\" rel=\"nofollow noopener\" target=\"_blank\">Kalle Palander<\/a> painotti heti Levin-sensaation j\u00e4lkeen, ett\u00e4 Hallberg punnitaan kilpailijana aivan eri tavalla, kun h\u00e4nest\u00e4 aletaan kohkata ymp\u00e4ri mediaa ja alppipiirej\u00e4.<\/p>\n<p class=\"article-body mb-nof-24 px-nof-16\">Ja mit\u00e4 onkaan tapahtunut? Hallbergin suoritukset ja laskuvarmuus ovat vain parantuneet sit\u00e4 mukaa, mit\u00e4 enemm\u00e4n h\u00e4nelt\u00e4 on odotettu ja mit\u00e4 enemm\u00e4n paineita on ly\u00f6ty h\u00e4nen niskaansa.<\/p>\n<p class=\"article-body mb-nof-24 px-nof-16\">Keskeytys Gurglissa marraskuussa on kauden ainoa \u2013 ja sekin tuli avauslaskun kakkossijan j\u00e4lkeen. Muussa nelj\u00e4ss\u00e4 kisassa Hallberg on nakutellut tasaisesti sijoille 2\u201312.<\/p>\n<p class=\"article-body mb-nof-24 px-nof-16\">Huomionarvoista on sekin, ett\u00e4 Hallberg nousi keskiviikon kakkossijansa ansiosta l\u00e4ht\u00f6listalla 13:nneksi eli kuumaan ryhm\u00e4\u00e4n. Se parantaa menestysmahdollisuuksia entisest\u00e4\u00e4n.<\/p>\n<p class=\"article-body mb-nof-24 px-nof-16\">Esimerkiksi Madonnan avauslaskun kymmenen parhaan joukossa oli Hallbergin (l\u00e4ht\u00f6numero 21) lis\u00e4ksi vain yksi mies, joka ei l\u00e4htenyt 15 parhaan joukossa.<\/p>\n<p class=\"article-body mb-nof-24 px-nof-16\">Pujottelun maailmancupissa lasketaan viel\u00e4 nelj\u00e4 kilpailua ennen olympiapujottelua 16. helmikuuta.<\/p>\n<p class=\"article-body mb-nof-24 px-nof-16\">Ennusmerkit ovat nyt sellaiset, ett\u00e4 Suomen alppihiihtohistorian ensimm\u00e4isest\u00e4 miesten olympiamitalista puhuminen ei tunnu en\u00e4\u00e4 kovin kaukaiselta.<\/p>\n","protected":false},"excerpt":{"rendered":"Kommentti|Ennusmerkit ovat nyt sellaiset, ett\u00e4 Suomen alppihiihtohistorian ensimm\u00e4isest\u00e4 miesten olympiamitalista puhuminen ei tunnu en\u00e4\u00e4 kovin kaukaiselta, kirjoittaa toimittaja&hellip;\n","protected":false},"author":2,"featured_media":136780,"comment_status":"","ping_status":"","sticky":false,"template":"","format":"standard","meta":{"footnotes":""},"categories":[5],"tags":[22,23,26,27,33,31,30,17,46,24,25,28,29,15,18,21,32,19,20,16],"class_list":{"0":"post-136779","1":"post","2":"type-post","3":"status-publish","4":"format-standard","5":"has-post-thumbnail","7":"category-otsikot","8":"tag-breaking-news","9":"tag-breakingnews","10":"tag-featured-news","11":"tag-featurednews","12":"tag-fi","13":"tag-finland","14":"tag-finnish","15":"tag-headlines","16":"tag-helsingin-sanomat","17":"tag-latest-news","18":"tag-latestnews","19":"tag-main-news","20":"tag-mainnews","21":"tag-news","22":"tag-otsikot","23":"tag-paauutiset","24":"tag-suomi","25":"tag-top-stories","26":"tag-topstories","27":"tag-uutiset"},"share_on_mastodon":{"url":"https:\/\/pubeurope.com\/@fi\/115859726179320121","error":""},"_links":{"self":[{"href":"https:\/\/www.europesays.com\/fi\/wp-json\/wp\/v2\/posts\/136779","targetHints":{"allow":["GET"]}}],"collection":[{"href":"https:\/\/www.europesays.com\/fi\/wp-json\/wp\/v2\/posts"}],"about":[{"href":"https:\/\/www.europesays.com\/fi\/wp-json\/wp\/v2\/types\/post"}],"author":[{"embeddable":true,"href":"https:\/\/www.europesays.com\/fi\/wp-json\/wp\/v2\/users\/2"}],"replies":[{"embeddable":true,"href":"https:\/\/www.europesays.com\/fi\/wp-json\/wp\/v2\/comments?post=136779"}],"version-history":[{"count":0,"href":"https:\/\/www.europesays.com\/fi\/wp-json\/wp\/v2\/posts\/136779\/revisions"}],"wp:featuredmedia":[{"embeddable":true,"href":"https:\/\/www.europesays.com\/fi\/wp-json\/wp\/v2\/media\/136780"}],"wp:attachment":[{"href":"https:\/\/www.europesays.com\/fi\/wp-json\/wp\/v2\/media?parent=136779"}],"wp:term":[{"taxonomy":"category","embeddable":true,"href":"https:\/\/www.europesays.com\/fi\/wp-json\/wp\/v2\/categories?post=136779"},{"taxonomy":"post_tag","embeddable":true,"href":"https:\/\/www.europesays.com\/fi\/wp-json\/wp\/v2\/tags?post=136779"}],"curies":[{"name":"wp","href":"https:\/\/api.w.org\/{rel}","templated":true}]}}