{"id":136781,"date":"2026-01-08T13:42:08","date_gmt":"2026-01-08T13:42:08","guid":{"rendered":"https:\/\/www.europesays.com\/fi\/136781\/"},"modified":"2026-01-08T13:42:08","modified_gmt":"2026-01-08T13:42:08","slug":"juha-perala-kuittailee-gettomasalle-seiska","status":"publish","type":"post","link":"https:\/\/www.europesays.com\/fi\/136781\/","title":{"rendered":"Juha Per\u00e4l\u00e4 kuittailee Gettomasalle | Seiska"},"content":{"rendered":"<p>\n            (230809) &#8212; Tallinn, August 9, 2023 \u2013 Juha Per\u00e4l\u00e4 poses for the camera during Unibet Invitational Golf in Tallinn, Estonia, 9. August  2023. (Matti Matikainen\/Aller Media)<br \/>\n            Matti Matikainen\n        <\/p>\n<p class=\"subtitle \">Irvailu osuu terveysongelmistaan avautuneeseen t\u00e4hteen.<\/p>\n<p class=\"article-content article-content-width !bg-background\">Tokaisuillaan usein huomiota her\u00e4tt\u00e4nyt mediapersoona  on julkaissut Instagram-tilill\u00e4\u00e4n h\u00e4mmennyst\u00e4 her\u00e4tt\u00e4v\u00e4n huumorivideon.<\/p>\n<p class=\"font-weight-bold m-font-weight-bold article-content article-content-width !bg-background\">Video: Juha Per\u00e4l\u00e4n ulosottorekisteri.<\/p>\n<p class=\"article-content article-content-width !bg-background\">\u201cPeris\u201d eli Juha puhuu videolla vahvaa jyv\u00e4skyl\u00e4\u00e4 v\u00e4\u00e4nt\u00e4en paluusta ja ruokavaliosta.<\/p>\n<p class=\"article-content article-content-width !bg-background\">Videon kommenteissa muutamat h\u00e4nen seuraajansa arvuuttelevat, keneen k\u00e4rki on kohdistettu.<\/p>\n<p class=\"article-content article-content-width !bg-background\">Ratkaiseva vihjaus l\u00f6ytyy keskiviikkoiltana julkaistun <a href=\"https:\/\/www.instagram.com\/reel\/DTOSMGmiM4w\/?utm_source=ig_web_copy_link\" target=\"_blank\" rel=\"nofollow noopener\">videon<\/a> saatetekstist\u00e4, jossa lukee \u201cBurgeriperis piti t\u00e4n\u00e4\u00e4n tiedotustilaisuuden jyv\u00e4skyl\u00e4n kunnantalon keitti\u00f6ss\u00e4\u201d.<\/p>\n<p>Gettomasa tiedotti paluustaan<\/p>\n<p class=\"article-content article-content-width !bg-background\">Rap-artisti  eli  piti keskiviikkona Jyv\u00e4skyl\u00e4n kaupungintalossa tiedotustilaisuuden, jossa kertoi paluustaan.<\/p>\n<p>                <img loading=\"lazy\" decoding=\"async\" src=\"https:\/\/www.europesays.com\/fi\/wp-content\/uploads\/2026\/01\/1767879728_858_2037100.webp.jpeg\" width=\"576\" height=\"720\" alt=\"Gettomasaa ei ole pariin vuoteen n\u00e4hty keikkalavoilla. Kuva on vuodelta 2022.\" \/>            <\/p>\n<p>\n            Gettomasaa ei ole pariin vuoteen n\u00e4hty keikkalavoilla. Kuva on vuodelta 2022.<br \/>\n            Timo Korhonen\n        <\/p>\n<p>        <a itemprop=\"url\" href=\"https:\/\/www.seiska.fi\/kotimaa\/iida-ketola-raju-ulostulo-gettomasan-tahdittamasta-videosta\/2040092\" rel=\"nofollow noopener\" target=\"_blank\"><\/p>\n<p>\nIida Ketola\n<\/p>\n<p class=\"section-date\">\n        <strong class=\"article-section\" data-section=\"kotimaa\"><br \/>\n            kotimaa<br \/>\n        <\/strong><br \/>\n        12:27\n    <\/p>\n<p>Iida Ketola: Raju ulostulo Gettomasan t\u00e4hditt\u00e4m\u00e4st\u00e4 videosta\n    <\/p>\n<p itemprop=\"description\" class=\"subtitle \">\n    Iida Ketola ei s\u00e4\u00e4stellyt sanoissaan.\n<\/p>\n<p>        <\/a><\/p>\n<p class=\"article-content article-content-width !bg-background\">Elokuun 2024 j\u00e4lkeen hiljaiseloa el\u00e4nyt Gettomasa esiintyy kotikaupunkinsa Jyv\u00e4skyl\u00e4n Hippoksen pes\u00e4pallostadionilla lauantaina 13.6. Muita keikkoja Gettomasalle ei tulevalle kes\u00e4lle ole viel\u00e4 ilmoitettu.<\/p>\n<p class=\"article-content article-content-width !bg-background\">Uutta musiikkiakaan Suomen suosituimpiin rap-artisteihin kuuluva Gettomasa ei ole julkaissut pariin vuoteen, mutta ensi perjantaina luvassa on uusi kappale Aitous ei oo myynniss\u00e4.<\/p>\n<p class=\"article-content article-content-width !bg-background\">Gettomasa avautui keskiviikkona poissaolonsa syist\u00e4 ja kertoi suurimman syyn taukoon l\u00f6ytyv\u00e4n terveysongelmista.\u00a0V\u00e4lilevynpullistuman aiheuttamat selk\u00e4kivut olivat h\u00e4nen mukaansa ennen keikkataukoa sit\u00e4 luokkaa, ettei lavalla seisominen en\u00e4\u00e4 onnistunut.<\/p>\n<p class=\"article-content article-content-width !bg-background\">Aikaisemmin Gettomasa on puhunut my\u00f6s julkisuuden raskaista puolista, kuten jatkuvan huomion tuomista paineista.<\/p>\n<p>                <img decoding=\"async\" src=\"https:\/\/www.europesays.com\/fi\/wp-content\/uploads\/2026\/01\/1577503.webp.jpeg\" width=\"576\" height=\"720\" title=\"Juhaa on n\u00e4hty televisiossa Star Channelin Melkein mensa -ohjelmassa.\" alt=\"Juha Per\u00e4l\u00e4 Melkein mensa -sarjan kuvauksissa.\" loading=\"lazy\" \/>            <\/p>\n<p>\n            Juhaa on n\u00e4hty televisiossa Star Channelin Melkein mensa -ohjelmassa.<br \/>\n            Timo Korhonen\n        <\/p>\n<p>Juhalta viilt\u00e4v\u00e4\u00e4 kuittia<\/p>\n<p class=\"article-content article-content-width !bg-background\">Juhan kuittailevassa k\u00e4sittelyss\u00e4 jyv\u00e4skyl\u00e4l\u00e4inen paluu v\u00e4\u00e4nt\u00e4ytyy kuitenkin ihan mutkille.<\/p>\n<p class=\"article-content article-content-width !bg-background\">\u2013\u00a0Min\u00e4 olen nyt virallisesti takaisin ruokavalioltani tai dietilt\u00e4ni tai miksi sit\u00e4 nyt haluaisikaan kutsua. Elik\u00e4 burgeriperis on nyt virallisesti takaisin, Juha lausuu videollaan.<\/p>\n<p class=\"article-content article-content-width !bg-background\">\u2013\u00a0Toinen asia on t\u00e4\u00e4: Mulla on burgerin paluusy\u00f6nti Jyv\u00e4skyl\u00e4ss\u00e4. Se tapahtuu ravintola Hookissa 13.6.<\/p>\n<p class=\"article-content article-content-width !bg-background\">\u2013\u00a0Kolmas asia on t\u00e4\u00e4: Viimeks kun m\u00e4 olin siell\u00e4 sy\u00f6m\u00e4ss\u00e4 ennen kes\u00e4\u00e4, mulla tippu siipi sinne lattialle, Juha p\u00e4\u00e4tt\u00e4\u00e4 viilt\u00e4v\u00e4n kuittailuvideonsa.<\/p>\n<p>        <a itemprop=\"url\" href=\"https:\/\/www.seiska.fi\/urheilu\/sami-jauhojarvi-poyristyi-juha-peralan-torkypuheista\/2012672\" rel=\"nofollow noopener\" target=\"_blank\"><\/p>\n<p>\nPer\u00e4l\u00e4lt\u00e4 t\u00f6rke\u00e4\u00e4 teksti\u00e4\n<\/p>\n<p class=\"section-date\">\n        <strong class=\"article-section\" data-section=\"urheilu\"><br \/>\n            urheilu<br \/>\n        <\/strong><br \/>\n        5.12.2025 16:00\n    <\/p>\n<p>Sami Jauhoj\u00e4rvi p\u00f6yristyi Juha Per\u00e4l\u00e4n t\u00f6rkypuheista\n    <\/p>\n<p itemprop=\"description\" class=\"subtitle \">\n    Maastohiihdon olympiavoittaja kommentoi ex-radiot\u00e4hden kohulausuntoja.\n<\/p>\n<p>        <\/a><\/p>\n<p><script async src=\"\/\/www.instagram.com\/embed.js\"><\/script><\/p>\n","protected":false},"excerpt":{"rendered":"(230809) &#8212; Tallinn, August 9, 2023 \u2013 Juha Per\u00e4l\u00e4 poses for the camera during Unibet Invitational Golf in&hellip;\n","protected":false},"author":2,"featured_media":136782,"comment_status":"","ping_status":"","sticky":false,"template":"","format":"standard","meta":{"footnotes":""},"categories":[136],"tags":[407,137,33,31,30,7135,19735,2527,408,425,32,4415,109],"class_list":{"0":"post-136781","1":"post","2":"type-post","3":"status-publish","4":"format-standard","5":"has-post-thumbnail","7":"category-julkkikset","8":"tag-celebrities","9":"tag-entertainment","10":"tag-fi","11":"tag-finland","12":"tag-finnish","13":"tag-gettomasa","14":"tag-huumorivideo","15":"tag-juha-perala","16":"tag-julkkikset","17":"tag-jyvaskyla","18":"tag-suomi","19":"tag-terveysongelmat","20":"tag-viihde"},"share_on_mastodon":{"url":"https:\/\/pubeurope.com\/@fi\/115859773358404001","error":""},"_links":{"self":[{"href":"https:\/\/www.europesays.com\/fi\/wp-json\/wp\/v2\/posts\/136781","targetHints":{"allow":["GET"]}}],"collection":[{"href":"https:\/\/www.europesays.com\/fi\/wp-json\/wp\/v2\/posts"}],"about":[{"href":"https:\/\/www.europesays.com\/fi\/wp-json\/wp\/v2\/types\/post"}],"author":[{"embeddable":true,"href":"https:\/\/www.europesays.com\/fi\/wp-json\/wp\/v2\/users\/2"}],"replies":[{"embeddable":true,"href":"https:\/\/www.europesays.com\/fi\/wp-json\/wp\/v2\/comments?post=136781"}],"version-history":[{"count":0,"href":"https:\/\/www.europesays.com\/fi\/wp-json\/wp\/v2\/posts\/136781\/revisions"}],"wp:featuredmedia":[{"embeddable":true,"href":"https:\/\/www.europesays.com\/fi\/wp-json\/wp\/v2\/media\/136782"}],"wp:attachment":[{"href":"https:\/\/www.europesays.com\/fi\/wp-json\/wp\/v2\/media?parent=136781"}],"wp:term":[{"taxonomy":"category","embeddable":true,"href":"https:\/\/www.europesays.com\/fi\/wp-json\/wp\/v2\/categories?post=136781"},{"taxonomy":"post_tag","embeddable":true,"href":"https:\/\/www.europesays.com\/fi\/wp-json\/wp\/v2\/tags?post=136781"}],"curies":[{"name":"wp","href":"https:\/\/api.w.org\/{rel}","templated":true}]}}