{"id":136787,"date":"2026-01-08T13:49:08","date_gmt":"2026-01-08T13:49:08","guid":{"rendered":"https:\/\/www.europesays.com\/fi\/136787\/"},"modified":"2026-01-08T13:49:08","modified_gmt":"2026-01-08T13:49:08","slug":"entinen-tapparan-hyokkaaja-lopettaa-uransa-34-vuotiaana","status":"publish","type":"post","link":"https:\/\/www.europesays.com\/fi\/136787\/","title":{"rendered":"Entinen Tapparan hy\u00f6kk\u00e4\u00e4j\u00e4 lopettaa uransa 34-vuotiaana"},"content":{"rendered":"<p>Teemu Tallberg ly\u00f6 hokkarit naulaan.<\/p>\n<p class=\"article-body mb-nof-24 px-nof-16\">Miesten j\u00e4\u00e4kiekkoliigassa pudotuspelit mukaan luettuna yli 600 ottelua pelannut <a class=\"font-bold underline-offset-[0.12em] [text-decoration:var(--person-link-text-decoration)] ![text-decoration-color:var(--person-link-text-decoration-color)]\" href=\"https:\/\/www.aamulehti.fi\/haku\/?query=Teemu%20Tallberg\" rel=\"nofollow noopener\" target=\"_blank\">Teemu Tallberg <\/a>lopettaa uransa 34-vuotiaana.<\/p>\n<p class=\"article-body mb-nof-24 px-nof-16\">Liigassa 14 eri kaudella pelannut Tallberg ilmoitti asiasta torstaina Instagramissa.<\/p>\n<p class=\"article-body mb-nof-24 px-nof-16\">HIFK:n kasvatti nousi seuran edustusmiehist\u00f6\u00f6n ensi kertaa 18-vuotiaana kaudella 2009\u201310. Vuosina 2021\u201323 Tallberg toimi my\u00f6s HIFK:n kapteenina.<\/p>\n<p><img decoding=\"async\" src=\"https:\/\/www.europesays.com\/fi\/wp-content\/uploads\/2026\/01\/1767880148_265_320.jpg\" alt=\"Tallberg pelasi Tapparassa kaudella 2011\u20132012.\" class=\"_Img_1rerz_1\" style=\"aspect-ratio:0.6973958333333333\" loading=\"eager\"\/><\/p>\n<p class=\"article-picture-caption\">Tallberg pelasi Tapparassa kaudella 2011\u20132012. Kuva:\u00a0Kalle Parkkinen \/ Sanoman arkisto<\/p>\n<p class=\"article-body mb-nof-24 px-nof-16\">HIFK:n lis\u00e4ksi Tallberg pelasi urallaan liigassa my\u00f6s Tapparan, Sportin, Jukurien ja viime kev\u00e4\u00e4n\u00e4 tovin Kiekko-Espoon riveiss\u00e4.<\/p>\n<p class=\"article-body mb-nof-24 px-nof-16\">Tapparassa h\u00e4nelle kertyi kaudella 2011\u20132012 kaikkiaan 38 ottelua ja kaksi maalia.<\/p>\n<p class=\"article-body mb-nof-24 px-nof-16\">Kaudella 2021\u201322 Tallberg pelasi my\u00f6s kaksi ottelua A-maajoukkueessa. T\u00e4ll\u00e4 kaudella h\u00e4n ei pelannut en\u00e4\u00e4 miss\u00e4\u00e4n.<\/p>\n<p class=\"article-body mb-nof-24 px-nof-16\">\u201dMatkan varrella mukaan on tarttunut valtava m\u00e4\u00e4r\u00e4 muistoja ja ennen kaikkea upeita ihmisi\u00e4. Syd\u00e4mest\u00e4ni kiitos teille kaikille, joiden kanssa olen saanut jakaa pukukopin ja joihin olen saanut tutustua j\u00e4\u00e4kiekon parissa\u201d, Tallberg kirjoitti julkaisussaan.<\/p>\n<p class=\"article-body mb-nof-24 px-nof-16\">\u201dNyt on aika suunnata kohti uusia haasteita, ja matka jatkuu uusien kuvioiden parissa.\u201d<\/p>\n","protected":false},"excerpt":{"rendered":"Teemu Tallberg ly\u00f6 hokkarit naulaan. Miesten j\u00e4\u00e4kiekkoliigassa pudotuspelit mukaan luettuna yli 600 ottelua pelannut Teemu Tallberg lopettaa uransa&hellip;\n","protected":false},"author":2,"featured_media":136788,"comment_status":"","ping_status":"","sticky":false,"template":"","format":"standard","meta":{"footnotes":""},"categories":[158],"tags":[157,33,31,30,159,32,160],"class_list":{"0":"post-136787","1":"post","2":"type-post","3":"status-publish","4":"format-standard","5":"has-post-thumbnail","7":"category-urheilu","8":"tag-aamulehti","9":"tag-fi","10":"tag-finland","11":"tag-finnish","12":"tag-sports","13":"tag-suomi","14":"tag-urheilu"},"share_on_mastodon":{"url":"https:\/\/pubeurope.com\/@fi\/115859801060758254","error":""},"_links":{"self":[{"href":"https:\/\/www.europesays.com\/fi\/wp-json\/wp\/v2\/posts\/136787","targetHints":{"allow":["GET"]}}],"collection":[{"href":"https:\/\/www.europesays.com\/fi\/wp-json\/wp\/v2\/posts"}],"about":[{"href":"https:\/\/www.europesays.com\/fi\/wp-json\/wp\/v2\/types\/post"}],"author":[{"embeddable":true,"href":"https:\/\/www.europesays.com\/fi\/wp-json\/wp\/v2\/users\/2"}],"replies":[{"embeddable":true,"href":"https:\/\/www.europesays.com\/fi\/wp-json\/wp\/v2\/comments?post=136787"}],"version-history":[{"count":0,"href":"https:\/\/www.europesays.com\/fi\/wp-json\/wp\/v2\/posts\/136787\/revisions"}],"wp:featuredmedia":[{"embeddable":true,"href":"https:\/\/www.europesays.com\/fi\/wp-json\/wp\/v2\/media\/136788"}],"wp:attachment":[{"href":"https:\/\/www.europesays.com\/fi\/wp-json\/wp\/v2\/media?parent=136787"}],"wp:term":[{"taxonomy":"category","embeddable":true,"href":"https:\/\/www.europesays.com\/fi\/wp-json\/wp\/v2\/categories?post=136787"},{"taxonomy":"post_tag","embeddable":true,"href":"https:\/\/www.europesays.com\/fi\/wp-json\/wp\/v2\/tags?post=136787"}],"curies":[{"name":"wp","href":"https:\/\/api.w.org\/{rel}","templated":true}]}}