{"id":136799,"date":"2026-01-08T13:56:08","date_gmt":"2026-01-08T13:56:08","guid":{"rendered":"https:\/\/www.europesays.com\/fi\/136799\/"},"modified":"2026-01-08T13:56:08","modified_gmt":"2026-01-08T13:56:08","slug":"vuosaaren-tunneliremontti-tulee-vaikeuttamaan-arkea-kertovat-paikalliset-hslle","status":"publish","type":"post","link":"https:\/\/www.europesays.com\/fi\/136799\/","title":{"rendered":"Vuosaaren tunneliremontti tulee vaikeuttamaan arkea, kertovat paikalliset HS:lle"},"content":{"rendered":"<p>Ruuhkat|Keskiviikkona pahasti ruuhkautuneen Kallvikintien kupeessa asuvat paikalliset kertoivat HS:lle uskovansa, ett\u00e4 Vuosaaren tunneliremontti tulee n\u00e4kym\u00e4\u00e4n heid\u00e4n arjessaan<\/p>\n<p>Lue tiivistelm\u00e4<\/p>\n<p class=\"article-body mb-nof-24 px-nof-16 sndp-summary-bullet-point-font\">Vuosaaren tunnelin remontti aiheutti keskiviikkona pahoja ruuhkia Kallvikintiell\u00e4 Helsingiss\u00e4, mutta torstaina tilanne oli rauhallisempi.<\/p>\n<p class=\"article-body mb-nof-24 px-nof-16 sndp-summary-bullet-point-font\">Paikalliset asukkaat ja ty\u00f6ntekij\u00e4t kertovat Helsingin Sanomille uskovansa, ett\u00e4 vuoden kest\u00e4v\u00e4 remontti tulee vaikeuttamaan heid\u00e4n arkeaan ja ty\u00f6matkojaan.<\/p>\n<p class=\"article-body mb-nof-24 px-nof-16 sndp-summary-bullet-point-font\">Remontin aikana varareitti kulkee It\u00e4v\u00e4yl\u00e4n, Kallvikintien ja Niinisaarentien kautta Vuosaaren satamaan.<\/p>\n<p class=\"article-body mb-nof-24 px-nof-16\">Vuosaaren tunnelin remontti tulee vaikeuttamaan arkea, arvelevat alueen asukkaat.<\/p>\n<p class=\"article-body mb-nof-24 px-nof-16\">Tunnelin sulkeminen aiheutti suoranaisen kaaoksen alueella keskiviikkona, kun raskas kulkuneuvo juuttui lumiseen m\u00e4keen. Torstaina liikenne sujui huomattavasti paremmin.<\/p>\n<p class=\"article-body mb-nof-24 px-nof-16\">Sek\u00e4 Kallvikintie ett\u00e4 Vuosaaren satamaa kohti viev\u00e4 Niinisaaren tie olivat ruuhkattomia.<\/p>\n<p class=\"article-body mb-nof-24 px-nof-16\">\u201dEilen oli ensimm\u00e4ist\u00e4 kertaa autolla remontin alkamisen j\u00e4lkeen, ja kyll\u00e4 jonot olivat aivan jumalattomat. Huomenna menen seuraavaan kerran liikenteeseen It\u00e4keskukseen p\u00e4in ja n\u00e4en sitten, milt\u00e4 tilanne vaikuttaa\u201d, kertoi Kallvikintien kupeessa Neitsytsaarentiell\u00e4 asuva <a class=\"font-bold underline-offset-[0.12em] [text-decoration:var(--person-link-text-decoration)] ![text-decoration-color:var(--person-link-text-decoration-color)]\" href=\"https:\/\/www.hs.fi\/haku\/?query=Raila%20Tammi\" rel=\"nofollow noopener\" target=\"_blank\">Raila Tammi<\/a> hiukan ennen kello kahdeksaa aamulla torstaina.<\/p>\n<p class=\"article-body mb-nof-24 px-nof-16\">Tammen mukaan ruuhkat olivat pahimmillaan Keh\u00e4 kolmoselta h\u00e4nen kotiinsa p\u00e4in. Toiseen suuntaan ruuhkaa ei ollut.<\/p>\n<p><img decoding=\"async\" src=\"https:\/\/www.europesays.com\/fi\/wp-content\/uploads\/2026\/01\/1767880568_431_468.jpg\" alt=\"Vuosaaren Neitsytsaarentiell\u00e4 asuva Raila Tammi, 81, kuvaili Vuosaaren tunnelin remontin aiheuttaneen pahoja ruuhkia keskiviikkona.\" class=\"_Img_1rerz_1\" style=\"aspect-ratio:1.5\" loading=\"eager\"\/><\/p>\n<p class=\"article-picture-caption\">Vuosaaren Neitsytsaarentiell\u00e4 asuva Raila Tammi, 81, kuvaili Vuosaaren tunnelin remontin aiheuttaneen pahoja ruuhkia keskiviikkona. Kuva:\u00a0Kalle Koponen \/ HS<\/p>\n<p class=\"article-body mb-nof-24 px-nof-16\">HS kertoi keskiviikkona kuuden linjan 560 bussin seisoneen aamulla l\u00e4hes yhdess\u00e4 l\u00e4j\u00e4ss\u00e4 Kallvikintien, Mellunm\u00e4entien ja It\u00e4v\u00e4yl\u00e4n risteyskohdassa. Taustalla vaikuttivat tunneliremontin vuoksi s\u00e4\u00e4olosuhteet.<\/p>\n<p class=\"article-body mb-nof-24 px-nof-16\">Bussit my\u00f6h\u00e4styiv\u00e4t aamuseitsem\u00e4n ja -yhdeks\u00e4n v\u00e4lill\u00e4 paristakymmenest\u00e4 minuutista puoleen tuntiin, vaikka osa olikin aivan ajoissa.<\/p>\n<p class=\"article-body mb-nof-24 px-nof-16\">Neitsytsaarentiell\u00e4 asuva <a class=\"font-bold underline-offset-[0.12em] [text-decoration:var(--person-link-text-decoration)] ![text-decoration-color:var(--person-link-text-decoration-color)]\" href=\"https:\/\/www.hs.fi\/haku\/?query=Ali%20Fahem\" rel=\"nofollow noopener\" target=\"_blank\">Ali Fahem<\/a> on juuri auttamassa lapsiaan autoon, kun kysymme h\u00e4nelt\u00e4 n\u00e4kemyst\u00e4 tunneliremontin vaikutuksista. Fahem kertoo ty\u00f6skentelev\u00e4ns\u00e4 Koiviston autolla ja ajavansa linjan 560 bussia.<\/p>\n<p class=\"article-body mb-nof-24 px-nof-16\">\u201dKyll\u00e4 tunneliremontti vaikeuttaa ty\u00f6t\u00e4ni. My\u00f6s henkil\u00f6kohtaista el\u00e4m\u00e4\u00e4 vaikeuttaa, jos ruuhkaa on paljon\u201d, h\u00e4n sanoo.<\/p>\n<p class=\"article-body mb-nof-24 px-nof-16\">L\u00e4hist\u00f6ll\u00e4 asuva <a class=\"font-bold underline-offset-[0.12em] [text-decoration:var(--person-link-text-decoration)] ![text-decoration-color:var(--person-link-text-decoration-color)]\" href=\"https:\/\/www.hs.fi\/haku\/?query=Kari%20Lehtinen\" rel=\"nofollow noopener\" target=\"_blank\">Kari Lehtinen<\/a> kertoo hy\u00f6dynt\u00e4v\u00e4ns\u00e4 vaihtoehtoista reitti\u00e4: h\u00e4n ajaa metron puolta It\u00e4keskuksen suuntaan.<\/p>\n<p class=\"article-body mb-nof-24 px-nof-16\">\u201dSe on v\u00e4h\u00e4n rauhallisempi\u201d, h\u00e4n sanoo.<\/p>\n<p class=\"article-body mb-nof-24 px-nof-16\">Pohjois-Espoossa asuva ja Vuosaaressa ty\u00f6skentelev\u00e4 <a class=\"font-bold underline-offset-[0.12em] [text-decoration:var(--person-link-text-decoration)] ![text-decoration-color:var(--person-link-text-decoration-color)]\" href=\"https:\/\/www.hs.fi\/haku\/?query=Tommi%20Hietam%C3%A4ki\" rel=\"nofollow noopener\" target=\"_blank\">Tommi Hietam\u00e4ki<\/a> puolestaan kertoo ajaneensa t\u00e4n\u00e4\u00e4n ty\u00f6paikalleen \u201dpikkuteit\u00e4 pitkin\u201d Helsingin keskustan kautta.<\/p>\n<p class=\"article-body mb-nof-24 px-nof-16\">\u201dEi ollut ruuhkaa, mutta ei se my\u00f6sk\u00e4\u00e4n kovin nopeaa ollut.\u201d<\/p>\n<p><img decoding=\"async\" src=\"https:\/\/www.europesays.com\/fi\/wp-content\/uploads\/2026\/01\/1767880568_342_468.jpg\" alt=\"Vuosaaressa asuva Kari Lehtinen kertoo yritt\u00e4v\u00e4ns\u00e4 v\u00e4ltell\u00e4 tunneliremontin aiheuttamia ruuhkia ajamalla metron puolta It\u00e4keskuksen suuntaan.\" class=\"_Img_1rerz_1\" style=\"aspect-ratio:1.5\" loading=\"eager\"\/><\/p>\n<p class=\"article-picture-caption\">Vuosaaressa asuva Kari Lehtinen kertoo yritt\u00e4v\u00e4ns\u00e4 v\u00e4ltell\u00e4 tunneliremontin aiheuttamia ruuhkia ajamalla metron puolta It\u00e4keskuksen suuntaan. Kuva:\u00a0Kalle Koponen \/ HS<\/p>\n<p class=\"article-body mb-nof-24 px-nof-16\">Tunneliremontin aikana aikana varareitti kulkee It\u00e4v\u00e4yl\u00e4n, Kallvikintien ja Niinisaarentien kautta Vuosaaren satamaan.<\/p>\n<p class=\"article-body mb-nof-24 px-nof-16\">Helsingin kaupunki tiedotti etuk\u00e4teen, ett\u00e4 remontin seurauksena liikennem\u00e4\u00e4rien odotetaan kasvavan varareitill\u00e4 selke\u00e4sti. Oletus oli, ett\u00e4 kiertotiet\u00e4 pitkin ajoaika satamasta It\u00e4v\u00e4yl\u00e4n eritasoliittym\u00e4\u00e4n on ruuhka-aikojen ulkopuolella noin 7\u20138 minuuttia.<\/p>\n<p class=\"article-body mb-nof-24 px-nof-16\">It\u00e4v\u00e4yl\u00e4lt\u00e4 Kallvikintielle on my\u00f6s toteutettu sataman suuntaan k\u00e4\u00e4ntyv\u00e4lle liikenteelle toinen ajokaista, joka p\u00e4\u00e4ttyy pian liittym\u00e4n j\u00e4lkeen.<\/p>\n<p class=\"article-body mb-nof-24 px-nof-16\">Vihre\u00e4n valon tehokkaan k\u00e4yt\u00f6n kannalta suositellaan, ett\u00e4 raskas liikenne k\u00e4ytt\u00e4isi keskimm\u00e4ist\u00e4 eli oikeanpuoleista k\u00e4\u00e4ntymiskaistaa ja henkil\u00f6autoliikenne vasenta kaistaa.<\/p>\n<p class=\"article-body mb-nof-24 px-nof-16\">Kallvikintien ja Niinisaarentien kiertoliittym\u00e4\u00e4n on puolestaan rakennettu lis\u00e4kaista, jota k\u00e4ytt\u00e4m\u00e4ll\u00e4 Niinisaarentielt\u00e4 It\u00e4v\u00e4yl\u00e4lle pohjoiseen suuntaavat voivat jatkaa sujuvasti suoraan.<\/p>\n","protected":false},"excerpt":{"rendered":"Ruuhkat|Keskiviikkona pahasti ruuhkautuneen Kallvikintien kupeessa asuvat paikalliset kertoivat HS:lle uskovansa, ett\u00e4 Vuosaaren tunneliremontti tulee n\u00e4kym\u00e4\u00e4n heid\u00e4n arjessaan Lue&hellip;\n","protected":false},"author":2,"featured_media":136800,"comment_status":"","ping_status":"","sticky":false,"template":"","format":"standard","meta":{"footnotes":""},"categories":[5],"tags":[22,23,26,27,33,31,30,17,46,24,25,28,29,15,18,21,32,19,20,16],"class_list":{"0":"post-136799","1":"post","2":"type-post","3":"status-publish","4":"format-standard","5":"has-post-thumbnail","7":"category-otsikot","8":"tag-breaking-news","9":"tag-breakingnews","10":"tag-featured-news","11":"tag-featurednews","12":"tag-fi","13":"tag-finland","14":"tag-finnish","15":"tag-headlines","16":"tag-helsingin-sanomat","17":"tag-latest-news","18":"tag-latestnews","19":"tag-main-news","20":"tag-mainnews","21":"tag-news","22":"tag-otsikot","23":"tag-paauutiset","24":"tag-suomi","25":"tag-top-stories","26":"tag-topstories","27":"tag-uutiset"},"share_on_mastodon":{"url":"https:\/\/pubeurope.com\/@fi\/115859828426697659","error":""},"_links":{"self":[{"href":"https:\/\/www.europesays.com\/fi\/wp-json\/wp\/v2\/posts\/136799","targetHints":{"allow":["GET"]}}],"collection":[{"href":"https:\/\/www.europesays.com\/fi\/wp-json\/wp\/v2\/posts"}],"about":[{"href":"https:\/\/www.europesays.com\/fi\/wp-json\/wp\/v2\/types\/post"}],"author":[{"embeddable":true,"href":"https:\/\/www.europesays.com\/fi\/wp-json\/wp\/v2\/users\/2"}],"replies":[{"embeddable":true,"href":"https:\/\/www.europesays.com\/fi\/wp-json\/wp\/v2\/comments?post=136799"}],"version-history":[{"count":0,"href":"https:\/\/www.europesays.com\/fi\/wp-json\/wp\/v2\/posts\/136799\/revisions"}],"wp:featuredmedia":[{"embeddable":true,"href":"https:\/\/www.europesays.com\/fi\/wp-json\/wp\/v2\/media\/136800"}],"wp:attachment":[{"href":"https:\/\/www.europesays.com\/fi\/wp-json\/wp\/v2\/media?parent=136799"}],"wp:term":[{"taxonomy":"category","embeddable":true,"href":"https:\/\/www.europesays.com\/fi\/wp-json\/wp\/v2\/categories?post=136799"},{"taxonomy":"post_tag","embeddable":true,"href":"https:\/\/www.europesays.com\/fi\/wp-json\/wp\/v2\/tags?post=136799"}],"curies":[{"name":"wp","href":"https:\/\/api.w.org\/{rel}","templated":true}]}}