{"id":136810,"date":"2026-01-08T14:19:08","date_gmt":"2026-01-08T14:19:08","guid":{"rendered":"https:\/\/www.europesays.com\/fi\/136810\/"},"modified":"2026-01-08T14:19:08","modified_gmt":"2026-01-08T14:19:08","slug":"pam-selvittaa-mita-tapahtuu-kiinteistopalvelualan-arjessa-ja-miten-tyoehdot-toteutuvat-kaytannossa","status":"publish","type":"post","link":"https:\/\/www.europesays.com\/fi\/136810\/","title":{"rendered":"PAM selvitt\u00e4\u00e4: Mit\u00e4 tapahtuu kiinteist\u00f6palvelualan arjessa ja miten ty\u00f6ehdot toteutuvat k\u00e4yt\u00e4nn\u00f6ss\u00e4?"},"content":{"rendered":"<p class=\"wp-block-post-excerpt__excerpt\">PAM on avannut kyselyn, jossa selvitet\u00e4\u00e4n kiinteist\u00f6palvelualan ty\u00f6ehtojen toteutumista k\u00e4yt\u00e4nn\u00f6ss\u00e4 ja miss\u00e4 on parannettavaa. <\/p>\n<p>Kiinteist\u00f6palvelualan ty\u00f6ehtosopimus on tehty turvaamaan reilut v\u00e4himm\u00e4isehdot alan kaikille ty\u00f6ntekij\u00f6ille. Silti liiton tiedossa on, ett\u00e4 kaikki alan yritykset eiv\u00e4t noudata ty\u00f6ehtosopimuksen m\u00e4\u00e4r\u00e4yksi\u00e4.<\/p>\n<p>Esimerkiksi hotelli- ja laivasiivoukseen liittyvi\u00e4 ongelmia k\u00e4siteltiin viimeisimm\u00e4ss\u00e4 <a href=\"https:\/\/www.lehtiluukku.fi\/lue\/pam\/06-2025\/443367.html\" rel=\"nofollow noopener\" target=\"_blank\">PAM-lehdess\u00e4 (6\/2025)<\/a>. Lis\u00e4ksi julkisuudessa on ollut esill\u00e4 useita tapauksia, joissa ty\u00f6ehtoja on rikottu r\u00e4ike\u00e4sti.<\/p>\n<p>\u2013 Haluamme nyt kuulla suoraan ja laajasti kiinteist\u00f6palvelualan j\u00e4senilt\u00e4 ja ty\u00f6ntekij\u00f6ilt\u00e4, miten ty\u00f6ehtosopimusta noudatetaan heid\u00e4n arjessaan. Jokainen vastaus on arvokas ja auttaa meit\u00e4 kohdentamaan edunvalvontaa ongelmakohtiin, kertoo kiinteist\u00f6palvelualasta vastaava sopimusasiantuntija <strong>Ulla Moilanen<\/strong>.<\/p>\n<p>Kyselyn tuloksia hy\u00f6dynnet\u00e4\u00e4n PAMin ty\u00f6ehtovalvonnassa ja ty\u00f6ehtojen kehitt\u00e4misess\u00e4. Kysely on avoinna 8.1.-8.2.2026. Kysely on l\u00e4hetetty alan j\u00e4senille s\u00e4hk\u00f6postitse. Kyselyn on avoinna vastattavaksi kaikille alalla ty\u00f6skenteleville.<\/p>\n<p>Kyselyyn vastaaminen on luottamuksellista. Yhteystiedot j\u00e4tt\u00e4m\u00e4ll\u00e4 osallistut viiden 100 euron arvoisen lahjakortin arvontaan. <a href=\"https:\/\/www.pam.fi\/markkinointiarpajaiset-ja-kilpailut\/\" rel=\"nofollow noopener\" target=\"_blank\">Arvonnan s\u00e4\u00e4nn\u00f6t l\u00f6ytyv\u00e4t t\u00e4\u00e4lt\u00e4.<\/a><\/p>\n<p>PAM on avannut kiinteist\u00f6palvelualalle oman verkkosivun, josta l\u00f6ytyy kootusti alaan liittyv\u00e4\u00e4 tietoa, materiaalia sek\u00e4 ajankohtaiset kampanjat. Sivulta l\u00f6yd\u00e4t my\u00f6s ty\u00f6ehtokyselyn flyerin, jonka voit vied\u00e4 esille ty\u00f6paikalle.<\/p>\n","protected":false},"excerpt":{"rendered":"PAM on avannut kyselyn, jossa selvitet\u00e4\u00e4n kiinteist\u00f6palvelualan ty\u00f6ehtojen toteutumista k\u00e4yt\u00e4nn\u00f6ss\u00e4 ja miss\u00e4 on parannettavaa. Kiinteist\u00f6palvelualan ty\u00f6ehtosopimus on tehty&hellip;\n","protected":false},"author":2,"featured_media":136811,"comment_status":"","ping_status":"","sticky":false,"template":"","format":"standard","meta":{"footnotes":""},"categories":[76],"tags":[79,77,33,31,30,32,78],"class_list":{"0":"post-136810","1":"post","2":"type-post","3":"status-publish","4":"format-standard","5":"has-post-thumbnail","7":"category-talous","8":"tag-business","9":"tag-economy","10":"tag-fi","11":"tag-finland","12":"tag-finnish","13":"tag-suomi","14":"tag-talous"},"share_on_mastodon":{"url":"https:\/\/pubeurope.com\/@fi\/115859919077110064","error":""},"_links":{"self":[{"href":"https:\/\/www.europesays.com\/fi\/wp-json\/wp\/v2\/posts\/136810","targetHints":{"allow":["GET"]}}],"collection":[{"href":"https:\/\/www.europesays.com\/fi\/wp-json\/wp\/v2\/posts"}],"about":[{"href":"https:\/\/www.europesays.com\/fi\/wp-json\/wp\/v2\/types\/post"}],"author":[{"embeddable":true,"href":"https:\/\/www.europesays.com\/fi\/wp-json\/wp\/v2\/users\/2"}],"replies":[{"embeddable":true,"href":"https:\/\/www.europesays.com\/fi\/wp-json\/wp\/v2\/comments?post=136810"}],"version-history":[{"count":0,"href":"https:\/\/www.europesays.com\/fi\/wp-json\/wp\/v2\/posts\/136810\/revisions"}],"wp:featuredmedia":[{"embeddable":true,"href":"https:\/\/www.europesays.com\/fi\/wp-json\/wp\/v2\/media\/136811"}],"wp:attachment":[{"href":"https:\/\/www.europesays.com\/fi\/wp-json\/wp\/v2\/media?parent=136810"}],"wp:term":[{"taxonomy":"category","embeddable":true,"href":"https:\/\/www.europesays.com\/fi\/wp-json\/wp\/v2\/categories?post=136810"},{"taxonomy":"post_tag","embeddable":true,"href":"https:\/\/www.europesays.com\/fi\/wp-json\/wp\/v2\/tags?post=136810"}],"curies":[{"name":"wp","href":"https:\/\/api.w.org\/{rel}","templated":true}]}}