{"id":136812,"date":"2026-01-08T14:20:07","date_gmt":"2026-01-08T14:20:07","guid":{"rendered":"https:\/\/www.europesays.com\/fi\/136812\/"},"modified":"2026-01-08T14:20:07","modified_gmt":"2026-01-08T14:20:07","slug":"ulkoministeri-valtonen-ei-suostunut-tuomitsemaan-yhdysvaltojen-toimia-venezuelassa-ja-gronlannissa","status":"publish","type":"post","link":"https:\/\/www.europesays.com\/fi\/136812\/","title":{"rendered":"Ulkoministeri Valtonen ei suostunut tuomitsemaan Yhdysvaltojen toimia Venezuelassa ja Gr\u00f6nlannissa"},"content":{"rendered":"<p>Yhdysvallat|Ulkoministeri Elina Valtonen sanoo, ettei Yhdysvaltojen sotilaallisesta toiminnasta Gr\u00f6nlannin haltuun ottamiseksi ole viitteit\u00e4.<\/p>\n<p class=\"article-body mb-nof-24 px-nof-16\">Ulkoministeri <a class=\"font-bold underline-offset-[0.12em] [text-decoration:var(--person-link-text-decoration)] ![text-decoration-color:var(--person-link-text-decoration-color)]\" href=\"https:\/\/www.hs.fi\/haku\/?query=Elina%20Valtonen\" rel=\"nofollow noopener\" target=\"_blank\">Elina Valtonen<\/a> (kok) sanoo, ett\u00e4 Yhdysvaltojen presidentin <a class=\"font-bold underline-offset-[0.12em] [text-decoration:var(--person-link-text-decoration)] ![text-decoration-color:var(--person-link-text-decoration-color)]\" href=\"https:\/\/www.hs.fi\/haku\/?query=Donald%20Trumpin\" rel=\"nofollow noopener\" target=\"_blank\">Donald Trumpin<\/a> puheet Gr\u00f6nlannin ottamisesta haltuun on otettava vakavasti.<\/p>\n<p class=\"article-body mb-nof-24 px-nof-16\">Samalla h\u00e4n sanoo, ettei n\u00e4kyviss\u00e4 ole, ett\u00e4 Yhdysvallat k\u00e4ytt\u00e4isi sotilaallista voimaa saavuttaakseen tavoitteen.<\/p>\n<p class=\"article-body mb-nof-24 px-nof-16\">\u201dMink\u00e4\u00e4nlaisia viitteit\u00e4 siit\u00e4, ett\u00e4 Yhdysvallat olisi esimerkiksi sotilaallista valtausta valmistelemassa, ei ole\u201d, Valtonen sanoi lehdist\u00f6tilaisuudessa eduskunnassa torstaina.<\/p>\n<p class=\"article-body mb-nof-24 px-nof-16\">Suomi pyrkii kaikilla tavoin k\u00e4ym\u00e4\u00e4n asiasta keskustelua Yhdysvaltojen kanssa. Yhteisty\u00f6t\u00e4 tehd\u00e4\u00e4n Pohjoismaiden kanssa ja keskustelua k\u00e4yd\u00e4\u00e4n my\u00f6s EU:n ja Naton kautta, Valtonen sanoi.<\/p>\n<p class=\"article-body mb-nof-24 px-nof-16\">Eduskunnan ulkoasiainvaliokunta keskusteli torstaina ylim\u00e4\u00e4r\u00e4isess\u00e4 kokouksessaan muun muassa Gr\u00f6nlannin ja Venezuelan tilanteesta sek\u00e4 kaapelirikosta It\u00e4merell\u00e4. Valiokunnan kuultavana ollut Valtonen piti t\u00e4m\u00e4n j\u00e4lkeen yhteisen lehdist\u00f6tilaisuuden ulkoasiainvaliokunnan puheenjohtajan <a class=\"font-bold underline-offset-[0.12em] [text-decoration:var(--person-link-text-decoration)] ![text-decoration-color:var(--person-link-text-decoration-color)]\" href=\"https:\/\/www.hs.fi\/haku\/?query=Johannes%20Koskisen\" rel=\"nofollow noopener\" target=\"_blank\">Johannes Koskisen<\/a> (sd) kanssa.<\/p>\n<p class=\"article-body mb-nof-24 px-nof-16\">Yhdysvallat on toistuvasti ilmaissut havittelevansa Tanskalle kuuluvaa Gr\u00f6nlantia itselleen. <a class=\"underline underline-offset-[0.12em] [text-decoration-thickness:var(--generic-link-underline-thickness)] [text-decoration-color:var(--generic-link-underline-color)] [text-decoration-skip-ink:var(--generic-link-underline-skip-ink)] break-words\" href=\"https:\/\/www.hs.fi\/maailma\/art-2000011735109.html\" rel=\"nofollow noopener\" target=\"_blank\">Valkoisen talon mukaan<\/a> presidentti Trump keskustelee aktiivisesti kansallisen turvallisuuden tiimins\u00e4 kanssa Gr\u00f6nlannin ostamisesta. My\u00f6sk\u00e4\u00e4n sotilasvoiman k\u00e4ytt\u00f6\u00e4 ei ole haluttu sulkea pois.<\/p>\n<p class=\"article-body mb-nof-24 px-nof-16\">Venezuelaan Yhdysvallat puolestaan teki laajan iskun, jonka seurauksena diktaattori <a class=\"font-bold underline-offset-[0.12em] [text-decoration:var(--person-link-text-decoration)] ![text-decoration-color:var(--person-link-text-decoration-color)]\" href=\"https:\/\/www.hs.fi\/haku\/?query=Nicol%C3%A1s%20Maduro\" rel=\"nofollow noopener\" target=\"_blank\">Nicol\u00e1s Maduro<\/a> otettiin kiinni ja lenn\u00e4tettiin pois maasta. Maduroa syytet\u00e4\u00e4n muun muassa \u201dhuumeterrorismista\u201d, mutta huumeisiin liittyv\u00e4\u00e4 <a class=\"underline underline-offset-[0.12em] [text-decoration-thickness:var(--generic-link-underline-thickness)] [text-decoration-color:var(--generic-link-underline-color)] [text-decoration-skip-ink:var(--generic-link-underline-skip-ink)] break-words\" href=\"https:\/\/www.hs.fi\/politiikka\/art-2000011728614.html\" rel=\"nofollow noopener\" target=\"_blank\">perustelua on pidetty kyseenalaisena<\/a> ja iskua kansainv\u00e4lisen oikeuden vastaisena.<\/p>\n<p class=\"article-body mb-nof-24 px-nof-16\">Valtonen ei kysytt\u00e4ess\u00e4 suostunut tuomitsemaan suoraan Trumpin hallinnon toimia Venezuelassa ja sen puheita Gr\u00f6nlannin haltuun ottamisesta.<\/p>\n<p class=\"article-body mb-nof-24 px-nof-16\">Suomi perustaa koko ulko- ja turvallisuuspolitiikkansa kansainv\u00e4liselle oikeudelle ja YK:n peruskirjan noudattamiseen, Valtonen sanoi.<\/p>\n<p class=\"article-body mb-nof-24 px-nof-16\">Kysytt\u00e4ess\u00e4 viel\u00e4, tarkoittaako t\u00e4m\u00e4, ett\u00e4 Suomi tuomitsee sen, mit\u00e4 Venezuelassa ja Gr\u00f6nlannissa tapahtuu, Valtonen vain kiitti lehdist\u00f6tilaisuudesta.<\/p>\n<p class=\"article-body mb-nof-24 px-nof-16\">H\u00e4n ei antanut suoraa vastausta my\u00f6sk\u00e4\u00e4n kysymykseen siit\u00e4, olivatko Yhdysvaltojen toimet Venezuelassa kansainv\u00e4lisen oikeuden vastaisia.<\/p>\n<p class=\"article-body mb-nof-24 px-nof-16\">Valtonen sanoi, ett\u00e4 Suomi on osana EU:ta seurannut Yhdysvaltojen operaatiota Venezuelassa.<\/p>\n<p class=\"article-body mb-nof-24 px-nof-16\">\u201dOlemme kyll\u00e4 t\u00e4ysin yksituumaisia siin\u00e4, ett\u00e4 kaikessa ulko- ja turvallisuuspolitiikan toiminnassa tulee noudattaa kansainv\u00e4list\u00e4 oikeutta.\u201d<\/p>\n<p class=\"article-body mb-nof-24 px-nof-16\">Koskinen sanoi omassa puheenvuorossaan, ett\u00e4 Yhdysvaltojen toimet Venezuelassa ovat kansainv\u00e4lisen oikeuden vastaisia. H\u00e4n viittasi samalla siihen, ett\u00e4 Maduron diktatuuriin ja siihen, ett\u00e4 menneiden vaalien tuloksia ei ole noudatettu.<\/p>\n<p class=\"article-body mb-nof-24 px-nof-16\">H\u00e4n kannusti my\u00f6s tuomitsemaan kansainv\u00e4lisen oikeuden vastaiset toimet mahdollisimman suorasanaisesti.<\/p>\n<p class=\"article-body mb-nof-24 px-nof-16\">\u201dT\u00e4llainen yleinen toivomus ja odotus on, ett\u00e4 mahdollisimman selv\u00e4sti todetaan, jos joku maa toimii kansainv\u00e4lisen oikeuden vastaisesti ja toisaalta sitten haetaan niit\u00e4 keinoja, joilla siihen voidaan oikaisevasti puuttua\u201d, h\u00e4n sanoi valiokunnassa k\u00e4ytyyn keskusteluun liittyen.<\/p>\n<p class=\"article-body mb-nof-24 px-nof-16\">Gr\u00f6nlantiin viitaten Koskinen sanoi, ett\u00e4 on ennenn\u00e4kem\u00e4t\u00f6nt\u00e4, ett\u00e4 Naton sis\u00e4ll\u00e4 uhataan YK:n peruskirjan peruskirjan vastaisesti jopa v\u00e4kivaltaisilla toimilla toista liittokunnan j\u00e4sent\u00e4 alueiden valloittamiseksi.<\/p>\n<p class=\"article-body mb-nof-24 px-nof-16\">\u201dOn syyt\u00e4 kaikilla tasoilla korostaa t\u00e4t\u00e4 kansainv\u00e4lisen oikeuden vastaisuutta.\u201d<\/p>\n<p class=\"article-body mb-nof-24 px-nof-16\">Lue lis\u00e4\u00e4: <a class=\"underline underline-offset-[0.12em] [text-decoration-thickness:var(--generic-link-underline-thickness)] [text-decoration-color:var(--generic-link-underline-color)] [text-decoration-skip-ink:var(--generic-link-underline-skip-ink)] break-words\" href=\"https:\/\/www.hs.fi\/maailma\/art-2000011735109.html\" rel=\"nofollow noopener\" target=\"_blank\">Valkoinen talo: Trump keskustelee tiimins\u00e4 kanssa Gr\u00f6nlannin ostamisesta<\/a><\/p>\n<p class=\"article-body mb-nof-24 px-nof-16\">Lue lis\u00e4\u00e4: <a class=\"underline underline-offset-[0.12em] [text-decoration-thickness:var(--generic-link-underline-thickness)] [text-decoration-color:var(--generic-link-underline-color)] [text-decoration-skip-ink:var(--generic-link-underline-skip-ink)] break-words\" href=\"https:\/\/www.hs.fi\/alueet\/art-2000011733736.html\" rel=\"nofollow noopener\" target=\"_blank\">Gr\u00f6nlantilaisia yritet\u00e4\u00e4n yh\u00e4 kovemmin uskotella ajattelemaan, ett\u00e4 he haluaisivat olla amerikkalaisia, uskoo kansan\u00adedustaja<\/a><\/p>\n<p class=\"article-body mb-nof-24 px-nof-16\">Lue lis\u00e4\u00e4: <a class=\"underline underline-offset-[0.12em] [text-decoration-thickness:var(--generic-link-underline-thickness)] [text-decoration-color:var(--generic-link-underline-color)] [text-decoration-skip-ink:var(--generic-link-underline-skip-ink)] break-words\" href=\"https:\/\/www.hs.fi\/kirjeenvaihtajat\/art-2000011733376.html\" rel=\"nofollow noopener\" target=\"_blank\">Gr\u00f6nlannin kuvio muuttuu, kun aletaan puhua rahasta<\/a><\/p>\n<p class=\"article-body mb-nof-24 px-nof-16\">Lue lis\u00e4\u00e4: <a class=\"underline underline-offset-[0.12em] [text-decoration-thickness:var(--generic-link-underline-thickness)] [text-decoration-color:var(--generic-link-underline-color)] [text-decoration-skip-ink:var(--generic-link-underline-skip-ink)] break-words\" href=\"https:\/\/www.hs.fi\/maailma\/art-2000011732840.html\" rel=\"nofollow noopener\" target=\"_blank\">Venezuela toimittaa Yhdys\u00advalloille miljoonia tynnyreit\u00e4 \u00f6ljy\u00e4, v\u00e4itt\u00e4\u00e4 Trump<\/a><\/p>\n<p class=\"article-body mb-nof-24 px-nof-16\">Lue lis\u00e4\u00e4: <a class=\"underline underline-offset-[0.12em] [text-decoration-thickness:var(--generic-link-underline-thickness)] [text-decoration-color:var(--generic-link-underline-color)] [text-decoration-skip-ink:var(--generic-link-underline-skip-ink)] break-words\" href=\"https:\/\/www.hs.fi\/politiikka\/art-2000011733175.html\" rel=\"nofollow noopener\" target=\"_blank\">Johannes Koskinen: suomalais\u00adjoukkojen l\u00e4hett\u00e4minen ei ensimm\u00e4inen ajatus<\/a><\/p>\n<p class=\"article-body mb-nof-24 px-nof-16\">Lue lis\u00e4\u00e4: <a class=\"underline underline-offset-[0.12em] [text-decoration-thickness:var(--generic-link-underline-thickness)] [text-decoration-color:var(--generic-link-underline-color)] [text-decoration-skip-ink:var(--generic-link-underline-skip-ink)] break-words\" href=\"https:\/\/www.hs.fi\/maailma\/art-2000011735021.html\" rel=\"nofollow noopener\" target=\"_blank\">Trumpin \u201dkuiskaaja\u201d Miller sai Gr\u00f6nlanti-puheillaan Stubbinkin tuohtumaan<\/a><\/p>\n<p class=\"article-body nof-ui-body-medium mb-nof-24 px-nof-16\">Oikaisu klo 15:43: Johannes Koskisen edustaa Sdp:t\u00e4, ei kokoomusta. Nimen yhteydess\u00e4 oli jutun aiemmassa versiossa v\u00e4\u00e4r\u00e4 puoluelyhenne. <\/p>\n","protected":false},"excerpt":{"rendered":"Yhdysvallat|Ulkoministeri Elina Valtonen sanoo, ettei Yhdysvaltojen sotilaallisesta toiminnasta Gr\u00f6nlannin haltuun ottamiseksi ole viitteit\u00e4. Ulkoministeri Elina Valtonen (kok) sanoo,&hellip;\n","protected":false},"author":2,"featured_media":136813,"comment_status":"","ping_status":"","sticky":false,"template":"","format":"standard","meta":{"footnotes":""},"categories":[14],"tags":[22,23,26,27,33,31,30,17,46,24,25,28,29,15,18,21,32,19,20,56,16,59,60,61],"class_list":{"0":"post-136812","1":"post","2":"type-post","3":"status-publish","4":"format-standard","5":"has-post-thumbnail","7":"category-ulkomaat","8":"tag-breaking-news","9":"tag-breakingnews","10":"tag-featured-news","11":"tag-featurednews","12":"tag-fi","13":"tag-finland","14":"tag-finnish","15":"tag-headlines","16":"tag-helsingin-sanomat","17":"tag-latest-news","18":"tag-latestnews","19":"tag-main-news","20":"tag-mainnews","21":"tag-news","22":"tag-otsikot","23":"tag-paauutiset","24":"tag-suomi","25":"tag-top-stories","26":"tag-topstories","27":"tag-ulkomaat","28":"tag-uutiset","29":"tag-world","30":"tag-world-news","31":"tag-worldnews"},"share_on_mastodon":{"url":"https:\/\/pubeurope.com\/@fi\/115859922923237072","error":""},"_links":{"self":[{"href":"https:\/\/www.europesays.com\/fi\/wp-json\/wp\/v2\/posts\/136812","targetHints":{"allow":["GET"]}}],"collection":[{"href":"https:\/\/www.europesays.com\/fi\/wp-json\/wp\/v2\/posts"}],"about":[{"href":"https:\/\/www.europesays.com\/fi\/wp-json\/wp\/v2\/types\/post"}],"author":[{"embeddable":true,"href":"https:\/\/www.europesays.com\/fi\/wp-json\/wp\/v2\/users\/2"}],"replies":[{"embeddable":true,"href":"https:\/\/www.europesays.com\/fi\/wp-json\/wp\/v2\/comments?post=136812"}],"version-history":[{"count":0,"href":"https:\/\/www.europesays.com\/fi\/wp-json\/wp\/v2\/posts\/136812\/revisions"}],"wp:featuredmedia":[{"embeddable":true,"href":"https:\/\/www.europesays.com\/fi\/wp-json\/wp\/v2\/media\/136813"}],"wp:attachment":[{"href":"https:\/\/www.europesays.com\/fi\/wp-json\/wp\/v2\/media?parent=136812"}],"wp:term":[{"taxonomy":"category","embeddable":true,"href":"https:\/\/www.europesays.com\/fi\/wp-json\/wp\/v2\/categories?post=136812"},{"taxonomy":"post_tag","embeddable":true,"href":"https:\/\/www.europesays.com\/fi\/wp-json\/wp\/v2\/tags?post=136812"}],"curies":[{"name":"wp","href":"https:\/\/api.w.org\/{rel}","templated":true}]}}