{"id":136814,"date":"2026-01-08T14:21:08","date_gmt":"2026-01-08T14:21:08","guid":{"rendered":"https:\/\/www.europesays.com\/fi\/136814\/"},"modified":"2026-01-08T14:21:08","modified_gmt":"2026-01-08T14:21:08","slug":"ylen-tiedot-vuosia-pimeana-olleesta-henkirikoksesta-nostettu-syyte-27-vuotiasta-miesta-ammuttiin-paahan-kangasalla-kotimaa","status":"publish","type":"post","link":"https:\/\/www.europesays.com\/fi\/136814\/","title":{"rendered":"Ylen tiedot: vuosia pime\u00e4n\u00e4 olleesta henkirikoksesta nostettu syyte \u2013 27-vuotiasta miest\u00e4 ammuttiin p\u00e4\u00e4h\u00e4n Kangasalla | Kotimaa"},"content":{"rendered":"<p class=\"aw-1gybjub aw-5vja16 kEtdKx kmuxyA yle__article__paragraph\">Ep\u00e4ilty henkirikos tapahtui Pirkanmaan Kangasalla vuonna 2019. Tapaus on ollut mysteeri useita vuosia. Nyt yht\u00e4 miest\u00e4 syytet\u00e4\u00e4n taposta.<\/p>\n<p><img decoding=\"async\" alt=\"Kartta Kangasala sijainnista Pirkanmaalla.\" src=\"https:\/\/www.europesays.com\/fi\/wp-content\/uploads\/2026\/01\/39-153778968edebacb6e51.jpeg\" class=\"aw-1l9m598 hKVVvP\"\/><\/p>\n<p>Avaa kuvien katselu<\/p>\n<p>Henkirikos tapahtui Pirkanmaan Kangasalla kes\u00e4kuussa 2019. Kuva: Antti Eintola \/ Yle, Openstreetmap, Mapcreator<\/p>\n<p class=\"aw-1gybjub aw-1p7kakr kEtdKx cEmitX yle__article__paragraph\">Ylen tietojen mukaan useita vuosia tutkinnassa olleesta, Kangasalla tapahtuneesta henkirikoksesta on nostettu syyte nimikkeell\u00e4 tappo.<\/p>\n<p class=\"aw-1gybjub aw-1p7kakr kEtdKx cEmitX yle__article__paragraph\">Syytteen noston vahvistaa tapauksen syytt\u00e4j\u00e4. Syyte on nostettu yht\u00e4 henkil\u00f6\u00e4 vastaan.<\/p>\n<p class=\"aw-1gybjub aw-1p7kakr kEtdKx cEmitX yle__article__paragraph\">Ep\u00e4ilty henkirikos tapahtui Kangasalan Sahalahdessa 12. kes\u00e4kuuta vuonna 2019.<\/p>\n<p class=\"aw-1gybjub aw-1p7kakr kEtdKx cEmitX yle__article__paragraph\">Uhri oli vuonna 1992 syntynyt kangasalalainen mies. H\u00e4n l\u00f6ytyi p\u00e4\u00e4h\u00e4n ammuttuna omakotitalosta ja kuoli my\u00f6hemmin sairaalassa. Ylen tietojen mukaan kyseess\u00e4 on ollut teloituksen tapainen henkirikos.<\/p>\n<p class=\"aw-1gybjub aw-1p7kakr kEtdKx cEmitX yle__article__paragraph\">Aiemmin henkirikoksesta on uutisoinut esimerkiksi <a class=\"aw-iao6s4 iHOxEa yle__article__link\" href=\"https:\/\/www.mtvuutiset.fi\/artikkeli\/27-vuotias-mies-surmattiin-paahan-ampumalla-kangasalla-kaksi-vuotta-on-kulunut-mutta-tekija-on-yha-vapaana\/8164438\" role=\"link\" rel=\"nofollow noopener\" target=\"_blank\">MTV<\/a> ja <a class=\"aw-iao6s4 iHOxEa yle__article__link\" href=\"https:\/\/www.aamulehti.fi\/rikos\/art-2000011540386.html\" role=\"link\" rel=\"nofollow noopener\" target=\"_blank\">Aamulehti<\/a>.<\/p>\n<p class=\"aw-1gybjub aw-1p7kakr kEtdKx cEmitX yle__article__paragraph\">Poliisi ei alkuun tiedottanut tapahtuneesta. MTV julkaisi aiheesta <a class=\"aw-iao6s4 iHOxEa yle__article__link\" href=\"https:\/\/www.mtvuutiset.fi\/artikkeli\/poliisilla-vaiettu-henkirikostutkinta-pirkanmaalla-miesta-ammuttiin-kesakuussa-paahan-tutkinta-jatkuu-yha\/7699894\" role=\"link\" rel=\"nofollow noopener\" target=\"_blank\">uutisen<\/a> yli puoli vuotta tapahtuneesta.<\/p>\n<p class=\"aw-1gybjub aw-1p7kakr kEtdKx cEmitX yle__article__paragraph\">Aamulehden tietojen mukaan ep\u00e4ilyll\u00e4 henkirikospaikalla olleet sanoivat, ett\u00e4 27-vuotias mies olisi ampunut itsens\u00e4. Luodin osumapaikka oli kuitenkin itsens\u00e4 vahingoittamiseen ep\u00e4tyypillinen.<\/p>\n<p class=\"aw-1gybjub aw-1p7kakr kEtdKx cEmitX yle__article__paragraph\">Aamulehti kertoo my\u00f6s, ett\u00e4 poliisi k\u00e4ytti k\u00e4ytti salaisia pakkokeinoja ja kuunteli usean henkil\u00f6n puhelimia henkirikostutkinnassa. Pakkokeinoja haettiin useita kertoja.<\/p>\n<p class=\"aw-1gybjub aw-1p7kakr kEtdKx cEmitX yle__article__paragraph\">Ylen tietojen mukaan poliisilla oli alusta saakka yksi ep\u00e4ilty. Poliisi on ollut hyvin vaitoinainen tutkinnasta ja se on ollut usealle eri tutkinnanjohtajalla.<\/p>\n<p class=\"aw-1gybjub aw-1p7kakr kEtdKx cEmitX yle__article__paragraph\">Tyypillisesti henkirikoksen tekij\u00e4 selvi\u00e4\u00e4 nopeasti poliisille. Sis\u00e4-Suomen poliisi on tutkinut Kangasalan tapausta useiden vuosien ajan.<\/p>\n<p class=\"aw-1gybjub aw-1p7kakr kEtdKx cEmitX yle__article__paragraph\">8.1.2026 kello 15.33: artikkelia p\u00e4ivitetty kauttaaltaan.<\/p>\n","protected":false},"excerpt":{"rendered":"Ep\u00e4ilty henkirikos tapahtui Pirkanmaan Kangasalla vuonna 2019. Tapaus on ollut mysteeri useita vuosia. Nyt yht\u00e4 miest\u00e4 syytet\u00e4\u00e4n taposta.&hellip;\n","protected":false},"author":2,"featured_media":136815,"comment_status":"","ping_status":"","sticky":false,"template":"","format":"standard","meta":{"footnotes":""},"categories":[12],"tags":[22,23,26,27,33,31,30,17,4918,3815,71,24,25,28,29,15,18,21,553,581,1263,32,6494,19999,19,20,16],"class_list":{"0":"post-136814","1":"post","2":"type-post","3":"status-publish","4":"format-standard","5":"has-post-thumbnail","7":"category-suomi","8":"tag-breaking-news","9":"tag-breakingnews","10":"tag-featured-news","11":"tag-featurednews","12":"tag-fi","13":"tag-finland","14":"tag-finnish","15":"tag-headlines","16":"tag-henkirikokset","17":"tag-kangasala","18":"tag-kotimaa","19":"tag-latest-news","20":"tag-latestnews","21":"tag-main-news","22":"tag-mainnews","23":"tag-news","24":"tag-otsikot","25":"tag-paauutiset","26":"tag-pirkanmaa","27":"tag-rikokset","28":"tag-rikosepailyt","29":"tag-suomi","30":"tag-syyteharkinta","31":"tag-tappo","32":"tag-top-stories","33":"tag-topstories","34":"tag-uutiset"},"share_on_mastodon":{"url":"https:\/\/pubeurope.com\/@fi\/115859926865558226","error":""},"_links":{"self":[{"href":"https:\/\/www.europesays.com\/fi\/wp-json\/wp\/v2\/posts\/136814","targetHints":{"allow":["GET"]}}],"collection":[{"href":"https:\/\/www.europesays.com\/fi\/wp-json\/wp\/v2\/posts"}],"about":[{"href":"https:\/\/www.europesays.com\/fi\/wp-json\/wp\/v2\/types\/post"}],"author":[{"embeddable":true,"href":"https:\/\/www.europesays.com\/fi\/wp-json\/wp\/v2\/users\/2"}],"replies":[{"embeddable":true,"href":"https:\/\/www.europesays.com\/fi\/wp-json\/wp\/v2\/comments?post=136814"}],"version-history":[{"count":0,"href":"https:\/\/www.europesays.com\/fi\/wp-json\/wp\/v2\/posts\/136814\/revisions"}],"wp:featuredmedia":[{"embeddable":true,"href":"https:\/\/www.europesays.com\/fi\/wp-json\/wp\/v2\/media\/136815"}],"wp:attachment":[{"href":"https:\/\/www.europesays.com\/fi\/wp-json\/wp\/v2\/media?parent=136814"}],"wp:term":[{"taxonomy":"category","embeddable":true,"href":"https:\/\/www.europesays.com\/fi\/wp-json\/wp\/v2\/categories?post=136814"},{"taxonomy":"post_tag","embeddable":true,"href":"https:\/\/www.europesays.com\/fi\/wp-json\/wp\/v2\/tags?post=136814"}],"curies":[{"name":"wp","href":"https:\/\/api.w.org\/{rel}","templated":true}]}}