{"id":136816,"date":"2026-01-08T14:22:03","date_gmt":"2026-01-08T14:22:03","guid":{"rendered":"https:\/\/www.europesays.com\/fi\/136816\/"},"modified":"2026-01-08T14:22:03","modified_gmt":"2026-01-08T14:22:03","slug":"senioritalo-kipparintorni-2-valmistuu-kesalla-asunnot-haettavissa-12-1-2026-alkaen","status":"publish","type":"post","link":"https:\/\/www.europesays.com\/fi\/136816\/","title":{"rendered":"Senioritalo Kipparintorni 2 valmistuu kes\u00e4ll\u00e4 \u2013 asunnot haettavissa 12.1.2026 alkaen"},"content":{"rendered":"<p>\ttorstaina 8. tammikuuta 2026<\/p>\n<p>Senioritalo Kipparintorni 2 valmistuu kes\u00e4ll\u00e4 2026 ja ensimm\u00e4iset asukkaat p\u00e4\u00e4sev\u00e4t muuttamaan hein\u00e4kuun alussa 1.7. Hakemuksia asuntoihin otetaan vastaan 12.1.2026 alkaen. Viimeist\u00e4\u00e4n 16.3.2026 tehdyt hakemukset ovat mukana ensimm\u00e4isi\u00e4 asukasvalintoja teht\u00e4ess\u00e4. <\/p>\n<p>Asuntohakemuksen voi tehd\u00e4 s\u00e4hk\u00f6isen\u00e4 osoitteessa <a href=\"https:\/\/savonlinnanasuntopalvelu.fi\/\" rel=\"nofollow noopener\" target=\"_blank\">savut.fi<\/a>. Voit my\u00f6s pyyt\u00e4\u00e4 paperisen hakulomakkeen puhelimitse 015 550 110 tai s\u00e4hk\u00f6postilla osoitteesta <a href=\"https:\/\/www.savonlinna.fi\/senioritalo-kipparintorni-2-valmistuu-kesalla-asunnot-haettavissa-12-1-2026-alkaen\/mailto:asuntopalvelu@savut.fi\" rel=\"nofollow noopener\" target=\"_blank\">asuntopalvelu@savut.fi<\/a>.<\/p>\n<p>Senioritalo Kipparintorni rakennetaan entisen syv\u00e4sataman alueelle osoitteeseen Kipparinkatu 19. Senioritaloon tulee 36 asuntoa, joista puolet on yksi\u00f6it\u00e4 ja puolet kaksioita. <\/p>\n<p>Talon kokonaisala on hieman yli 2000 m2 ja kerroksia on seitsem\u00e4n. Kokonaisbudjetti on n. 6,5 miljoonaa euroa. Rahoitus hankkeelle tulee Valtion tukeman asuntorakentamisen keskukselta (VARKE) osin erityisryhmien investointiavustuksena ja osin korkotukilainana.<\/p>\n<p>Lis\u00e4tietoja antaa Savonlinnan Vuokratalot Oy:n toimitusjohtaja Hannu Kurki, p. 044 358 3820, <a href=\"https:\/\/www.savonlinna.fi\/senioritalo-kipparintorni-2-valmistuu-kesalla-asunnot-haettavissa-12-1-2026-alkaen\/mailto:hannu.kurki@savut.fi\" rel=\"nofollow noopener\" target=\"_blank\">hannu.kurki@savut.fi<\/a><\/p>\n<p><img fetchpriority=\"high\" decoding=\"async\" width=\"793\" height=\"695\" src=\"https:\/\/www.europesays.com\/fi\/wp-content\/uploads\/2026\/01\/image.png\" alt=\"\" class=\"wp-image-75235\"  \/>Havainnekuva senioritalo Kipparintorni 2:sta.<\/p>\n","protected":false},"excerpt":{"rendered":"torstaina 8. tammikuuta 2026 Senioritalo Kipparintorni 2 valmistuu kes\u00e4ll\u00e4 2026 ja ensimm\u00e4iset asukkaat p\u00e4\u00e4sev\u00e4t muuttamaan hein\u00e4kuun alussa 1.7.&hellip;\n","protected":false},"author":2,"featured_media":136817,"comment_status":"","ping_status":"","sticky":false,"template":"","format":"standard","meta":{"footnotes":""},"categories":[5],"tags":[22,23,26,27,33,31,30,17,24,25,28,29,15,18,21,32,19,20,16],"class_list":{"0":"post-136816","1":"post","2":"type-post","3":"status-publish","4":"format-standard","5":"has-post-thumbnail","7":"category-otsikot","8":"tag-breaking-news","9":"tag-breakingnews","10":"tag-featured-news","11":"tag-featurednews","12":"tag-fi","13":"tag-finland","14":"tag-finnish","15":"tag-headlines","16":"tag-latest-news","17":"tag-latestnews","18":"tag-main-news","19":"tag-mainnews","20":"tag-news","21":"tag-otsikot","22":"tag-paauutiset","23":"tag-suomi","24":"tag-top-stories","25":"tag-topstories","26":"tag-uutiset"},"share_on_mastodon":{"url":"https:\/\/pubeurope.com\/@fi\/115859930723680567","error":""},"_links":{"self":[{"href":"https:\/\/www.europesays.com\/fi\/wp-json\/wp\/v2\/posts\/136816","targetHints":{"allow":["GET"]}}],"collection":[{"href":"https:\/\/www.europesays.com\/fi\/wp-json\/wp\/v2\/posts"}],"about":[{"href":"https:\/\/www.europesays.com\/fi\/wp-json\/wp\/v2\/types\/post"}],"author":[{"embeddable":true,"href":"https:\/\/www.europesays.com\/fi\/wp-json\/wp\/v2\/users\/2"}],"replies":[{"embeddable":true,"href":"https:\/\/www.europesays.com\/fi\/wp-json\/wp\/v2\/comments?post=136816"}],"version-history":[{"count":0,"href":"https:\/\/www.europesays.com\/fi\/wp-json\/wp\/v2\/posts\/136816\/revisions"}],"wp:featuredmedia":[{"embeddable":true,"href":"https:\/\/www.europesays.com\/fi\/wp-json\/wp\/v2\/media\/136817"}],"wp:attachment":[{"href":"https:\/\/www.europesays.com\/fi\/wp-json\/wp\/v2\/media?parent=136816"}],"wp:term":[{"taxonomy":"category","embeddable":true,"href":"https:\/\/www.europesays.com\/fi\/wp-json\/wp\/v2\/categories?post=136816"},{"taxonomy":"post_tag","embeddable":true,"href":"https:\/\/www.europesays.com\/fi\/wp-json\/wp\/v2\/tags?post=136816"}],"curies":[{"name":"wp","href":"https:\/\/api.w.org\/{rel}","templated":true}]}}