{"id":136824,"date":"2026-01-08T14:41:07","date_gmt":"2026-01-08T14:41:07","guid":{"rendered":"https:\/\/www.europesays.com\/fi\/136824\/"},"modified":"2026-01-08T14:41:07","modified_gmt":"2026-01-08T14:41:07","slug":"futsalmaajoukkueen-paavalmentaja-gargelli-jattaa-tehtavansa","status":"publish","type":"post","link":"https:\/\/www.europesays.com\/fi\/136824\/","title":{"rendered":"Futsalmaajoukkueen p\u00e4\u00e4valmentaja Gargelli j\u00e4tt\u00e4\u00e4 teht\u00e4v\u00e4ns\u00e4"},"content":{"rendered":"<p data-typesense-field=\"text\">Miesten futsalmaajoukkueen p\u00e4\u00e4valmentaja\u00a0<strong>Sergio Gargelli<\/strong>\u00a0on ilmoittanut j\u00e4tt\u00e4v\u00e4ns\u00e4 teht\u00e4v\u00e4ns\u00e4 henkil\u00f6kohtaisten syiden vuoksi. Italialaisvalmentaja on luotsannut maajoukkuetta vuodesta 2022 asti, ja h\u00e4nen nykyinen sopimuksensa sis\u00e4lsi<strong>\u00a0<\/strong>karsinnat vuoden 2028 MM-kisoihin ja mahdollisen MM-lopputurnauksen.<\/p>\n<p data-typesense-field=\"text\">P\u00e4\u00e4t\u00f6ksen taustalla on tarve palata Italiaan perhesyist\u00e4. Gargelli kertoo, ett\u00e4 l\u00e4hipiiriss\u00e4 ilmenneiden vakavien terveysongelmien vuoksi h\u00e4nen on oltava l\u00e4sn\u00e4 kotimaassaan.<\/p>\n<p data-typesense-field=\"text\">P\u00e4\u00e4t\u00f6s her\u00e4tt\u00e4\u00e4 futsalyhteis\u00f6ss\u00e4 sek\u00e4 haikeutta ett\u00e4 ymm\u00e4rryst\u00e4. Gargellin viimeiseksi otteluksi Suomen per\u00e4simess\u00e4 j\u00e4\u00e4 21. joulukuuta 2025 pelattu maaottelu Italiaa vastaan, jossa Suomi ylsi upeasti tasapeliin futsalin mahtimaata vastaan.<\/p>\n<p data-typesense-field=\"text\">Palloliitto kiit\u00e4\u00e4 p\u00e4\u00e4valmentajaa h\u00e4nen panoksestaan ja omistautumisestaan.<\/p>\n<p data-typesense-field=\"text\">\u2013 Olemme todella kiitollisia kaikesta ty\u00f6st\u00e4, jota Sergio on tehnyt suomalaisen futsalin eteen. H\u00e4n toi mukanaan valtavasti ammattitaitoa, n\u00e4kemyst\u00e4 ja intohimoa. Ymm\u00e4rr\u00e4mme t\u00e4ysin, ett\u00e4 perhe menee urheilun edelle, ja toivotamme h\u00e4nelle voimia ja kaikkea hyv\u00e4\u00e4 tulevaan, Palloliiton puheenjohtaja\u00a0<strong>Ari Lahti<\/strong>\u00a0toteaa.<\/p>\n<p data-typesense-field=\"text\">\u2013 Sergio on tehnyt hyv\u00e4\u00e4 ty\u00f6t\u00e4 p\u00e4\u00e4valmentajana viimeisen kolmen vuoden aikana, ja jatkoimme h\u00e4nen sopimustaan mielell\u00e4mme kes\u00e4kuussa 2025. H\u00e4n on onnistuneesti tuonut nuoria pelaajia mukaan A-maajoukkueeseen ja vahvistanut futsalin kehityst\u00e4 Suomessa. Palloliitto kiitt\u00e4\u00e4 Sergiota h\u00e4nen panoksestaan, Palloliiton urheilutoimenjohtaja\u00a0<strong>Aki Hyryl\u00e4inen\u00a0<\/strong>sanoo.<\/p>\n<p data-typesense-field=\"text\">Vaikka maajoukkueen kannalta tilanne on haastava, valmistautuminen tuleviin maaotteluihin ja MM-karsintoihin jatkuu suunnitellusti. Palloliitto k\u00e4ynnist\u00e4\u00e4 uuden p\u00e4\u00e4valmentajan rekrytointiprosessin v\u00e4litt\u00f6m\u00e4sti. Ennen uuden p\u00e4\u00e4valmentajan kiinnityst\u00e4 futsalmaajoukkueen p\u00e4\u00e4valmentajana toimii Palloliiton huippufutsalp\u00e4\u00e4llikk\u00f6 ja poikien U19-maajoukkueen valmentaja\u00a0<strong>Kerkko Huhtanen<\/strong>.<\/p>\n<p>\u00a0<strong>Haikeat j\u00e4\u00e4hyv\u00e4iset<\/strong><\/p>\n<p data-typesense-field=\"text\">Gargelli itse kuvaa p\u00e4\u00e4t\u00f6st\u00e4\u00e4n eritt\u00e4in raskaaksi. H\u00e4n kertoo Suomessa vietettyjen vuosien olleen ainutlaatuisia sek\u00e4 ammatillisesti ett\u00e4 henkil\u00f6kohtaisesti.<\/p>\n<p data-typesense-field=\"text\">\u2013 T\u00e4m\u00e4 matka on ollut todella uskomaton. T\u00e4ynn\u00e4 tunteita, n\u00e4in erityisess\u00e4 maassa. Suomi otti perheeni ja minut l\u00e4mpim\u00e4sti vastaan. T\u00e4\u00e4ll\u00e4 lapsestani kasvoi nuori poika, ja t\u00e4\u00e4ll\u00e4 sain kunnian ty\u00f6skennell\u00e4 \u00e4\u00e4rimm\u00e4isen vaativan ja sitoutuneen pelaajaryhm\u00e4n kanssa, joka teki minusta joka p\u00e4iv\u00e4 paremman valmentajan, Gargelli sanoo.<\/p>\n<p data-typesense-field=\"text\">Valmentaja kiitt\u00e4\u00e4 syv\u00e4sti taustaryhm\u00e4\u00e4ns\u00e4, mutta kaikkein l\u00e4mpimimm\u00e4t sanat h\u00e4n osoittaa pelaajilleen.<\/p>\n<p data-typesense-field=\"text\">\u2013 Ensimm\u00e4inen ja syvin kiitokseni kuuluu taustaryhm\u00e4lleni. Saitte minut tuntemaan tukenne erityisesti vaikeimpina hetkin\u00e4. En unohda sit\u00e4 koskaan. Pelaajat taas ovat t\u00e4m\u00e4n tarinan todelliset p\u00e4\u00e4henkil\u00f6t. Kuten jokaisessa perheess\u00e4, my\u00f6s meill\u00e4 oli vaikeita hetki\u00e4, mutta aina sama p\u00e4\u00e4m\u00e4\u00e4r\u00e4: tehd\u00e4 kaikkemme Suomen puolesta ja jahdata unelmaa MM-kisoista.<\/p>\n<p data-typesense-field=\"text\">Gargelli j\u00e4\u00e4tt\u00e4 suomalaiselle futsalyhteis\u00f6lle tunteikkaat kiitokset.<\/p>\n<p data-typesense-field=\"text\">\u2013 Haluan kiitt\u00e4\u00e4 my\u00f6s kaikkia kannattajia, jotka seurasivat meit\u00e4, tukivat meit\u00e4 ja eiv\u00e4t koskaan j\u00e4tt\u00e4neet meit\u00e4 yksin. Suomella on aina erityinen paikka syd\u00e4mess\u00e4ni. Kiitos kaikesta. Kunnioituksella ja kiitollisuudella, Gargelli p\u00e4\u00e4tt\u00e4\u00e4.<\/p>\n","protected":false},"excerpt":{"rendered":"Miesten futsalmaajoukkueen p\u00e4\u00e4valmentaja\u00a0Sergio Gargelli\u00a0on ilmoittanut j\u00e4tt\u00e4v\u00e4ns\u00e4 teht\u00e4v\u00e4ns\u00e4 henkil\u00f6kohtaisten syiden vuoksi. Italialaisvalmentaja on luotsannut maajoukkuetta vuodesta 2022 asti, ja&hellip;\n","protected":false},"author":2,"featured_media":136825,"comment_status":"","ping_status":"","sticky":false,"template":"","format":"standard","meta":{"footnotes":""},"categories":[158],"tags":[33,31,30,159,32,160],"class_list":{"0":"post-136824","1":"post","2":"type-post","3":"status-publish","4":"format-standard","5":"has-post-thumbnail","7":"category-urheilu","8":"tag-fi","9":"tag-finland","10":"tag-finnish","11":"tag-sports","12":"tag-suomi","13":"tag-urheilu"},"share_on_mastodon":{"url":"https:\/\/pubeurope.com\/@fi\/115860005458015586","error":""},"_links":{"self":[{"href":"https:\/\/www.europesays.com\/fi\/wp-json\/wp\/v2\/posts\/136824","targetHints":{"allow":["GET"]}}],"collection":[{"href":"https:\/\/www.europesays.com\/fi\/wp-json\/wp\/v2\/posts"}],"about":[{"href":"https:\/\/www.europesays.com\/fi\/wp-json\/wp\/v2\/types\/post"}],"author":[{"embeddable":true,"href":"https:\/\/www.europesays.com\/fi\/wp-json\/wp\/v2\/users\/2"}],"replies":[{"embeddable":true,"href":"https:\/\/www.europesays.com\/fi\/wp-json\/wp\/v2\/comments?post=136824"}],"version-history":[{"count":0,"href":"https:\/\/www.europesays.com\/fi\/wp-json\/wp\/v2\/posts\/136824\/revisions"}],"wp:featuredmedia":[{"embeddable":true,"href":"https:\/\/www.europesays.com\/fi\/wp-json\/wp\/v2\/media\/136825"}],"wp:attachment":[{"href":"https:\/\/www.europesays.com\/fi\/wp-json\/wp\/v2\/media?parent=136824"}],"wp:term":[{"taxonomy":"category","embeddable":true,"href":"https:\/\/www.europesays.com\/fi\/wp-json\/wp\/v2\/categories?post=136824"},{"taxonomy":"post_tag","embeddable":true,"href":"https:\/\/www.europesays.com\/fi\/wp-json\/wp\/v2\/tags?post=136824"}],"curies":[{"name":"wp","href":"https:\/\/api.w.org\/{rel}","templated":true}]}}