{"id":136826,"date":"2026-01-08T14:42:10","date_gmt":"2026-01-08T14:42:10","guid":{"rendered":"https:\/\/www.europesays.com\/fi\/136826\/"},"modified":"2026-01-08T14:42:10","modified_gmt":"2026-01-08T14:42:10","slug":"alajarven-juhlavuosi-taynna-tapahtumia-huipentumana-juha-tapion-ellinooran-ja-komiat-yhtyeen-tahdittama-ilmaisfestari","status":"publish","type":"post","link":"https:\/\/www.europesays.com\/fi\/136826\/","title":{"rendered":"Alaj\u00e4rven juhlavuosi t\u00e4ynn\u00e4 tapahtumia\u2013huipentumana Juha Tapion, Ellinooran ja Komiat-yhtyeen t\u00e4hditt\u00e4m\u00e4 ilmaisfestari"},"content":{"rendered":"<p>\n      Alaj\u00e4rven kaupungin 40-vuotista historiaa juhlistetaan t\u00e4n\u00e4 vuonna monin tavoin. Juhlavuoden ohjelmaan kuuluu paljon tuttua ja perinteist\u00e4 mutta my\u00f6s uusia, ainutkertaisia tapahtumia.\n    <\/p>\n<p>\n      \u2013\u202fOhjelma kest\u00e4\u00e4 vertailun monen isomman kaupungin juhlavuoden kanssa, toteaa yhteis\u00f6koordinaattori Tuomas Lahdenper\u00e4.\n    <\/p>\n<p class=\"article__paragraph\">\n      Tapahtumia on luvassa jokaiselle juhlavuoden kuukaudelle. Tapahtumakirjosta on haluttu tehd\u00e4 mahdollisimman monipuolinen ja kaikenik\u00e4isi\u00e4 alaj\u00e4rvel\u00e4isi\u00e4 kiinnostava. Tarjolla on muun muassa liikuntatapahtumia, konsertteja ja luentoja.\n    <\/p>\n<p class=\"article__paragraph\">\n      Juhlavuosi polkaistaan k\u00e4yntiin tammikuun 24. p\u00e4iv\u00e4n\u00e4, kun Alaj\u00e4rvi-salin lavalle nousee Sein\u00e4joen kaupunginorkesteri, joka soittaa tuttuja Abba-yhtyeen s\u00e4velmi\u00e4. Huhtikuussa luvassa on paikallishistoriaa: ensin 100-vuotiaan Villa V\u00e4in\u00f6l\u00e4n vaiheita valottava luento, sitten J\u00e4rviseutu-lehden arkiston avoimet ovet.\n    <\/p>\n<p class=\"article__paragraph\">\n      Liikuntatapahtumista vanhoja tuttuja ovat kuutamohiihdot ja koko perheen ulkoilup\u00e4iv\u00e4t. Vuosien hiljaiselon j\u00e4lkeen henkiin viritet\u00e4\u00e4n Kuoleman h\u00f6lkk\u00e4, joka juostaan kaupungin j\u00e4rjest\u00e4m\u00e4n\u00e4 kes\u00e4kuun 13. p\u00e4iv\u00e4n\u00e4 ainakin osittain vanhalla tutulla reitill\u00e4.\n    <\/p>\n<p class=\"article__paragraph\">\n      Elokuun viimeisin\u00e4 p\u00e4ivin\u00e4 j\u00e4rjestet\u00e4\u00e4n Aaltojen kaupunki -kulttuuritapahtuma, jonka avajaisissa n\u00e4hd\u00e4\u00e4n n\u00e4ytt\u00e4v\u00e4 laser-show. Tapahtuman aikana Alaj\u00e4rvelle rantautuu valtakunnallinen katuruokakarnevaali. Marraskuussa nuorille on luvassa oma juhlagaala, jossa Lahdenper\u00e4n mukaan on ainakin ruokaa ja erilaista ohjelmaa.\n    <\/p>\n<p class=\"article__paragraph\">\n      N\u00e4yttelyist\u00e4 yksi on Alaj\u00e4rven kaupunginkirjastossa j\u00e4rjestett\u00e4v\u00e4 Alaj\u00e4rvi 1986 -n\u00e4yttely, jonne toivotaan valokuvia paikkakuntalaisilta. Raati valitsee niist\u00e4 n\u00e4yttelyyn kymmenkunta.\n    <\/p>\n<p class=\"article__paragraph\">\n      Juhlavuoden p\u00e4\u00e4tapahtuma on Saltex-areenalla j\u00e4rjestett\u00e4v\u00e4 festivaali, johon on saatu kova artistikattaus: Komiat-yhtye, Ellinoora ja Juha Tapio.\n    <\/p>\n<p>    <img decoding=\"async\" class=\"responsive-image article__image-image lozad\"   src=\"https:\/\/www.europesays.com\/fi\/wp-content\/uploads\/2026\/01\/MfnExFXhZNH0AzaZyj_yDat4VQD0phRvnpvs2rJPkhcSDfdT4Ji-BD4m1GeCw5rrlHuF48m5XpcHZfCjZdpDjZS2_mMaSfmMgibe.jpeg\" alt=\"Juhlavuoden festivaalilla yleis\u00f6\u00e4 viihdytt\u00e4\u00e4 my\u00f6s Juha Tapio.\"\/><\/p>\n<p>\n                Juhlavuoden festivaalilla yleis\u00f6\u00e4 viihdytt\u00e4\u00e4 my\u00f6s Juha Tapio.\n              <\/p>\n<p>\n                Kuva: Janne Kauranen\n              <\/p>\n<p class=\"article__paragraph\">\n      Elokuun viimeisen\u00e4 lauantaina ilmoille kajahtavaan tapahtumaan on vapaa p\u00e4\u00e4sy. Se on Lahdenper\u00e4n ja kaupunginjohtaja Vesa Koivusen mukaan mahdollista, koska yhteisty\u00f6kumppaniksi tuli J\u00e4rvi-Pohjanmaan Osuuspankki.\n    <\/p>\n<p class=\"article__paragraph\">\n      Ilmaiskonsertin uskotaan houkuttelevan v\u00e4ke\u00e4 my\u00f6s kauempaa.\n    <\/p>\n<p class=\"article__paragraph\">\n      \u2013\u202fOdotamme, ett\u00e4 pesisstadionin yleis\u00f6enn\u00e4tys menee rikki, Lahdenper\u00e4 sanoo.\n    <\/p>\n<p class=\"article__paragraph\">\n      Saltex-areenan, entisen Kitron stadionin, yleis\u00f6enn\u00e4tys on 6\u202f500. Se on vuodelta 1995. Tulevan juhlafestivaalin k\u00e4vij\u00e4tavoitteeksi on Lahdenper\u00e4\u00e4n mukaan asetettu 7\u202f000.\n    <\/p>\n<p class=\"article__paragraph\">\n      Alaj\u00e4rven juhlavuosi alkaa n\u00e4ky\u00e4 katukuvassa jo l\u00e4hiaikoina, kun osaan keskustan valotolpista asennetaan juhlavuoden kunniaksi tehdyt viirit.\n    <\/p>\n","protected":false},"excerpt":{"rendered":"Alaj\u00e4rven kaupungin 40-vuotista historiaa juhlistetaan t\u00e4n\u00e4 vuonna monin tavoin. Juhlavuoden ohjelmaan kuuluu paljon tuttua ja perinteist\u00e4 mutta my\u00f6s&hellip;\n","protected":false},"author":2,"featured_media":136827,"comment_status":"","ping_status":"","sticky":false,"template":"","format":"standard","meta":{"footnotes":""},"categories":[130],"tags":[137,33,31,30,32,109],"class_list":{"0":"post-136826","1":"post","2":"type-post","3":"status-publish","4":"format-standard","5":"has-post-thumbnail","7":"category-viihde","8":"tag-entertainment","9":"tag-fi","10":"tag-finland","11":"tag-finnish","12":"tag-suomi","13":"tag-viihde"},"share_on_mastodon":{"url":"https:\/\/pubeurope.com\/@fi\/115860009307606767","error":""},"_links":{"self":[{"href":"https:\/\/www.europesays.com\/fi\/wp-json\/wp\/v2\/posts\/136826","targetHints":{"allow":["GET"]}}],"collection":[{"href":"https:\/\/www.europesays.com\/fi\/wp-json\/wp\/v2\/posts"}],"about":[{"href":"https:\/\/www.europesays.com\/fi\/wp-json\/wp\/v2\/types\/post"}],"author":[{"embeddable":true,"href":"https:\/\/www.europesays.com\/fi\/wp-json\/wp\/v2\/users\/2"}],"replies":[{"embeddable":true,"href":"https:\/\/www.europesays.com\/fi\/wp-json\/wp\/v2\/comments?post=136826"}],"version-history":[{"count":0,"href":"https:\/\/www.europesays.com\/fi\/wp-json\/wp\/v2\/posts\/136826\/revisions"}],"wp:featuredmedia":[{"embeddable":true,"href":"https:\/\/www.europesays.com\/fi\/wp-json\/wp\/v2\/media\/136827"}],"wp:attachment":[{"href":"https:\/\/www.europesays.com\/fi\/wp-json\/wp\/v2\/media?parent=136826"}],"wp:term":[{"taxonomy":"category","embeddable":true,"href":"https:\/\/www.europesays.com\/fi\/wp-json\/wp\/v2\/categories?post=136826"},{"taxonomy":"post_tag","embeddable":true,"href":"https:\/\/www.europesays.com\/fi\/wp-json\/wp\/v2\/tags?post=136826"}],"curies":[{"name":"wp","href":"https:\/\/api.w.org\/{rel}","templated":true}]}}