{"id":136834,"date":"2026-01-08T14:48:08","date_gmt":"2026-01-08T14:48:08","guid":{"rendered":"https:\/\/www.europesays.com\/fi\/136834\/"},"modified":"2026-01-08T14:48:08","modified_gmt":"2026-01-08T14:48:08","slug":"timo-soini-kommentoi-ylen-tuoretta-gallupia","status":"publish","type":"post","link":"https:\/\/www.europesays.com\/fi\/136834\/","title":{"rendered":"Timo Soini kommentoi Ylen tuoretta gallupia"},"content":{"rendered":"<p>Perussuomalaisten entinen puheenjohtaja ottaa kantaa Ylen tuoreeseen kannatusmittaukseen. Osansa saavat \u201dpunavihre\u00e4t poliitikot\u201d ja \u201dtomppelit politiikan toimittajat\u201d.<\/p>\n<p class=\"article-body mb-nof-24 px-nof-16\">Perussuomalaisten entinen puheenjohtaja <a class=\"font-bold underline-offset-[0.12em] [text-decoration:var(--person-link-text-decoration)] ![text-decoration-color:var(--person-link-text-decoration-color)]\" href=\"https:\/\/www.is.fi\/haku\/?query=Timo%20Soini\" rel=\"nofollow noopener\" target=\"_blank\">Timo Soini<\/a> moittii \u201dpunavihreit\u00e4 poliitikkoja\u201d ja \u201dtomppeleita politiikan toimittajia\u201d tuoreessa, Ylen uutta <a class=\"underline underline-offset-[0.12em] [text-decoration-thickness:var(--generic-link-underline-thickness)] [text-decoration-color:var(--generic-link-underline-color)] [text-decoration-skip-ink:var(--generic-link-underline-skip-ink)] break-words\" href=\"https:\/\/www.is.fi\/politiikka\/art-2000011735438.html\" rel=\"nofollow noopener\" target=\"_blank\">puoluekannatusmittausta<\/a> kommentoivassa <a class=\"underline underline-offset-[0.12em] [text-decoration-thickness:var(--generic-link-underline-thickness)] [text-decoration-color:var(--generic-link-underline-color)] [text-decoration-skip-ink:var(--generic-link-underline-skip-ink)] break-words\" href=\"https:\/\/timosoini.fi\/2026\/01\/tuliko-yllatyksena-2\/\" rel=\"nofollow noopener\" target=\"_blank\">\u201dplokissaan\u201d<\/a>.<\/p>\n<p class=\"article-body mb-nof-24 px-nof-16\">\u2013 Kirjoitin t\u00e4h\u00e4n plokiin 13.12.2025, ett\u00e4 persut on niin sanotun rasismikohun (silmienvenyttely t\u00e4ll\u00e4 kertaa) ainoa hy\u00f6tyj\u00e4. Lahko vahvistuu.<\/p>\n<p class=\"article-body mb-nof-24 px-nof-16\">Soini ei siis ole yll\u00e4ttynyt perussuomalaisten kannatusnoususta.<\/p>\n<p class=\"article-body mb-nof-24 px-nof-16\">\u2013 Punavihre\u00e4t poliitikot ja tomppelit politiikan toimittajat kehyst\u00e4v\u00e4t persujen taulut. Ei osata, eik\u00e4 opita, Soini jylisee kirjoituksessaan.<\/p>\n<p class=\"article-body mb-nof-24 px-nof-16\">\u2013 Viimeist\u00e4\u00e4n iltap\u00e4iv\u00e4ll\u00e4 kaikessa erehtyneet kommentaattorit kirjoittavat n\u00e4k\u00f6kulmaan. Pihalla ovat kuin lintulauta, Soini jatkaa ry\u00f6pytyst\u00e4\u00e4n torstaina aamup\u00e4iv\u00e4ll\u00e4 julkaistussa kirjoituksessaan.<\/p>\n<p class=\"article-body mb-nof-24 px-nof-16\">Lue lis\u00e4\u00e4: <a class=\"underline underline-offset-[0.12em] [text-decoration-thickness:var(--generic-link-underline-thickness)] [text-decoration-color:var(--generic-link-underline-color)] [text-decoration-skip-ink:var(--generic-link-underline-skip-ink)] break-words\" href=\"https:\/\/www.is.fi\/politiikka\/art-2000011735438.html\" rel=\"nofollow noopener\" target=\"_blank\">Yle-gallup: N\u00e4in silmien\u00adv\u00e4\u00e4ntely\u00adkohu vaikutti perus\u00adsuomalaisten kannatukseen<\/a><\/p>\n<p class=\"article-body mb-nof-24 px-nof-16\">Kannatusk\u00e4rjess\u00e4 olevan Sdp:n kannatus putosi kuukauden takaisesta 0,8 prosenttiyksikk\u00f6\u00e4, kun taas kokoomus ja perussuomalaiset nostivat kumpikin kannatustaan 0,9 prosenttiyksikk\u00f6\u00e4.<\/p>\n<p class=\"article-body mb-nof-24 px-nof-16\">Gallupin perusteella Sdp:t\u00e4 \u00e4\u00e4nest\u00e4isi nyt 23,9 prosenttia, kokoomusta 19,6 prosenttia ja perussuomalaisia 15,1 prosenttia. Keskustan kannatus oli hienoisessa laskussa (-0,4 %-yks.) ja p\u00e4\u00e4tyi 13,5 prosenttiin.<\/p>\n<p class=\"article-body mb-nof-24 px-nof-16\">Soini nostaa \u201dplokissaan\u201d esiin <a class=\"font-bold underline-offset-[0.12em] [text-decoration:var(--person-link-text-decoration)] ![text-decoration-color:var(--person-link-text-decoration-color)]\" href=\"https:\/\/www.is.fi\/haku\/?query=Juha%20Sipil%C3%A4n\" rel=\"nofollow noopener\" target=\"_blank\">Juha Sipil\u00e4n<\/a> (kesk) vuosien 2015\u20132019 hallituspohjan paluun mahdollisuuden. Tuolloin hallituksessa olivat alun perin keskusta, perussuomalaiset ja kokoomus. Perussuomalaisten hajoamisen j\u00e4lkeen sen korvasi sittemmin jo kuopattu sininen tulevaisuus.<\/p>\n<p class=\"article-body mb-nof-24 px-nof-16\">\u2013 N\u00e4ill\u00e4 luvuilla \u201dSipil\u00e4 II\u201d nousee hallituspohjakisaan. Mik\u00e4s siin\u00e4. Paras hallitus tuloksiltaan sitten <a class=\"font-bold underline-offset-[0.12em] [text-decoration:var(--person-link-text-decoration)] ![text-decoration-color:var(--person-link-text-decoration-color)]\" href=\"https:\/\/www.is.fi\/haku\/?query=Lipposen\" rel=\"nofollow noopener\" target=\"_blank\">Lipposen<\/a> hallitusten, Soini kirjoittaa.<\/p>\n<p class=\"article-body mb-nof-24 px-nof-16\">\u2013 <a class=\"font-bold underline-offset-[0.12em] [text-decoration:var(--person-link-text-decoration)] ![text-decoration-color:var(--person-link-text-decoration-color)]\" href=\"https:\/\/www.is.fi\/haku\/?query=Purrakin\" rel=\"nofollow noopener\" target=\"_blank\">Purrakin<\/a> tekee t\u00e4ss\u00e4 pohjassa Soinit: Rkp on tarpeeton, h\u00e4n lis\u00e4\u00e4 ja jatkaa viel\u00e4 kristillisdemokraateista:<\/p>\n<p class=\"article-body mb-nof-24 px-nof-16\">\u2013 Kd:lle voi yhden salkun antaa, jos saavat sen nelj\u00e4 kansanedustajaa.<\/p>\n","protected":false},"excerpt":{"rendered":"Perussuomalaisten entinen puheenjohtaja ottaa kantaa Ylen tuoreeseen kannatusmittaukseen. Osansa saavat \u201dpunavihre\u00e4t poliitikot\u201d ja \u201dtomppelit politiikan toimittajat\u201d. Perussuomalaisten entinen&hellip;\n","protected":false},"author":2,"featured_media":136835,"comment_status":"","ping_status":"","sticky":false,"template":"","format":"standard","meta":{"footnotes":""},"categories":[5],"tags":[22,23,26,27,33,31,30,17,34,24,25,28,29,15,18,21,32,19,20,16],"class_list":{"0":"post-136834","1":"post","2":"type-post","3":"status-publish","4":"format-standard","5":"has-post-thumbnail","7":"category-otsikot","8":"tag-breaking-news","9":"tag-breakingnews","10":"tag-featured-news","11":"tag-featurednews","12":"tag-fi","13":"tag-finland","14":"tag-finnish","15":"tag-headlines","16":"tag-ilta-sanomat","17":"tag-latest-news","18":"tag-latestnews","19":"tag-main-news","20":"tag-mainnews","21":"tag-news","22":"tag-otsikot","23":"tag-paauutiset","24":"tag-suomi","25":"tag-top-stories","26":"tag-topstories","27":"tag-uutiset"},"share_on_mastodon":{"url":"https:\/\/pubeurope.com\/@fi\/115860033022997009","error":""},"_links":{"self":[{"href":"https:\/\/www.europesays.com\/fi\/wp-json\/wp\/v2\/posts\/136834","targetHints":{"allow":["GET"]}}],"collection":[{"href":"https:\/\/www.europesays.com\/fi\/wp-json\/wp\/v2\/posts"}],"about":[{"href":"https:\/\/www.europesays.com\/fi\/wp-json\/wp\/v2\/types\/post"}],"author":[{"embeddable":true,"href":"https:\/\/www.europesays.com\/fi\/wp-json\/wp\/v2\/users\/2"}],"replies":[{"embeddable":true,"href":"https:\/\/www.europesays.com\/fi\/wp-json\/wp\/v2\/comments?post=136834"}],"version-history":[{"count":0,"href":"https:\/\/www.europesays.com\/fi\/wp-json\/wp\/v2\/posts\/136834\/revisions"}],"wp:featuredmedia":[{"embeddable":true,"href":"https:\/\/www.europesays.com\/fi\/wp-json\/wp\/v2\/media\/136835"}],"wp:attachment":[{"href":"https:\/\/www.europesays.com\/fi\/wp-json\/wp\/v2\/media?parent=136834"}],"wp:term":[{"taxonomy":"category","embeddable":true,"href":"https:\/\/www.europesays.com\/fi\/wp-json\/wp\/v2\/categories?post=136834"},{"taxonomy":"post_tag","embeddable":true,"href":"https:\/\/www.europesays.com\/fi\/wp-json\/wp\/v2\/tags?post=136834"}],"curies":[{"name":"wp","href":"https:\/\/api.w.org\/{rel}","templated":true}]}}