{"id":136836,"date":"2026-01-08T14:49:07","date_gmt":"2026-01-08T14:49:07","guid":{"rendered":"https:\/\/www.europesays.com\/fi\/136836\/"},"modified":"2026-01-08T14:49:07","modified_gmt":"2026-01-08T14:49:07","slug":"kaakkois-suomessa-kaadettu-jo-seitseman-sutta-alkuvuoden-jahdissa-paikalliset","status":"publish","type":"post","link":"https:\/\/www.europesays.com\/fi\/136836\/","title":{"rendered":"Kaakkois-Suomessa kaadettu jo seitsem\u00e4n sutta alkuvuoden jahdissa | Paikalliset"},"content":{"rendered":"<p>Tammikuun ensimm\u00e4inen p\u00e4iv\u00e4 alkaneessa susijahdissa Kaakkois-Suomessa on kaadettu seitsem\u00e4n sutta.<\/p>\n<p>Lappeenrannan alueella on tapettu kolme sutta, Miehikk\u00e4l\u00e4ss\u00e4 kaksi sek\u00e4 Virolahdella ja Luum\u00e4ell\u00e4 yksi kummassakin. Tiedot k\u00e4yv\u00e4t ilmi Suomen riistakeskuksen sivuilla olevasta <a href=\"https:\/\/kiintio.riista.fi\/?_gl=1%2Akr04kr%2A_ga%2ANDM3NDQ4ODc2LjE3NTU1MTQ4MzM.%2A_ga_CFR0WDKTCN%2AczE3NjcyNjM4MTgkbzE5JGcwJHQxNzY3MjYzODE4JGo2MCRsMCRoMA\" rel=\"nofollow noopener\" target=\"_blank\">taulukosta<\/a>, joka p\u00e4ivittyy reaaliaikaisesti.<\/p>\n<p>Kaakkois-Suomessa on lupa kaataa t\u00e4n\u00e4 vuonna kymmenen sutta. Perusteena paikalliselle kiinti\u00f6lle ovat koirasudet. Suomessa koirasusi on luokiteltu haitalliseksi vieraslajiksi, joka uhkaa susikannan geneettist\u00e4 puhtautta.<\/p>\n<p>Jos pyydetty el\u00e4in osoittautuu dna-tutkimuksissa koirasudeksi, poistetaan se saalistiedosta. Koirasuden erottaminen sudesta pelk\u00e4st\u00e4\u00e4n ulkon\u00e4\u00f6n perusteella on hyvin vaikeaa.<\/p>\n<p>Suden ymp\u00e4rivuotisesta rauhoituksesta luovuttiin vuoden vaihteessa. Poronhoitoalueen ulkopuolella susia on lupa kaataa alueellisten kiinti\u00f6iden mukaisesti yhteens\u00e4 100 yksil\u00f6\u00e4.<\/p>\n<p>Sudenmets\u00e4stys on sallittua 10. helmikuuta saakka.<\/p>\n<p><strong>Lue lis\u00e4\u00e4:<\/strong> <a href=\"https:\/\/www.esaimaa.fi\/paikalliset\/9112614\" rel=\"nofollow noopener\" target=\"_blank\">Suden kiinti\u00f6mets\u00e4stys alkoi\u2009\u2013\u2009Kaakkois-\u200bSuomessa ammuttiin perjantaina kaksi sutta<\/a><\/p>\n","protected":false},"excerpt":{"rendered":"Tammikuun ensimm\u00e4inen p\u00e4iv\u00e4 alkaneessa susijahdissa Kaakkois-Suomessa on kaadettu seitsem\u00e4n sutta. Lappeenrannan alueella on tapettu kolme sutta, Miehikk\u00e4l\u00e4ss\u00e4 kaksi&hellip;\n","protected":false},"author":2,"featured_media":136837,"comment_status":"","ping_status":"","sticky":false,"template":"","format":"standard","meta":{"footnotes":""},"categories":[117],"tags":[404,33,31,30,2289,1446,72,2525,476,785,118,591,32,119,477],"class_list":{"0":"post-136836","1":"post","2":"type-post","3":"status-publish","4":"format-standard","5":"has-post-thumbnail","7":"category-luonto","8":"tag-elaimet","9":"tag-fi","10":"tag-finland","11":"tag-finnish","12":"tag-kotka-hamina-seutukunta","13":"tag-lappeenranta","14":"tag-luonto","15":"tag-luumaki","16":"tag-nature","17":"tag-nisakkaat","18":"tag-science","19":"tag-selkarankaiset","20":"tag-suomi","21":"tag-tiede","22":"tag-wildlife"},"share_on_mastodon":{"url":"https:\/\/pubeurope.com\/@fi\/115860036815992481","error":""},"_links":{"self":[{"href":"https:\/\/www.europesays.com\/fi\/wp-json\/wp\/v2\/posts\/136836","targetHints":{"allow":["GET"]}}],"collection":[{"href":"https:\/\/www.europesays.com\/fi\/wp-json\/wp\/v2\/posts"}],"about":[{"href":"https:\/\/www.europesays.com\/fi\/wp-json\/wp\/v2\/types\/post"}],"author":[{"embeddable":true,"href":"https:\/\/www.europesays.com\/fi\/wp-json\/wp\/v2\/users\/2"}],"replies":[{"embeddable":true,"href":"https:\/\/www.europesays.com\/fi\/wp-json\/wp\/v2\/comments?post=136836"}],"version-history":[{"count":0,"href":"https:\/\/www.europesays.com\/fi\/wp-json\/wp\/v2\/posts\/136836\/revisions"}],"wp:featuredmedia":[{"embeddable":true,"href":"https:\/\/www.europesays.com\/fi\/wp-json\/wp\/v2\/media\/136837"}],"wp:attachment":[{"href":"https:\/\/www.europesays.com\/fi\/wp-json\/wp\/v2\/media?parent=136836"}],"wp:term":[{"taxonomy":"category","embeddable":true,"href":"https:\/\/www.europesays.com\/fi\/wp-json\/wp\/v2\/categories?post=136836"},{"taxonomy":"post_tag","embeddable":true,"href":"https:\/\/www.europesays.com\/fi\/wp-json\/wp\/v2\/tags?post=136836"}],"curies":[{"name":"wp","href":"https:\/\/api.w.org\/{rel}","templated":true}]}}