{"id":136838,"date":"2026-01-08T15:00:08","date_gmt":"2026-01-08T15:00:08","guid":{"rendered":"https:\/\/www.europesays.com\/fi\/136838\/"},"modified":"2026-01-08T15:00:08","modified_gmt":"2026-01-08T15:00:08","slug":"inkeri-mertasen-muistisairas-puoliso-hyppasi-lentokoneeseen-ja-karkasi-ulkomaille-salkkarit-tahti-eli-vuosia-kaksoiselamaa","status":"publish","type":"post","link":"https:\/\/www.europesays.com\/fi\/136838\/","title":{"rendered":"Inkeri Mertasen muistisairas puoliso hypp\u00e4si lentokoneeseen ja karkasi ulkomaille \u2013 Salkkarit-t\u00e4hti eli vuosia kaksoisel\u00e4m\u00e4\u00e4"},"content":{"rendered":"<p>Salatut el\u00e4m\u00e4t -n\u00e4yttelij\u00e4 Inkeri Mertanen toimi vuosien ajan muistisairaan aviomiehens\u00e4 omaishoitajana.<\/p>\n<p class=\"paragraph\">Kun <a href=\"https:\/\/www.iltalehti.fi\/henkilot\/Inkeri Mertanen\" class=\"article-link-person-page\" rel=\"nofollow noopener\" target=\"_blank\">Inkeri Mertanen<\/a> vuonna 2016 otti el\u00e4kep\u00e4ivilt\u00e4\u00e4n vastaan ty\u00f6n Salatut el\u00e4m\u00e4t -sarjassa, h\u00e4n teki samaan aikaan my\u00f6s toista ty\u00f6t\u00e4: toimi miehens\u00e4 omaishoitajana.<\/p>\n<p class=\"paragraph\">Mies sairasti Alzheimerin tautia. Alkuvaiheissa sairaus ilmeni muun muassa karkailuna. Muistisairas mies saattoi l\u00e4hte\u00e4 itsekseen pitk\u00e4nkin matkan p\u00e4\u00e4h\u00e4n.<\/p>\n<p class=\"paragraph\">\u2013 H\u00e4n meni tuttuihin paikkoihin: Berliiniin, Tukholmaan, Osloon. H\u00e4n hypp\u00e4si lentokoneeseen, mutta ei osannut tulla pois. Sitten minulle soitettiin ja k\u00e4vin noutamassa h\u00e4net. Oli hyv\u00e4, ett\u00e4 ihmiset saivat selville, kenelle voi ilmoittaa, Mertanen muistelee Iltalehden haastattelussa.<\/p>\n<p class=\"paragraph\">My\u00f6hemmin miehest\u00e4 tuli hyvin rauhallinen. Mertanen ei kokenut rakkaansa viimeisi\u00e4 aikoja raskaina.<\/p>\n<p class=\"paragraph\">\u2013 Se on aika kummallista. Varmasti oli haasteita, mutta kaikki j\u00e4rjestyi ihmeellisen hyvin, n\u00e4yttelij\u00e4 sanoo.<\/p>\n<p><img decoding=\"async\" class=\"image image-show image-preview\" src=\"https:\/\/www.europesays.com\/fi\/wp-content\/uploads\/2026\/01\/c65e2f4f8dc535f77c10653eb2572f9107fd8742e454bc39d3a19dbfc3dd3d59.jpg\" alt=\"\"\/><img decoding=\"async\" class=\"image image-show\" src=\"https:\/\/www.europesays.com\/fi\/wp-content\/uploads\/2026\/01\/1767884408_463_c65e2f4f8dc535f77c10653eb2572f9107fd8742e454bc39d3a19dbfc3dd3d59.jpg\" alt=\"\"\/><\/p>\n<p>Inkeri Mertanen tunnetaan nyky\u00e4\u00e4n Salatut el\u00e4m\u00e4t -sarjan Dahlia Mustavaarana. Pete Anikari<\/p>\n<p class=\"paragraph\">Omaishoitajuuden ja n\u00e4yttelij\u00e4nty\u00f6n kaksi eri maailmaa toivat el\u00e4m\u00e4\u00e4n tasapainoa. Salatut el\u00e4m\u00e4t -studiolla Mertanen keskittyi t\u00f6ihins\u00e4. Ty\u00f6p\u00e4iv\u00e4n j\u00e4lkeen h\u00e4n meni kotiin, hoiti miest\u00e4\u00e4n ja unohti kaiken muun. Mertanen kuvailee el\u00e4neens\u00e4 vuosien ajan er\u00e4\u00e4nlaista kaksoisel\u00e4m\u00e4\u00e4.<\/p>\n<p class=\"paragraph\">Mertasen mies kuoli vuonna 2022. Mertanen kertoo sopeutuneensa j\u00e4lleen uuteen el\u00e4m\u00e4ntilanteeseen yll\u00e4tt\u00e4v\u00e4n hyvin.<\/p>\n<p class=\"paragraph\">\u2013 Osasin tietenkin odottaa sit\u00e4, vaikka ei voinut tiet\u00e4\u00e4, milloin hetki koittaa. Poikani ja muut sukulaiset olivat tukenani, n\u00e4yttelij\u00e4 kertoo.<\/p>\n<p class=\"paragraph\">Pari ehti olla yhdess\u00e4 40 vuoden ajan.<\/p>\n<p class=\"paragraph\">\u2013 Ajattelen h\u00e4nt\u00e4 yh\u00e4 paljon, Mertanen sanoo.<\/p>\n<p>Nuoria faneja<\/p>\n<p class=\"paragraph\">Mertanen oli ehtinyt j\u00e4\u00e4d\u00e4 Tampereen teatterista el\u00e4kkeelle puoli vuotta ennen kuin sai kutsun Salattujen el\u00e4mien koekuvauksiin. Nyt h\u00e4n on esiintynyt television ter\u00e4v\u00e4kielisen\u00e4 Dahlia Mustavaarana jo l\u00e4hes kymmenen vuoden ajan.<\/p>\n<p>Inkeri Mertasen Dahlia-hahmo on my\u00f6s nuorten katsojien mieleen. Pete Anikari<\/p>\n<p class=\"paragraph\">Mertanen on huomannut katsojien pit\u00e4v\u00e4n napakasta ja suorasanaisesta Dahliasta. Faneja riitt\u00e4\u00e4 kaikissa ik\u00e4polvissa.<\/p>\n<p class=\"paragraph\">\u2013 Eilen junassa kolme poikaa tuli luokseni. He kysyiv\u00e4t varovasti, olenko min\u00e4 t\u00e4m\u00e4 Dahlia ja pyysiv\u00e4t ottaa kuvia kanssani, Mertanen kertoo.<\/p>\n<p class=\"paragraph\">Mertanen suostui yst\u00e4v\u00e4llisten nuorten miesten pyynt\u00f6\u00f6n. Hetken p\u00e4\u00e4st\u00e4 n\u00e4yttelij\u00e4\u00e4 l\u00e4hestyi toinen nuorten joukko samanlaisen pyynn\u00f6n kanssa.<\/p>\n<p class=\"paragraph\">\u2013 Sitten tuli viel\u00e4 iso joukko tytt\u00f6j\u00e4.<\/p>\n<p class=\"paragraph\">Lopulta Mertanen sai selville, ett\u00e4 nuoret olivat Helsinkiin retkelle tulleita kokkolalaisia koululaisia.<\/p>\n<p class=\"paragraph\">\u2013 Nuoret ihmiset seuraavat ja ovat ehk\u00e4 rohkeampia l\u00e4hestym\u00e4\u00e4n. Vanhemmatkin ihmiset kyll\u00e4 tunnistavat my\u00f6s, mutta heill\u00e4 ei ole t\u00e4t\u00e4 somekulttuuria, Mertanen arvioi.<\/p>\n<p class=\"paragraph\">Viel\u00e4 Mertanen, 76, ei haikaile t\u00e4ysip\u00e4iv\u00e4isesti el\u00e4kkeelle. Kuvausp\u00e4ivi\u00e4 h\u00e4nell\u00e4 on t\u00e4ll\u00e4 hetkell\u00e4 noin kaksi viikossa.<\/p>\n<p class=\"paragraph\">\u2013 Jos minulta toivotaan jatkoa, sanon helposti kyll\u00e4. Pit\u00e4isi tulla jokin ratkaiseva asia, ett\u00e4 p\u00e4\u00e4t\u00e4n, ett\u00e4 nyt loppuu. Mutta enh\u00e4n min\u00e4 nyt ikuisesti aio t\u00e4\u00e4ll\u00e4 roikkua, se on selv\u00e4, Mertanen sanoo.<\/p>\n","protected":false},"excerpt":{"rendered":"Salatut el\u00e4m\u00e4t -n\u00e4yttelij\u00e4 Inkeri Mertanen toimi vuosien ajan muistisairaan aviomiehens\u00e4 omaishoitajana. Kun Inkeri Mertanen vuonna 2016 otti el\u00e4kep\u00e4ivilt\u00e4\u00e4n&hellip;\n","protected":false},"author":2,"featured_media":136839,"comment_status":"","ping_status":"","sticky":false,"template":"","format":"standard","meta":{"footnotes":""},"categories":[136],"tags":[35,153,407,137,33,31,30,408,99,98,32,140,139,109],"class_list":{"0":"post-136838","1":"post","2":"type-post","3":"status-publish","4":"format-standard","5":"has-post-thumbnail","7":"category-julkkikset","8":"tag-24h","9":"tag-audiovisuaalinen-media","10":"tag-celebrities","11":"tag-entertainment","12":"tag-fi","13":"tag-finland","14":"tag-finnish","15":"tag-julkkikset","16":"tag-lapset","17":"tag-perhe","18":"tag-suomi","19":"tag-tv-ja-elokuvat","20":"tag-tv-ohjelmat","21":"tag-viihde"},"share_on_mastodon":{"url":"https:\/\/pubeurope.com\/@fi\/115860080252352724","error":""},"_links":{"self":[{"href":"https:\/\/www.europesays.com\/fi\/wp-json\/wp\/v2\/posts\/136838","targetHints":{"allow":["GET"]}}],"collection":[{"href":"https:\/\/www.europesays.com\/fi\/wp-json\/wp\/v2\/posts"}],"about":[{"href":"https:\/\/www.europesays.com\/fi\/wp-json\/wp\/v2\/types\/post"}],"author":[{"embeddable":true,"href":"https:\/\/www.europesays.com\/fi\/wp-json\/wp\/v2\/users\/2"}],"replies":[{"embeddable":true,"href":"https:\/\/www.europesays.com\/fi\/wp-json\/wp\/v2\/comments?post=136838"}],"version-history":[{"count":0,"href":"https:\/\/www.europesays.com\/fi\/wp-json\/wp\/v2\/posts\/136838\/revisions"}],"wp:featuredmedia":[{"embeddable":true,"href":"https:\/\/www.europesays.com\/fi\/wp-json\/wp\/v2\/media\/136839"}],"wp:attachment":[{"href":"https:\/\/www.europesays.com\/fi\/wp-json\/wp\/v2\/media?parent=136838"}],"wp:term":[{"taxonomy":"category","embeddable":true,"href":"https:\/\/www.europesays.com\/fi\/wp-json\/wp\/v2\/categories?post=136838"},{"taxonomy":"post_tag","embeddable":true,"href":"https:\/\/www.europesays.com\/fi\/wp-json\/wp\/v2\/tags?post=136838"}],"curies":[{"name":"wp","href":"https:\/\/api.w.org\/{rel}","templated":true}]}}