{"id":136842,"date":"2026-01-08T15:03:07","date_gmt":"2026-01-08T15:03:07","guid":{"rendered":"https:\/\/www.europesays.com\/fi\/136842\/"},"modified":"2026-01-08T15:03:07","modified_gmt":"2026-01-08T15:03:07","slug":"olipa-kerran-televisio-tv-ammattilaisten-unohtumattomat-muistot-ja-matti-kyllosen-koskettava-tarina","status":"publish","type":"post","link":"https:\/\/www.europesays.com\/fi\/136842\/","title":{"rendered":"Olipa kerran televisio: TV-ammattilaisten unohtumattomat muistot ja Matti Kyll\u00f6sen koskettava tarina"},"content":{"rendered":"<p>\n            Matti Kyll\u00f6nen. Timo Korhonen.<br \/>\n            Timo Korhonen\n        <\/p>\n<p class=\"subtitle \">Ylen Olipa kerran televisio -sarjassa ammattilaiset ja katsojat kertovat tv-muistoistaan.<\/p>\n<p class=\"article-content article-content-width !bg-background\">Uutuussarjassa Olipa kerran televisio haastatellaan tv-ammattilaisia, muun muassa , ,  ja , heid\u00e4n henkil\u00f6kohtaisista muistoistaan televisioon katseluun liittyen.<\/p>\n<p class=\"font-weight-bold m-font-weight-bold italic m-italic article-content article-content-width !bg-background\">Arkistovideo: Matti Kyll\u00f6nen paljastaa ensimm\u00e4isen autonsa<\/p>\n<p class=\"article-content article-content-width !bg-background\">Alussa juontaja  toteaa, ett\u00e4 television asema on muuttunut ja se ei ole en\u00e4\u00e4 esimerkiksi hallitseva uutisten l\u00e4hde. Siksi television merkityksest\u00e4 puhutaan v\u00e4lill\u00e4 menneess\u00e4 aikamuodossa.<\/p>\n<p class=\"article-content article-content-width !bg-background\">\u2013 Olipa kerran televisio ei ole tarina television tekemisest\u00e4, vaan television katsomisesta \u2013 siit\u00e4, miten me kaikki koimme television. Miten televisiota katsoimme, mit\u00e4 televisio sai meid\u00e4t tuntemaan ja tekem\u00e4\u00e4n? Kerromme, miksi televisio oli niin t\u00e4rke\u00e4, Joona summaa.<\/p>\n<p>        <a itemprop=\"url\" href=\"https:\/\/www.seiska.fi\/katso\/tassa-ovat-kevaan-kuumimmat-tv-uutuudet-lue-jattilistaus\/2004992\" rel=\"nofollow noopener\" target=\"_blank\"><\/p>\n<p>\nLue j\u00e4ttilistaus\n<\/p>\n<p class=\"section-date\">\n        <strong class=\"article-section\" data-section=\"katso\"><br \/>\n            katso<br \/>\n        <\/strong><br \/>\n        1.1. 15:15\n    <\/p>\n<p>T\u00e4ss\u00e4 ovat kev\u00e4\u00e4n kuumimmat tv-uutuudet \u2013 lue j\u00e4ttilistaus\n    <\/p>\n<p itemprop=\"description\" class=\"subtitle \">\n    Yksi Nelosen odotetuimmista sarjoista on Satu R\u00e4m\u00f6n ilmi\u00f6ksi nousseeseen Hildur-kirjasarjaan pohjautuva tv-sarja, jolla on miljoonan euron jaksobudjetti.\n<\/p>\n<p>        <\/a><\/p>\n<p>\u201dK\u00e4sitt\u00e4m\u00e4t\u00f6nt\u00e4\u201d<\/p>\n<p class=\"article-content article-content-width !bg-background\">V\u00e4h\u00e4n silti sivutaan my\u00f6s itse ohjelmien tekemiseen liittyvi\u00e4 muistoja. Ensimm\u00e4isess\u00e4 jaksossa puhutaan muun muassa suorien l\u00e4hetysten voimasta, mutta my\u00f6s suurista haasteista.<\/p>\n<p class=\"article-content article-content-width !bg-background\">Traagisimmillaan suorat l\u00e4hetykset voivat sis\u00e4lt\u00e4\u00e4 kuolemantapauksia. Legendaarinen Formula 1 -selostaja  joutui t\u00e4m\u00e4n \u00e4\u00e4relle Italian Imolassa ajetussa osakilpailussa vuonna 1994.<\/p>\n<p class=\"article-content article-content-width !bg-background\">\u2013 Tapahtui  kuolema. Jo edellisen\u00e4 p\u00e4iv\u00e4n\u00e4 aika-ajossa oli  kuolema. Oli aivan k\u00e4sitt\u00e4m\u00e4t\u00f6nt\u00e4 ja kauheaa my\u00f6skin selostajan silmin ja ajatuksin vied\u00e4 l\u00e4pi suoraa l\u00e4hetyst\u00e4 eteenp\u00e4in, Matti muistelee.<\/p>\n<p>        <a itemprop=\"url\" href=\"https:\/\/www.seiska.fi\/katso\/minkalaista-on-elama-f1-sirkuksessa-netflixin-realitysarja-paljastaa-raadollisen-kilpailun-kulissien-takana\/131731\" rel=\"nofollow noopener\" target=\"_blank\"><\/p>\n<p>\nSuoratoisto\n<\/p>\n<p class=\"section-date\">\n        <strong class=\"article-section\" data-section=\"katso\"><br \/>\n            katso<br \/>\n        <\/strong><br \/>\n        2.3.2023 10:15\n    <\/p>\n<p>Mink\u00e4laista on el\u00e4m\u00e4 F1-sirkuksessa? Netflixin realitysarja paljastaa raadollisen kilpailun kulissien takana\n    <\/p>\n<p>        <\/a><\/p>\n<p>                <img decoding=\"async\" src=\"https:\/\/www.europesays.com\/fi\/wp-content\/uploads\/2026\/01\/2040237.webp.jpeg\" width=\"576\" height=\"274\" alt=\"Ayrton Senna kuoli 1. toukokuuta 1994 San Marinon Grand Prix\u2019ss\u00e4, joka ajettiin Italian Imolan radalla.\" loading=\"lazy\" \/>            <\/p>\n<p>\n            Ayrton Senna kuoli 1. toukokuuta 1994 San Marinon Grand Prix\u2019ss\u00e4, joka ajettiin Italian Imolan radalla.<br \/>\n            Photographer: Angelo Orsi\n        <\/p>\n<p class=\"article-content article-content-width !bg-background\">\u2013 Huippukuljettaja oli menehtym\u00e4ss\u00e4 ja pelastustoimet jatkuvat ja jatkuvat. L\u00e4hetysvirtaa pit\u00e4\u00e4 viel\u00e4 koko ajan eteenp\u00e4in. Se on kauheinta, mit\u00e4 selostaja voi joutua kokemaan, yh\u00e4 tapauksesta liikuttuva Matti kertoo.<\/p>\n<p class=\"article-content article-content-width !bg-background\">Olipa kerran televisio alkaa TV1:ll\u00e4 torstaina 8.1. kello 19.00.<\/p>\n<p>        <a itemprop=\"url\" href=\"https:\/\/www.seiska.fi\/katso\/elokuva-arvostelu-f1-on-turboahdettua-hurmaa-jotain-silti-puuttuu\/1848282\" rel=\"nofollow noopener\" target=\"_blank\"><\/p>\n<p>\nElokuva-arvostelu\n<\/p>\n<p class=\"section-date\">\n        <strong class=\"article-section\" data-section=\"katso\"><br \/>\n            katso<br \/>\n        <\/strong><br \/>\n        25.6.2025 13:15\n    <\/p>\n<p>Elokuva-arvostelu: F1 on turboahdettua hurmaa \u2013 jotain silti puuttuu\n    <\/p>\n<p itemprop=\"description\" class=\"subtitle \">\n    Brad Pittin t\u00e4hditt\u00e4m\u00e4 formula 1 -draama saa ensi-iltansa elokuvateattereissa keskiviikkona 25.6.\n<\/p>\n<p>        <\/a><\/p>\n","protected":false},"excerpt":{"rendered":"Matti Kyll\u00f6nen. Timo Korhonen. Timo Korhonen Ylen Olipa kerran televisio -sarjassa ammattilaiset ja katsojat kertovat tv-muistoistaan. Uutuussarjassa Olipa&hellip;\n","protected":false},"author":2,"featured_media":136843,"comment_status":"","ping_status":"","sticky":false,"template":"","format":"standard","meta":{"footnotes":""},"categories":[133],"tags":[23832,137,5717,33,31,30,3437,18061,6046,18289,32,1247,206,156,109],"class_list":{"0":"post-136842","1":"post","2":"type-post","3":"status-publish","4":"format-standard","5":"has-post-thumbnail","7":"category-televisiot","8":"tag-ayrton-senna","9":"tag-entertainment","10":"tag-f1","11":"tag-fi","12":"tag-finland","13":"tag-finnish","14":"tag-formula-1","15":"tag-joonas-nordman","16":"tag-matti-kyllonen","17":"tag-olipa-kerran-televisio","18":"tag-suomi","19":"tag-televisio","20":"tag-televisiot","21":"tag-tv","22":"tag-viihde"},"share_on_mastodon":{"url":"https:\/\/pubeurope.com\/@fi\/115860091887661758","error":""},"_links":{"self":[{"href":"https:\/\/www.europesays.com\/fi\/wp-json\/wp\/v2\/posts\/136842","targetHints":{"allow":["GET"]}}],"collection":[{"href":"https:\/\/www.europesays.com\/fi\/wp-json\/wp\/v2\/posts"}],"about":[{"href":"https:\/\/www.europesays.com\/fi\/wp-json\/wp\/v2\/types\/post"}],"author":[{"embeddable":true,"href":"https:\/\/www.europesays.com\/fi\/wp-json\/wp\/v2\/users\/2"}],"replies":[{"embeddable":true,"href":"https:\/\/www.europesays.com\/fi\/wp-json\/wp\/v2\/comments?post=136842"}],"version-history":[{"count":0,"href":"https:\/\/www.europesays.com\/fi\/wp-json\/wp\/v2\/posts\/136842\/revisions"}],"wp:featuredmedia":[{"embeddable":true,"href":"https:\/\/www.europesays.com\/fi\/wp-json\/wp\/v2\/media\/136843"}],"wp:attachment":[{"href":"https:\/\/www.europesays.com\/fi\/wp-json\/wp\/v2\/media?parent=136842"}],"wp:term":[{"taxonomy":"category","embeddable":true,"href":"https:\/\/www.europesays.com\/fi\/wp-json\/wp\/v2\/categories?post=136842"},{"taxonomy":"post_tag","embeddable":true,"href":"https:\/\/www.europesays.com\/fi\/wp-json\/wp\/v2\/tags?post=136842"}],"curies":[{"name":"wp","href":"https:\/\/api.w.org\/{rel}","templated":true}]}}