{"id":136856,"date":"2026-01-08T15:13:08","date_gmt":"2026-01-08T15:13:08","guid":{"rendered":"https:\/\/www.europesays.com\/fi\/136856\/"},"modified":"2026-01-08T15:13:08","modified_gmt":"2026-01-08T15:13:08","slug":"suru-uutinen-vesiensuojelupaallikko-ismo-malin-on-menehtynyt","status":"publish","type":"post","link":"https:\/\/www.europesays.com\/fi\/136856\/","title":{"rendered":"Suru-uutinen: Vesiensuojelup\u00e4\u00e4llikk\u00f6 Ismo Malin on menehtynyt"},"content":{"rendered":"<p>\n                                    Vesiensuojelup\u00e4\u00e4llikk\u00f6 Ismo Malin on menehtynyt nopeasti edenneeseen sairauteen 8.1.2026.\n                                <\/p>\n<p>Ismo Malin tunnettiin vahvasta asiantuntemuksestaan ja omistautumisestaan vesien- ja luonnonsuojelulle. Malin oli arvostettu asiantuntija, joka toi Lahden ymp\u00e4rist\u00f6osaamista n\u00e4kyv\u00e4ksi tutkimuksen ja k\u00e4yt\u00e4nn\u00f6n ty\u00f6n kautta.<\/p>\n<p>Kaupunki ottaa osaa omaisten ja l\u00e4heisten suruun. Fellmanniassa on suruliputus perjantaina 9.1.<\/p>\n","protected":false},"excerpt":{"rendered":"Vesiensuojelup\u00e4\u00e4llikk\u00f6 Ismo Malin on menehtynyt nopeasti edenneeseen sairauteen 8.1.2026. Ismo Malin tunnettiin vahvasta asiantuntemuksestaan ja omistautumisestaan vesien- ja&hellip;\n","protected":false},"author":2,"featured_media":49223,"comment_status":"","ping_status":"","sticky":false,"template":"","format":"standard","meta":{"footnotes":""},"categories":[12],"tags":[22,23,26,27,33,31,30,17,24,25,28,29,15,18,21,32,19,20,16],"class_list":{"0":"post-136856","1":"post","2":"type-post","3":"status-publish","4":"format-standard","5":"has-post-thumbnail","7":"category-suomi","8":"tag-breaking-news","9":"tag-breakingnews","10":"tag-featured-news","11":"tag-featurednews","12":"tag-fi","13":"tag-finland","14":"tag-finnish","15":"tag-headlines","16":"tag-latest-news","17":"tag-latestnews","18":"tag-main-news","19":"tag-mainnews","20":"tag-news","21":"tag-otsikot","22":"tag-paauutiset","23":"tag-suomi","24":"tag-top-stories","25":"tag-topstories","26":"tag-uutiset"},"share_on_mastodon":{"url":"","error":""},"_links":{"self":[{"href":"https:\/\/www.europesays.com\/fi\/wp-json\/wp\/v2\/posts\/136856","targetHints":{"allow":["GET"]}}],"collection":[{"href":"https:\/\/www.europesays.com\/fi\/wp-json\/wp\/v2\/posts"}],"about":[{"href":"https:\/\/www.europesays.com\/fi\/wp-json\/wp\/v2\/types\/post"}],"author":[{"embeddable":true,"href":"https:\/\/www.europesays.com\/fi\/wp-json\/wp\/v2\/users\/2"}],"replies":[{"embeddable":true,"href":"https:\/\/www.europesays.com\/fi\/wp-json\/wp\/v2\/comments?post=136856"}],"version-history":[{"count":0,"href":"https:\/\/www.europesays.com\/fi\/wp-json\/wp\/v2\/posts\/136856\/revisions"}],"wp:featuredmedia":[{"embeddable":true,"href":"https:\/\/www.europesays.com\/fi\/wp-json\/wp\/v2\/media\/49223"}],"wp:attachment":[{"href":"https:\/\/www.europesays.com\/fi\/wp-json\/wp\/v2\/media?parent=136856"}],"wp:term":[{"taxonomy":"category","embeddable":true,"href":"https:\/\/www.europesays.com\/fi\/wp-json\/wp\/v2\/categories?post=136856"},{"taxonomy":"post_tag","embeddable":true,"href":"https:\/\/www.europesays.com\/fi\/wp-json\/wp\/v2\/tags?post=136856"}],"curies":[{"name":"wp","href":"https:\/\/api.w.org\/{rel}","templated":true}]}}