{"id":136857,"date":"2026-01-08T15:14:07","date_gmt":"2026-01-08T15:14:07","guid":{"rendered":"https:\/\/www.europesays.com\/fi\/136857\/"},"modified":"2026-01-08T15:14:07","modified_gmt":"2026-01-08T15:14:07","slug":"olen-kyllastynyt-tyohoni-sanoo-rovaniemen-taksiriitojen-keskella-tyoskenteleva-mosa-zainab","status":"publish","type":"post","link":"https:\/\/www.europesays.com\/fi\/136857\/","title":{"rendered":"\u201dOlen kyll\u00e4stynyt ty\u00f6h\u00f6ni\u201d, sanoo Rovaniemen taksiriitojen keskell\u00e4 ty\u00f6skentelev\u00e4 Mosa Zainab"},"content":{"rendered":"<p>Taksikonflikti|Rovaniemen taksipiireiss\u00e4 on kuohunut t\u00e4n\u00e4 talvena. Vaihtelevat hinnat ja lentoaseman ty\u00f6j\u00e4rjestelyt hermostuttavat. Laaja ilkivalta tuli silti ammattikuskille yll\u00e4tyksen\u00e4.<\/p>\n<p class=\"article-body mb-nof-24 px-nof-16\">\u201dOlen kyll\u00e4stynyt ty\u00f6h\u00f6ni taksikuskina\u201d, sanoo <a class=\"font-bold underline-offset-[0.12em] [text-decoration:var(--person-link-text-decoration)] ![text-decoration-color:var(--person-link-text-decoration-color)]\" href=\"https:\/\/www.hs.fi\/haku\/?query=Mosa%20Zainab\" rel=\"nofollow noopener\" target=\"_blank\">Mosa Zainab<\/a>. H\u00e4n istuu autossaan Rovaniemen juna-asemalla ja odottaa asiakkaita. Pakkasta on 27, mutta siihen kymmenen vuotta Lapissa asunut syyrialainen on jo tottunut.<\/p>\n<p class=\"article-body mb-nof-24 px-nof-16\">Mielialaa painavat loppiaisy\u00f6n tapahtumat. Maanantain ja tiistain v\u00e4lisen\u00e4 y\u00f6n\u00e4 Rovaniemell\u00e4 vahingoitettiin useita taksiautoja eri puolilla kaupunkia, poliisin mukaan yhteens\u00e4 yht\u00e4toista autoa. Takseista rikottiin ikkunoita ja yhden auton sis\u00e4ll\u00e4 r\u00e4j\u00e4ytettiin ilotulite.<\/p>\n","protected":false},"excerpt":{"rendered":"Taksikonflikti|Rovaniemen taksipiireiss\u00e4 on kuohunut t\u00e4n\u00e4 talvena. Vaihtelevat hinnat ja lentoaseman ty\u00f6j\u00e4rjestelyt hermostuttavat. Laaja ilkivalta tuli silti ammattikuskille yll\u00e4tyksen\u00e4.&hellip;\n","protected":false},"author":2,"featured_media":136858,"comment_status":"","ping_status":"","sticky":false,"template":"","format":"standard","meta":{"footnotes":""},"categories":[5],"tags":[22,23,26,27,33,31,30,17,46,24,25,28,29,15,18,21,32,19,20,16],"class_list":{"0":"post-136857","1":"post","2":"type-post","3":"status-publish","4":"format-standard","5":"has-post-thumbnail","7":"category-otsikot","8":"tag-breaking-news","9":"tag-breakingnews","10":"tag-featured-news","11":"tag-featurednews","12":"tag-fi","13":"tag-finland","14":"tag-finnish","15":"tag-headlines","16":"tag-helsingin-sanomat","17":"tag-latest-news","18":"tag-latestnews","19":"tag-main-news","20":"tag-mainnews","21":"tag-news","22":"tag-otsikot","23":"tag-paauutiset","24":"tag-suomi","25":"tag-top-stories","26":"tag-topstories","27":"tag-uutiset"},"share_on_mastodon":{"url":"https:\/\/pubeurope.com\/@fi\/115860135111482918","error":""},"_links":{"self":[{"href":"https:\/\/www.europesays.com\/fi\/wp-json\/wp\/v2\/posts\/136857","targetHints":{"allow":["GET"]}}],"collection":[{"href":"https:\/\/www.europesays.com\/fi\/wp-json\/wp\/v2\/posts"}],"about":[{"href":"https:\/\/www.europesays.com\/fi\/wp-json\/wp\/v2\/types\/post"}],"author":[{"embeddable":true,"href":"https:\/\/www.europesays.com\/fi\/wp-json\/wp\/v2\/users\/2"}],"replies":[{"embeddable":true,"href":"https:\/\/www.europesays.com\/fi\/wp-json\/wp\/v2\/comments?post=136857"}],"version-history":[{"count":0,"href":"https:\/\/www.europesays.com\/fi\/wp-json\/wp\/v2\/posts\/136857\/revisions"}],"wp:featuredmedia":[{"embeddable":true,"href":"https:\/\/www.europesays.com\/fi\/wp-json\/wp\/v2\/media\/136858"}],"wp:attachment":[{"href":"https:\/\/www.europesays.com\/fi\/wp-json\/wp\/v2\/media?parent=136857"}],"wp:term":[{"taxonomy":"category","embeddable":true,"href":"https:\/\/www.europesays.com\/fi\/wp-json\/wp\/v2\/categories?post=136857"},{"taxonomy":"post_tag","embeddable":true,"href":"https:\/\/www.europesays.com\/fi\/wp-json\/wp\/v2\/tags?post=136857"}],"curies":[{"name":"wp","href":"https:\/\/api.w.org\/{rel}","templated":true}]}}