{"id":136859,"date":"2026-01-08T15:26:08","date_gmt":"2026-01-08T15:26:08","guid":{"rendered":"https:\/\/www.europesays.com\/fi\/136859\/"},"modified":"2026-01-08T15:26:08","modified_gmt":"2026-01-08T15:26:08","slug":"eva-wahlstrom-kertoo-ikavasta-tilanteesta","status":"publish","type":"post","link":"https:\/\/www.europesays.com\/fi\/136859\/","title":{"rendered":"Eva Wahlstr\u00f6m kertoo ik\u00e4v\u00e4st\u00e4 tilanteesta"},"content":{"rendered":"<p>            Matti Matikainen\n        <\/p>\n<p class=\"subtitle \">Ex-nyrkkeilij\u00e4 Eva Wahlstr\u00f6m kertoi Instagramissaan ik\u00e4v\u00e4n uutisen, arkisesta sattumuksesta.<\/p>\n<p class=\"article-content article-content-width !bg-background\">Ex-nyrkkeilij\u00e4  kertoo torstaina (8.1.) julkaisemassaan <a href=\"https:\/\/www.instagram.com\/eva_wahlstrom\/\" aria-label=\"Eva Wahlstr\u00f6min Instagram\" target=\"_blank\" rel=\"nofollow noopener\">Instagram<\/a>-p\u00e4ivityksess\u00e4 ik\u00e4v\u00e4st\u00e4 tilanteesta, joka sattui h\u00e4nen pojalleen.\u00a0<\/p>\n<p class=\"article-content article-content-width !bg-background\">Mestari-iskij\u00e4 kirjoittaa julkaisunsa kuvatekstiss\u00e4 l\u00e4hes kaikille jossain el\u00e4m\u00e4ns\u00e4 vaiheessa kohdalle osuneesta talvisesta riesasta.<\/p>\n<p>        <a itemprop=\"url\" href=\"https:\/\/www.seiska.fi\/terveys\/sydanoireet-pysayttivat-eva-wahlstromin\/2022869\" rel=\"nofollow noopener\" target=\"_blank\"><\/p>\n<p>\nEva Wahlstr\u00f6m\n<\/p>\n<p class=\"section-date\">\n        <strong class=\"article-section\" data-section=\"terveys\"><br \/>\n            terveys<br \/>\n        <\/strong><br \/>\n        15.12.2025 20:56\n    <\/p>\n<p>Syd\u00e4noireet pys\u00e4yttiv\u00e4t Eva Wahlstr\u00f6min\n    <\/p>\n<p itemprop=\"description\" class=\"subtitle \">\n    Ex-nyrkkeilij\u00e4 joutui laajoihin tutkimuksiin.\n<\/p>\n<p>        <\/a><\/p>\n<p class=\"article-content article-content-width !bg-background\">Eva kertoo jutelleensa aamulla poikansa kanssa siit\u00e4, ett\u00e4 pakkasella kieli tarttuu helposti kiinni metalliin \u2013 ja ett\u00e4 mik\u00e4li niin k\u00e4y, kielen irroittaminen metallista tekee kipe\u00e4\u00e4.<\/p>\n<p>&#8221;En voi sanoa yll\u00e4ttyneeni&#8221;<\/p>\n<p class=\"article-content article-content-width !bg-background\">Eva keskusteli asiasta kokemuksen syv\u00e4ll\u00e4 rinta\u00e4\u00e4nell\u00e4.<\/p>\n<p class=\"article-content article-content-width !bg-background\">\u2013\u00a0Kerroin my\u00f6s, miten mulle k\u00e4vi pienen\u00e4, kun nuolaisin metallista porraskaidetta ja kielest\u00e4 l\u00e4hti iho melkein kokonaan eik\u00e4 pystynyt sy\u00f6m\u00e4\u00e4n moneen p\u00e4iv\u00e4\u00e4n, h\u00e4n kirjoittaa.<\/p>\n<p class=\"article-content article-content-width !bg-background\">Jonkun ajan p\u00e4\u00e4st\u00e4 puhelin kuitenkin soi:<\/p>\n<p class=\"article-content article-content-width !bg-background\">\u2013\u00a0Parin tunnin p\u00e4\u00e4st\u00e4 dagiksesta tuli soitto: Elia oli tarttunut kielell\u00e4 kiinni kiipeilytelineen kaiteeseen, ja nyt kielest\u00e4 vuoti verta.<\/p>\n<p>        <a itemprop=\"url\" href=\"https:\/\/www.seiska.fi\/urheilu\/nyt-puhuu-eva-wahlstrom-suorat-sanat-immun-ja-stagalan-kohuottelusta\/1693568\" rel=\"nofollow noopener\" target=\"_blank\"><\/p>\n<p>\nRaadollinen ulostulo\n<\/p>\n<p class=\"section-date\">\n        <strong class=\"article-section\" data-section=\"urheilu\"><br \/>\n            urheilu<br \/>\n        <\/strong><br \/>\n        6.5.2025 18:30\n    <\/p>\n<p>Nyt puhuu Eva Wahlstr\u00f6m \u2013 suorat sanat Immun ja Stagalan kohuottelusta\n    <\/p>\n<p itemprop=\"description\" class=\"subtitle \">\n    Eva lataa rehellisen mielipiteens\u00e4 viime lauantaina puheenaiheeksi nousseesta Immun ja Stagalan ottelusta.\n<\/p>\n<p>        <\/a><\/p>\n<p class=\"article-content article-content-width !bg-background\">\u2013 No, pitih\u00e4n se kokeilla. En voi sanoa yll\u00e4ttyneeni.<\/p>\n<p class=\"article-content article-content-width !bg-background\">Entinen ammattinyrkkeilij\u00e4 paljastaa tekstiss\u00e4\u00e4n my\u00f6s toistaneensa tempun \u2013 aikuisena.<\/p>\n<p class=\"article-content article-content-width !bg-background\">\u2013\u00a0Kerran kieli tarttui metalliin kiinni my\u00f6s aikuisena. Se tapahtui matkalla kotiin ravintolasta, ja j\u00e4in kiinni liikennemerkkiin, h\u00e4n kirjoittaa l\u00e4hett\u00e4en samalla terveisi\u00e4 Hyvink\u00e4\u00e4lle.<\/p>\n<p class=\"article-content article-content-width !bg-background\">Useita Suomen- ja Pohjoismaiden mestaruuksia amat\u00f6\u00f6rin\u00e4 voittanut Eva nyrkkeili ammattilaisena vuosina 2010\u20132020. Ammattilaisuralta j\u00e4i taskuun muun muassa maailmanmestaruus.<\/p>\n<p><script async src=\"\/\/www.instagram.com\/embed.js\"><\/script><\/p>\n","protected":false},"excerpt":{"rendered":"Matti Matikainen Ex-nyrkkeilij\u00e4 Eva Wahlstr\u00f6m kertoi Instagramissaan ik\u00e4v\u00e4n uutisen, arkisesta sattumuksesta. Ex-nyrkkeilij\u00e4 kertoo torstaina (8.1.) julkaisemassaan Instagram-p\u00e4ivityksess\u00e4 ik\u00e4v\u00e4st\u00e4&hellip;\n","protected":false},"author":2,"featured_media":136860,"comment_status":"","ping_status":"","sticky":false,"template":"","format":"standard","meta":{"footnotes":""},"categories":[136],"tags":[407,137,9874,33,31,30,408,3270,1178,98,32,9764,109],"class_list":{"0":"post-136859","1":"post","2":"type-post","3":"status-publish","4":"format-standard","5":"has-post-thumbnail","7":"category-julkkikset","8":"tag-celebrities","9":"tag-entertainment","10":"tag-eva-wahlstrom","11":"tag-fi","12":"tag-finland","13":"tag-finnish","14":"tag-julkkikset","15":"tag-nyrkkeily","16":"tag-onnettomuus","17":"tag-perhe","18":"tag-suomi","19":"tag-talvi","20":"tag-viihde"},"share_on_mastodon":{"url":"https:\/\/pubeurope.com\/@fi\/115860182344179319","error":""},"_links":{"self":[{"href":"https:\/\/www.europesays.com\/fi\/wp-json\/wp\/v2\/posts\/136859","targetHints":{"allow":["GET"]}}],"collection":[{"href":"https:\/\/www.europesays.com\/fi\/wp-json\/wp\/v2\/posts"}],"about":[{"href":"https:\/\/www.europesays.com\/fi\/wp-json\/wp\/v2\/types\/post"}],"author":[{"embeddable":true,"href":"https:\/\/www.europesays.com\/fi\/wp-json\/wp\/v2\/users\/2"}],"replies":[{"embeddable":true,"href":"https:\/\/www.europesays.com\/fi\/wp-json\/wp\/v2\/comments?post=136859"}],"version-history":[{"count":0,"href":"https:\/\/www.europesays.com\/fi\/wp-json\/wp\/v2\/posts\/136859\/revisions"}],"wp:featuredmedia":[{"embeddable":true,"href":"https:\/\/www.europesays.com\/fi\/wp-json\/wp\/v2\/media\/136860"}],"wp:attachment":[{"href":"https:\/\/www.europesays.com\/fi\/wp-json\/wp\/v2\/media?parent=136859"}],"wp:term":[{"taxonomy":"category","embeddable":true,"href":"https:\/\/www.europesays.com\/fi\/wp-json\/wp\/v2\/categories?post=136859"},{"taxonomy":"post_tag","embeddable":true,"href":"https:\/\/www.europesays.com\/fi\/wp-json\/wp\/v2\/tags?post=136859"}],"curies":[{"name":"wp","href":"https:\/\/api.w.org\/{rel}","templated":true}]}}