{"id":136861,"date":"2026-01-08T15:31:06","date_gmt":"2026-01-08T15:31:06","guid":{"rendered":"https:\/\/www.europesays.com\/fi\/136861\/"},"modified":"2026-01-08T15:31:06","modified_gmt":"2026-01-08T15:31:06","slug":"talta-nayttaa-avengers-veljesten-lapsilta-kielletty-piraattileffa-paaosissa-karl-urban-ja-priyanka-chopra","status":"publish","type":"post","link":"https:\/\/www.europesays.com\/fi\/136861\/","title":{"rendered":"T\u00e4lt\u00e4 n\u00e4ytt\u00e4\u00e4 Avengers-veljesten lapsilta kielletty piraattileffa \u2013 p\u00e4\u00e4osissa Karl Urban ja Priyanka Chopra"},"content":{"rendered":"<p><a href=\"https:\/\/www.esquire.com\/entertainment\/movies\/a69925401\/the-bluff-pirate-movie-first-look\/\" target=\"_blank\" rel=\"noreferrer noopener nofollow\">Esquire-lehti<\/a> on saanut haltuunsa ensimm\u00e4iset kuvat Avengers-veljesten<strong> Joe<\/strong> ja <strong>Anthony Russon<\/strong> tuottamasta The Bluff -elokuvasta.<\/p>\n<p>Piraattielokuva sijoittuu 1800-luvun Karibialle, jossa entinen merirosvonainen joutuu suojelemaan perhett\u00e4\u00e4n, kun menneisyys saapuu heid\u00e4n etuovelleen.<\/p>\n<p>Lue my\u00f6s: <a href=\"https:\/\/www.episodi.fi\/uutiset\/marvelin-hittielokuvia-ohjanneet-joe-ja-anthony-russo-jattivat-netflix-sarjan\/\" title=\"Marvelin hittielokuvia ohjanneet Joe ja Anthony Russo j\u00e4ttiv\u00e4t Netflix-sarjan\" class=\"underline-custom !font-montserrat !font-bold !underline-offset-4 !decoration-4 !decoration-episodi-blue !text-md\" rel=\"nofollow noopener\" target=\"_blank\">Marvelin hittielokuvia ohjanneet Joe ja Anthony Russo j\u00e4ttiv\u00e4t Netflix-sarjan<\/a><\/p>\n<p>Lue my\u00f6s: <a href=\"https:\/\/www.episodi.fi\/uutiset\/siinahan-ovat-professori-x-ja-magneto-katso-avengers-doomsdayn-traileri\/\" title=\"Siin\u00e4h\u00e4n ovat Professori X ja Magneto! \u2013 Katso Avengers: Doomsdayn traileri\" class=\"underline-custom !font-montserrat !font-bold !underline-offset-4 !decoration-4 !decoration-episodi-blue !text-md\" rel=\"nofollow noopener\" target=\"_blank\">Siin\u00e4h\u00e4n ovat Professori X ja Magneto! \u2013 Katso Avengers: Doomsdayn traileri<\/a><\/p>\n<p>Prime Videossa helmikuun lopulla ensi-iltansa saavan elokuvan p\u00e4\u00e4osissa n\u00e4hd\u00e4\u00e4n <strong>Priyanka Chopra<\/strong> ja <strong>Karl Urban <\/strong>verivihollisina.<\/p>\n<p>Muissa rooleissa ovat<strong> Ismael Cruz C\u00f3rdova, Safia Oakley-Green, Vedanten Naidoo, Tamuera Morrison<\/strong> ja <strong>Zack Morris.<\/strong><\/p>\n<p><strong>Frank E. Flowersin<\/strong> ohjaaman elokuvan ovat k\u00e4sikirjoittaneet <strong>Joe Ballarini<\/strong> ja Flowers.<\/p>\n<p>Katso alta kuvat.<\/p>\n<p>Lue my\u00f6s: <a href=\"https:\/\/www.episodi.fi\/uutiskirje\/?uutiskirjemainos=tekstilinkkimainos\" title=\"Tilaa Episodin uutiskirje ja voit voittaa leffalippuja! Nappaa tv-vinkit suoraan s\u00e4hk\u00f6postiin t\u00e4st\u00e4.\" class=\"underline-custom !font-montserrat !font-bold !underline-offset-4 !decoration-4 !decoration-episodi-blue !text-md\" rel=\"nofollow noopener\" target=\"_blank\">Tilaa Episodin uutiskirje ja voit voittaa leffalippuja! Nappaa katseluvinkit suoraan s\u00e4hk\u00f6postiin t\u00e4st\u00e4.<\/a><\/p>\n","protected":false},"excerpt":{"rendered":"Esquire-lehti on saanut haltuunsa ensimm\u00e4iset kuvat Avengers-veljesten Joe ja Anthony Russon tuottamasta The Bluff -elokuvasta. Piraattielokuva sijoittuu 1800-luvun&hellip;\n","protected":false},"author":2,"featured_media":136862,"comment_status":"","ping_status":"","sticky":false,"template":"","format":"standard","meta":{"footnotes":""},"categories":[131],"tags":[2141,155,137,33,173,31,30,172,175,9111,32,23834,109],"class_list":{"0":"post-136861","1":"post","2":"type-post","3":"status-publish","4":"format-standard","5":"has-post-thumbnail","7":"category-elokuvat","8":"tag-avengers","9":"tag-elokuvat","10":"tag-entertainment","11":"tag-fi","12":"tag-film","13":"tag-finland","14":"tag-finnish","15":"tag-movies","16":"tag-prime-video","17":"tag-russon-veljekset","18":"tag-suomi","19":"tag-the-bluff","20":"tag-viihde"},"share_on_mastodon":{"url":"https:\/\/pubeurope.com\/@fi\/115860202295691408","error":""},"_links":{"self":[{"href":"https:\/\/www.europesays.com\/fi\/wp-json\/wp\/v2\/posts\/136861","targetHints":{"allow":["GET"]}}],"collection":[{"href":"https:\/\/www.europesays.com\/fi\/wp-json\/wp\/v2\/posts"}],"about":[{"href":"https:\/\/www.europesays.com\/fi\/wp-json\/wp\/v2\/types\/post"}],"author":[{"embeddable":true,"href":"https:\/\/www.europesays.com\/fi\/wp-json\/wp\/v2\/users\/2"}],"replies":[{"embeddable":true,"href":"https:\/\/www.europesays.com\/fi\/wp-json\/wp\/v2\/comments?post=136861"}],"version-history":[{"count":0,"href":"https:\/\/www.europesays.com\/fi\/wp-json\/wp\/v2\/posts\/136861\/revisions"}],"wp:featuredmedia":[{"embeddable":true,"href":"https:\/\/www.europesays.com\/fi\/wp-json\/wp\/v2\/media\/136862"}],"wp:attachment":[{"href":"https:\/\/www.europesays.com\/fi\/wp-json\/wp\/v2\/media?parent=136861"}],"wp:term":[{"taxonomy":"category","embeddable":true,"href":"https:\/\/www.europesays.com\/fi\/wp-json\/wp\/v2\/categories?post=136861"},{"taxonomy":"post_tag","embeddable":true,"href":"https:\/\/www.europesays.com\/fi\/wp-json\/wp\/v2\/tags?post=136861"}],"curies":[{"name":"wp","href":"https:\/\/api.w.org\/{rel}","templated":true}]}}