{"id":13687,"date":"2025-08-23T02:56:07","date_gmt":"2025-08-23T02:56:07","guid":{"rendered":"https:\/\/www.europesays.com\/fi\/13687\/"},"modified":"2025-08-23T02:56:07","modified_gmt":"2025-08-23T02:56:07","slug":"paakirjoitus-jaarapaisyys-tuli-kaupungille-kalliiksi-paakirjoitus-mielipide","status":"publish","type":"post","link":"https:\/\/www.europesays.com\/fi\/13687\/","title":{"rendered":"P\u00e4\u00e4kirjoitus | J\u00e4\u00e4r\u00e4p\u00e4isyys tuli kaupungille kalliiksi | P\u00e4\u00e4kirjoitus &#038; mielipide"},"content":{"rendered":"<p>Pohjois-Savon kunnat joutuvat pulittamaan j\u00e4lleen lis\u00e4\u00e4 rahaa vuosia jatkuneessa pelastajien varallaolokiistassa, jonka aikana saamisiaan on vaatinut kaikkiaan noin 120 pelastajaa. Heille maksettavien korvausten m\u00e4\u00e4r\u00e4 voi Kuopion kaupunginlakimies Vesa Toivasen mukaan nousta korkoineen yli 20 miljoonan euron. Ylen haastattelussa kaupunginlakimies toteaa, ett\u00e4 &#8221;summa on merkitt\u00e4v\u00e4, mutta uskon t\u00e4m\u00e4n kokoisen kaupungin talouden sen kest\u00e4v\u00e4n ja on kest\u00e4nytkin&#8221;. (<a href=\"https:\/\/yle.fi\/a\/74-20178526\" rel=\"nofollow noopener\" target=\"_blank\">Yle Uutiset 21.8.<\/a>).<\/p>\n<p>Ty\u00f6tuomioistuimen nyt m\u00e4\u00e4r\u00e4\u00e4m\u00e4 2,3 miljoonan euron summa kohdistuu 14 palomiehelle. Pienin maksettava korvaus on 64\u2009000 euroa ja suurin yli 356\u2009000 euroa eli heille maksetaan korvauksena maksamattomista ylit\u00f6ist\u00e4 ja vuorolisist\u00e4, joita oli kertynyt viiden vuoden aikana 2017-2021. Maksajiksi joutuvat kunnat maksuosuuksien suhteessa, sill\u00e4 r\u00e4stit ovat kertyneet ennen pelastustoimen siirtymist\u00e4 hyvinvointialueen vastuulle vuoden 2023 alussa.<\/p>\n<blockquote class=\"voice-no-read rs_skip diks-blockquote\">\n<p class=\"diks-blockquote__text\">Monessa kunnassa saatetaan kiristell\u00e4 hampaita.<\/p>\n<\/blockquote>\n<p>Kiista on kohdistunut siihen, onko pelastajien varallaoloaika ollut ty\u00f6aikaa. Erikoiseksi kiistan teki se, ett\u00e4 Pohjois-Savon pelastuslaitoksen is\u00e4nt\u00e4kuntana toiminut Kuopio ja ammattiliitot olivat sopineet minimitason ylitt\u00e4vist\u00e4 korvauksista. My\u00f6hemmin paljastui, ett\u00e4 sopimusmuotoilu oli ep\u00e4onnistunut, mink\u00e4 vuoksi varallaoloaika muuttuikin ajaksi, jolta pit\u00e4\u00e4 maksaa t\u00e4ytt\u00e4 palkkaa ylity\u00f6-, ilta-, pyh\u00e4- ja y\u00f6ty\u00f6korvauksineen.<\/p>\n<p>Kuopion kaupungin osuus korvauksista on noin 40 prosenttia. Loput jakautuvat pienempien kuntien kesken. Kuopion kaupungin j\u00e4\u00e4r\u00e4p\u00e4isyys on tullut niin kalliiksi, ett\u00e4 sen j\u00e4rkevyys on kyseenalaista. Pelk\u00e4t korot korvauksista viidelt\u00e4 viime vuodelta nousevat miljooniin euroihin, kun p\u00e4\u00e4oman p\u00e4\u00e4lle on kertynyt korkoa ja viel\u00e4 korolle korkoa. Jos Kuopio korvaukset kest\u00e4\u00e4kin, monessa kunnassa saatetaan kiristell\u00e4 hampaita.<\/p>\n<p>Nyt kun asiaa on puitu ja osittain yh\u00e4 puidaan oikeudessa, Kuopiolla ja muilla maakunnan kunnilla alkaa olla tarkka k\u00e4sitys siit\u00e4, miten varallaolo tulkitaan suhteessa ty\u00f6aikanormeihin. Sopii vain kysy\u00e4, mit\u00e4 hy\u00f6ty\u00e4 kunnille oli k\u00e4yd\u00e4 oikeutta vuosikausia, kun viimeist\u00e4\u00e4n vuonna 2021 tiedettiin koko pelastustoimen siirtyv\u00e4n hyvinvointialueille koko maassa.<\/p>\n<p>Ty\u00f6tuomioistuin moitti aivan aiheesta Kuopion kaupunkia ja Kunta- ja hyvinvointialuety\u00f6antajat KT:t\u00e4 siit\u00e4, ett\u00e4 ne veiv\u00e4t viimeisimm\u00e4n 14 ty\u00f6ntekij\u00e4n riita-asian oikeuteen, vaikka aiemmin annettujen tuomioiden perusteella olisi pit\u00e4nyt ymm\u00e4rt\u00e4\u00e4, ettei asia ole en\u00e4\u00e4 oikeudellisesti ep\u00e4selv\u00e4 (<a href=\"https:\/\/www.savonsanomat.fi\/paikalliset\/8781002\" rel=\"nofollow noopener\" target=\"_blank\">Savon Sanomat 21.8.<\/a>).<\/p>\n","protected":false},"excerpt":{"rendered":"Pohjois-Savon kunnat joutuvat pulittamaan j\u00e4lleen lis\u00e4\u00e4 rahaa vuosia jatkuneessa pelastajien varallaolokiistassa, jonka aikana saamisiaan on vaatinut kaikkiaan noin&hellip;\n","protected":false},"author":2,"featured_media":13688,"comment_status":"","ping_status":"","sticky":false,"template":"","format":"standard","meta":{"footnotes":""},"categories":[12],"tags":[22,23,26,27,33,31,30,17,1132,4162,24,25,28,29,15,18,21,32,19,20,2371,860,862,5633,5634,16],"class_list":{"0":"post-13687","1":"post","2":"type-post","3":"status-publish","4":"format-standard","5":"has-post-thumbnail","7":"category-suomi","8":"tag-breaking-news","9":"tag-breakingnews","10":"tag-featured-news","11":"tag-featurednews","12":"tag-fi","13":"tag-finland","14":"tag-finnish","15":"tag-headlines","16":"tag-kuopio","17":"tag-kuopion-kaupunki","18":"tag-latest-news","19":"tag-latestnews","20":"tag-main-news","21":"tag-mainnews","22":"tag-news","23":"tag-otsikot","24":"tag-paauutiset","25":"tag-suomi","26":"tag-top-stories","27":"tag-topstories","28":"tag-tyo-ja-raha","29":"tag-tyoelama","30":"tag-tyollisyys","31":"tag-tyomarkkinapolitiikka","32":"tag-tyopolitiikka","33":"tag-uutiset"},"share_on_mastodon":{"url":"","error":""},"_links":{"self":[{"href":"https:\/\/www.europesays.com\/fi\/wp-json\/wp\/v2\/posts\/13687","targetHints":{"allow":["GET"]}}],"collection":[{"href":"https:\/\/www.europesays.com\/fi\/wp-json\/wp\/v2\/posts"}],"about":[{"href":"https:\/\/www.europesays.com\/fi\/wp-json\/wp\/v2\/types\/post"}],"author":[{"embeddable":true,"href":"https:\/\/www.europesays.com\/fi\/wp-json\/wp\/v2\/users\/2"}],"replies":[{"embeddable":true,"href":"https:\/\/www.europesays.com\/fi\/wp-json\/wp\/v2\/comments?post=13687"}],"version-history":[{"count":0,"href":"https:\/\/www.europesays.com\/fi\/wp-json\/wp\/v2\/posts\/13687\/revisions"}],"wp:featuredmedia":[{"embeddable":true,"href":"https:\/\/www.europesays.com\/fi\/wp-json\/wp\/v2\/media\/13688"}],"wp:attachment":[{"href":"https:\/\/www.europesays.com\/fi\/wp-json\/wp\/v2\/media?parent=13687"}],"wp:term":[{"taxonomy":"category","embeddable":true,"href":"https:\/\/www.europesays.com\/fi\/wp-json\/wp\/v2\/categories?post=13687"},{"taxonomy":"post_tag","embeddable":true,"href":"https:\/\/www.europesays.com\/fi\/wp-json\/wp\/v2\/tags?post=13687"}],"curies":[{"name":"wp","href":"https:\/\/api.w.org\/{rel}","templated":true}]}}