{"id":136881,"date":"2026-01-08T15:57:06","date_gmt":"2026-01-08T15:57:06","guid":{"rendered":"https:\/\/www.europesays.com\/fi\/136881\/"},"modified":"2026-01-08T15:57:06","modified_gmt":"2026-01-08T15:57:06","slug":"sekopainen-the-beauty-sarja-nayttaa-disneyn-kiinnostavimmalta-uutuudelta-tammikuussa","status":"publish","type":"post","link":"https:\/\/www.europesays.com\/fi\/136881\/","title":{"rendered":"Sekop\u00e4inen The Beauty -sarja n\u00e4ytt\u00e4\u00e4 Disney+:n kiinnostavimmalta uutuudelta tammikuussa"},"content":{"rendered":"<p>Ryan Murphyn luoma The Beauty alkaa Disney+:ssa 22. tammikuuta.<\/p>\n<p>Disney+ on julkaissut uuden trailerin 22. tammikuuta alkavasta uutuussarjastaan The Beauty. J\u00e4nnityssarjan on luonut <a href=\"https:\/\/muropaketti.com\/avainsana\/ryan-murphy\/\" rel=\"nofollow noopener\" target=\"_blank\">Ryan Murphy<\/a> (American Horror Story, Monster-sarja), ja se p\u00e4\u00e4osia esitt\u00e4v\u00e4t Evan Peters ja Rebecca Hall.<\/p>\n<p>Tiedotteen mukaan:<\/p>\n<p>\u201cFX:n sarjassa The Beauty huippumuodin loistelias maailma saa synk\u00e4n k\u00e4\u00e4nteen, kun kansainv\u00e4lisi\u00e4 supermalleja alkaa kuolla brutaaleilla ja arvoituksellisilla tavoilla. FBI-agentit Cooper Madsen (Evan Peters) ja Jordan Bennett (Rebecca Hall) l\u00e4hetet\u00e4\u00e4n Pariisiin selvitt\u00e4m\u00e4\u00e4n tapausta. Tutkinnan edetess\u00e4 he paljastavat sukupuoliteitse levi\u00e4v\u00e4n viruksen, joka muuttaa tavalliset ihmiset fyysisen t\u00e4ydellisyyden ruumiillistumiksi, mutta kauhistuttavin seurauksin. He ajautuvat suoraan The Corporationin ristituleen. Yhti\u00f6t\u00e4 johtaa teknologiamiljard\u00f6\u00f6ri (Ashton Kutcher), joka on salaa kehitt\u00e4nyt ihmel\u00e4\u00e4kkeen nimelt\u00e4 The Beauty. H\u00e4n on valmis tekem\u00e4\u00e4n mit\u00e4 tahansa suojellakseen biljoonan dollarin imperiumiaan, jopa vapauttamaan tappavan k\u00e4tyrins\u00e4 The Assassinin (Anthony Ramos). Epidemian levitess\u00e4 ep\u00e4toivoinen ulkopuolinen Jeremy (Jeremy Pope) ajautuu kaaoksen keskelle etsiess\u00e4\u00e4n el\u00e4m\u00e4lleen tarkoitusta. Samaan aikaan agentit jahtaavat uhkaa Pariisista Venetsian ja Rooman kautta New Yorkiin pys\u00e4ytt\u00e4\u00e4kseen uhan, joka vois muuttaa koko ihmiskunnan tulevaisuuden.\u201d<\/p>\n<p>Muissa rooleissa n\u00e4hd\u00e4\u00e4n muun muassa Amelia Gray Hamlin, Ari Graynor, Bella Hadid, Ben Platt, Billy Eichner, Isabella Rossellini, Jaquel Spivey, Jessica Alexander, Jon Jon Briones, John Carroll Lynch, Julie Halston, Lux Pascal, Meghan Trainor, Nicola Peltz Beckham, Peter Gallagher ja Vincent D\u2019Onofrio.<\/p>\n<p>Sarja pohjautuu Jeremy Haunin ja Jason A. Hurleyn sarjakuvaan ja sen on Murphyn kanssa k\u00e4sikirjoittanut yhdess\u00e4 Matthew Hodgson.<\/p>\n<p>11 jaksosta koostuvan sarjan ensimm\u00e4inen kausi alkaa kolmen jakson voimin, jonka j\u00e4lkeen uudet jaksot julkaistaan viikoittain torstaisin. Kahdella viimeisell\u00e4 viikolla julkaistaan kummallakin kaksi uutta jaksoa.<\/p>\n","protected":false},"excerpt":{"rendered":"Ryan Murphyn luoma The Beauty alkaa Disney+:ssa 22. tammikuuta. Disney+ on julkaissut uuden trailerin 22. tammikuuta alkavasta uutuussarjastaan&hellip;\n","protected":false},"author":2,"featured_media":136882,"comment_status":"","ping_status":"","sticky":false,"template":"","format":"standard","meta":{"footnotes":""},"categories":[131],"tags":[298,5993,155,2873,137,23604,33,173,31,30,172,18715,10164,1369,32,109],"class_list":{"0":"post-136881","1":"post","2":"type-post","3":"status-publish","4":"format-standard","5":"has-post-thumbnail","7":"category-elokuvat","8":"tag-disney","9":"tag-disney-sarjat","10":"tag-elokuvat","11":"tag-elokuvatrailerit","12":"tag-entertainment","13":"tag-evan-peters","14":"tag-fi","15":"tag-film","16":"tag-finland","17":"tag-finnish","18":"tag-movies","19":"tag-rebecca-hall","20":"tag-ryan-murphy","21":"tag-sarjat","22":"tag-suomi","23":"tag-viihde"},"share_on_mastodon":{"url":"https:\/\/pubeurope.com\/@fi\/115860304221828390","error":""},"_links":{"self":[{"href":"https:\/\/www.europesays.com\/fi\/wp-json\/wp\/v2\/posts\/136881","targetHints":{"allow":["GET"]}}],"collection":[{"href":"https:\/\/www.europesays.com\/fi\/wp-json\/wp\/v2\/posts"}],"about":[{"href":"https:\/\/www.europesays.com\/fi\/wp-json\/wp\/v2\/types\/post"}],"author":[{"embeddable":true,"href":"https:\/\/www.europesays.com\/fi\/wp-json\/wp\/v2\/users\/2"}],"replies":[{"embeddable":true,"href":"https:\/\/www.europesays.com\/fi\/wp-json\/wp\/v2\/comments?post=136881"}],"version-history":[{"count":0,"href":"https:\/\/www.europesays.com\/fi\/wp-json\/wp\/v2\/posts\/136881\/revisions"}],"wp:featuredmedia":[{"embeddable":true,"href":"https:\/\/www.europesays.com\/fi\/wp-json\/wp\/v2\/media\/136882"}],"wp:attachment":[{"href":"https:\/\/www.europesays.com\/fi\/wp-json\/wp\/v2\/media?parent=136881"}],"wp:term":[{"taxonomy":"category","embeddable":true,"href":"https:\/\/www.europesays.com\/fi\/wp-json\/wp\/v2\/categories?post=136881"},{"taxonomy":"post_tag","embeddable":true,"href":"https:\/\/www.europesays.com\/fi\/wp-json\/wp\/v2\/tags?post=136881"}],"curies":[{"name":"wp","href":"https:\/\/api.w.org\/{rel}","templated":true}]}}