{"id":136890,"date":"2026-01-08T16:04:07","date_gmt":"2026-01-08T16:04:07","guid":{"rendered":"https:\/\/www.europesays.com\/fi\/136890\/"},"modified":"2026-01-08T16:04:07","modified_gmt":"2026-01-08T16:04:07","slug":"graham-trump-naytti-vihreaa-valoa-koville-pakotteille-venajaa-vastaan","status":"publish","type":"post","link":"https:\/\/www.europesays.com\/fi\/136890\/","title":{"rendered":"Graham: Trump n\u00e4ytti vihre\u00e4\u00e4 valoa koville pakotteille Ven\u00e4j\u00e4\u00e4 vastaan"},"content":{"rendered":"<p>Varmaa tietoa ei ole siit\u00e4, mink\u00e4lainen lakipaketti lopulta olisi \u00e4\u00e4nestyksen kohteena.<\/p>\n<p class=\"article-body mb-nof-24 px-nof-16\">Yhdysvaltain presidentin <a class=\"font-bold underline-offset-[0.12em] [text-decoration:var(--person-link-text-decoration)] ![text-decoration-color:var(--person-link-text-decoration-color)]\" href=\"https:\/\/www.is.fi\/haku\/?query=Donald%20Trumpin\" rel=\"nofollow noopener\" target=\"_blank\">Donald Trumpin<\/a> liittolainen, senaattori <a class=\"font-bold underline-offset-[0.12em] [text-decoration:var(--person-link-text-decoration)] ![text-decoration-color:var(--person-link-text-decoration-color)]\" href=\"https:\/\/www.is.fi\/haku\/?query=Lindsey%20Graham\" rel=\"nofollow noopener\" target=\"_blank\">Lindsey Graham<\/a> kertoo X:ss\u00e4, ett\u00e4 Trump on n\u00e4ytt\u00e4nyt vihre\u00e4\u00e4 valoa sek\u00e4 republikaanien ett\u00e4 demokraattien tukemalle pakotepaketille Ven\u00e4j\u00e4\u00e4 vastaan.<\/p>\n<p class=\"article-body mb-nof-24 px-nof-16\">\u2013\u2009T\u00e4n\u00e4\u00e4n presidentti Trumpin kanssa k\u00e4ydyn eritt\u00e4in tuottoisan tapaamisen j\u00e4lkeen, jossa k\u00e4siteltiin useita eri aiheita, h\u00e4n antoi vihre\u00e4\u00e4 valoa molempien puoluerajat ylitt\u00e4ville Ven\u00e4j\u00e4n vastaisille pakotteille, joita olen ty\u00f6st\u00e4nyt kuukausia senaattori [<a class=\"font-bold underline-offset-[0.12em] [text-decoration:var(--person-link-text-decoration)] ![text-decoration-color:var(--person-link-text-decoration-color)]\" href=\"https:\/\/www.is.fi\/haku\/?query=Richard\" rel=\"nofollow noopener\" target=\"_blank\">Richard<\/a>] <a class=\"font-bold underline-offset-[0.12em] [text-decoration:var(--person-link-text-decoration)] ![text-decoration-color:var(--person-link-text-decoration-color)]\" href=\"https:\/\/www.is.fi\/haku\/?query=Blumenthalin\" rel=\"nofollow noopener\" target=\"_blank\">Blumenthalin<\/a> ja monien muiden kanssa, Graham kertoo.<\/p>\n<p class=\"article-body mb-nof-24 px-nof-16\">\u2013\u2009T\u00e4m\u00e4 laki antaa presidentti Trumpille mahdollisuuden rangaista niit\u00e4 maita, jotka ostavat halpaa ven\u00e4l\u00e4ist\u00e4 \u00f6ljy\u00e4, ruokkien Putinin sotakoneistoa.<\/p>\n<p class=\"article-body mb-nof-24 px-nof-16\">Graham sanoo odottavansa, ett\u00e4 pakotepaketista \u00e4\u00e4nestett\u00e4isiin mahdollisesti jo ensi viikolla.<\/p>\n<p class=\"article-body mb-nof-24 px-nof-16\">Graham ja senaatin republikaanijohtajat ovat ty\u00f6skennelleet Valkoisen talon kanssa kuukausia p\u00e4\u00e4st\u00e4kseen yhteisymm\u00e4rrykseen lain lopullisesta muodosta. T\u00e4m\u00e4 ei ole ensimm\u00e4inen kerta, kun Graham on sanonut, ett\u00e4 lakia vihdoin edistett\u00e4isiin, mutta n\u00e4in ei ole tapahtunut, <a class=\"underline underline-offset-[0.12em] [text-decoration-thickness:var(--generic-link-underline-thickness)] [text-decoration-color:var(--generic-link-underline-color)] [text-decoration-skip-ink:var(--generic-link-underline-skip-ink)] break-words\" href=\"https:\/\/www.politico.com\/live-updates\/2026\/01\/07\/congress\/russia-sanctions-lindsey-graham-00715548\" rel=\"nofollow noopener\" target=\"_blank\">Politico<\/a> kertoo.<\/p>\n<p class=\"article-body mb-nof-24 px-nof-16\">Pakotepaketissa on kyse toissijaisista pakotteista maita kuten Kiinaa ja Intiaa kohtaan, jotka ostavat \u00f6ljy\u00e4 ja kaasua Ven\u00e4j\u00e4lt\u00e4. Lain my\u00f6t\u00e4 Yhdysvallat asettaisi 500 prosentin tuontitullit ven\u00e4l\u00e4ist\u00e4 \u00f6ljy\u00e4, uraania ja polttoainetuotteita ostavien maiden tuotteille. Pakotteiden tarkoituksena olisi iske\u00e4 Ven\u00e4j\u00e4n kykyyn rahoittaa sotaansa Ukrainassa.<\/p>\n<p class=\"article-body mb-nof-24 px-nof-16\">Ep\u00e4selv\u00e4\u00e4 on, mink\u00e4lainen lakiehdotus lopulta olisi \u00e4\u00e4nestett\u00e4v\u00e4n\u00e4. Jo <a class=\"underline underline-offset-[0.12em] [text-decoration-thickness:var(--generic-link-underline-thickness)] [text-decoration-color:var(--generic-link-underline-color)] [text-decoration-skip-ink:var(--generic-link-underline-skip-ink)] break-words\" href=\"https:\/\/www.is.fi\/ulkomaat\/art-2000011284875.html\" rel=\"nofollow noopener\" target=\"_blank\">kes\u00e4kuussa uutisoitiin<\/a>, ett\u00e4 Valkoinen talo oli pyrkinyt heikent\u00e4m\u00e4\u00e4n merkitt\u00e4v\u00e4sti pakote-esityst\u00e4, sill\u00e4 Trump pelk\u00e4\u00e4 sen vahingoittavan h\u00e4nen tavoitettaan elvytt\u00e4\u00e4 Yhdysvaltojen ja Ven\u00e4j\u00e4n v\u00e4linen suhde.<\/p>\n","protected":false},"excerpt":{"rendered":"Varmaa tietoa ei ole siit\u00e4, mink\u00e4lainen lakipaketti lopulta olisi \u00e4\u00e4nestyksen kohteena. Yhdysvaltain presidentin Donald Trumpin liittolainen, senaattori Lindsey&hellip;\n","protected":false},"author":2,"featured_media":136891,"comment_status":"","ping_status":"","sticky":false,"template":"","format":"standard","meta":{"footnotes":""},"categories":[14],"tags":[22,23,26,27,33,31,30,17,34,24,25,28,29,15,18,21,32,19,20,56,16,59,60,61],"class_list":{"0":"post-136890","1":"post","2":"type-post","3":"status-publish","4":"format-standard","5":"has-post-thumbnail","7":"category-ulkomaat","8":"tag-breaking-news","9":"tag-breakingnews","10":"tag-featured-news","11":"tag-featurednews","12":"tag-fi","13":"tag-finland","14":"tag-finnish","15":"tag-headlines","16":"tag-ilta-sanomat","17":"tag-latest-news","18":"tag-latestnews","19":"tag-main-news","20":"tag-mainnews","21":"tag-news","22":"tag-otsikot","23":"tag-paauutiset","24":"tag-suomi","25":"tag-top-stories","26":"tag-topstories","27":"tag-ulkomaat","28":"tag-uutiset","29":"tag-world","30":"tag-world-news","31":"tag-worldnews"},"share_on_mastodon":{"url":"https:\/\/pubeurope.com\/@fi\/115860331795029515","error":""},"_links":{"self":[{"href":"https:\/\/www.europesays.com\/fi\/wp-json\/wp\/v2\/posts\/136890","targetHints":{"allow":["GET"]}}],"collection":[{"href":"https:\/\/www.europesays.com\/fi\/wp-json\/wp\/v2\/posts"}],"about":[{"href":"https:\/\/www.europesays.com\/fi\/wp-json\/wp\/v2\/types\/post"}],"author":[{"embeddable":true,"href":"https:\/\/www.europesays.com\/fi\/wp-json\/wp\/v2\/users\/2"}],"replies":[{"embeddable":true,"href":"https:\/\/www.europesays.com\/fi\/wp-json\/wp\/v2\/comments?post=136890"}],"version-history":[{"count":0,"href":"https:\/\/www.europesays.com\/fi\/wp-json\/wp\/v2\/posts\/136890\/revisions"}],"wp:featuredmedia":[{"embeddable":true,"href":"https:\/\/www.europesays.com\/fi\/wp-json\/wp\/v2\/media\/136891"}],"wp:attachment":[{"href":"https:\/\/www.europesays.com\/fi\/wp-json\/wp\/v2\/media?parent=136890"}],"wp:term":[{"taxonomy":"category","embeddable":true,"href":"https:\/\/www.europesays.com\/fi\/wp-json\/wp\/v2\/categories?post=136890"},{"taxonomy":"post_tag","embeddable":true,"href":"https:\/\/www.europesays.com\/fi\/wp-json\/wp\/v2\/tags?post=136890"}],"curies":[{"name":"wp","href":"https:\/\/api.w.org\/{rel}","templated":true}]}}