{"id":136894,"date":"2026-01-08T16:06:07","date_gmt":"2026-01-08T16:06:07","guid":{"rendered":"https:\/\/www.europesays.com\/fi\/136894\/"},"modified":"2026-01-08T16:06:07","modified_gmt":"2026-01-08T16:06:07","slug":"kantasolurekisteriin-liittyminen-on-helppoa-muistathan-palauttaa-liittymisnaytteen","status":"publish","type":"post","link":"https:\/\/www.europesays.com\/fi\/136894\/","title":{"rendered":"Kantasolurekisteriin liittyminen on helppoa \u2013 muistathan palauttaa liittymisn\u00e4ytteen"},"content":{"rendered":"<p class=\"entry__excerpt lead\">Kantasoluluovuttaja voi konkreettisesti pelastaa vakavasti sairastuneen hengen. Luovuttajia etsit\u00e4\u00e4n Kantasolurekisterist\u00e4, johon tarvitaan uusia j\u00e4seni\u00e4 jatkuvasti. Liittyminen k\u00e4y helposti joko Veripalvelun toimipisteess\u00e4 tai tilaamalla n\u00e4ytesetin kotiin. Liittymisn\u00e4ytteen palauttaminen Veripalveluun on liittymisen ratkaiseva vaihe. <\/p>\n","protected":false},"excerpt":{"rendered":"Kantasoluluovuttaja voi konkreettisesti pelastaa vakavasti sairastuneen hengen. Luovuttajia etsit\u00e4\u00e4n Kantasolurekisterist\u00e4, johon tarvitaan uusia j\u00e4seni\u00e4 jatkuvasti. Liittyminen k\u00e4y helposti&hellip;\n","protected":false},"author":2,"featured_media":136895,"comment_status":"","ping_status":"","sticky":false,"template":"","format":"standard","meta":{"footnotes":""},"categories":[5],"tags":[22,23,26,27,33,31,30,17,24,25,28,29,15,18,21,32,19,20,16],"class_list":{"0":"post-136894","1":"post","2":"type-post","3":"status-publish","4":"format-standard","5":"has-post-thumbnail","7":"category-otsikot","8":"tag-breaking-news","9":"tag-breakingnews","10":"tag-featured-news","11":"tag-featurednews","12":"tag-fi","13":"tag-finland","14":"tag-finnish","15":"tag-headlines","16":"tag-latest-news","17":"tag-latestnews","18":"tag-main-news","19":"tag-mainnews","20":"tag-news","21":"tag-otsikot","22":"tag-paauutiset","23":"tag-suomi","24":"tag-top-stories","25":"tag-topstories","26":"tag-uutiset"},"share_on_mastodon":{"url":"https:\/\/pubeurope.com\/@fi\/115860339601799830","error":""},"_links":{"self":[{"href":"https:\/\/www.europesays.com\/fi\/wp-json\/wp\/v2\/posts\/136894","targetHints":{"allow":["GET"]}}],"collection":[{"href":"https:\/\/www.europesays.com\/fi\/wp-json\/wp\/v2\/posts"}],"about":[{"href":"https:\/\/www.europesays.com\/fi\/wp-json\/wp\/v2\/types\/post"}],"author":[{"embeddable":true,"href":"https:\/\/www.europesays.com\/fi\/wp-json\/wp\/v2\/users\/2"}],"replies":[{"embeddable":true,"href":"https:\/\/www.europesays.com\/fi\/wp-json\/wp\/v2\/comments?post=136894"}],"version-history":[{"count":0,"href":"https:\/\/www.europesays.com\/fi\/wp-json\/wp\/v2\/posts\/136894\/revisions"}],"wp:featuredmedia":[{"embeddable":true,"href":"https:\/\/www.europesays.com\/fi\/wp-json\/wp\/v2\/media\/136895"}],"wp:attachment":[{"href":"https:\/\/www.europesays.com\/fi\/wp-json\/wp\/v2\/media?parent=136894"}],"wp:term":[{"taxonomy":"category","embeddable":true,"href":"https:\/\/www.europesays.com\/fi\/wp-json\/wp\/v2\/categories?post=136894"},{"taxonomy":"post_tag","embeddable":true,"href":"https:\/\/www.europesays.com\/fi\/wp-json\/wp\/v2\/tags?post=136894"}],"curies":[{"name":"wp","href":"https:\/\/api.w.org\/{rel}","templated":true}]}}