{"id":136896,"date":"2026-01-08T16:18:07","date_gmt":"2026-01-08T16:18:07","guid":{"rendered":"https:\/\/www.europesays.com\/fi\/136896\/"},"modified":"2026-01-08T16:18:07","modified_gmt":"2026-01-08T16:18:07","slug":"brigitte-bardotn-kuolinsyy-vahvistettu-episodi-fi","status":"publish","type":"post","link":"https:\/\/www.europesays.com\/fi\/136896\/","title":{"rendered":"Brigitte Bardot&#8217;n kuolinsyy vahvistettu &#8211; Episodi.fi"},"content":{"rendered":"<p>91-vuotiaana menehtyneen <strong>Brigitte Bardot\u2019n<\/strong> kuolinsyy on julkaistu.<\/p>\n<p>Puoliso <strong>Bernard d\u2019Ormale <\/strong>vahvisti Paris Match -viikkolehdelle, ett\u00e4 Bardot menehtyi sy\u00f6p\u00e4\u00e4n. Sy\u00f6p\u00e4 oli diagnosoitu jo aiemmin.<\/p>\n<p>H\u00e4n menehtyi rauhallisesti Saint-Tropezin kodissaan, kahden sy\u00f6p\u00e4leikkauksen ja pitkien selk\u00e4kipujen j\u00e4lkeen 28.12.2025.<\/p>\n<p>Lue my\u00f6s: <a href=\"https:\/\/www.episodi.fi\/uutiset\/brigitte-bardot-on-kuollut-91-vuotiaana\/\" title=\"Brigitte Bardot on kuollut 91-vuotiaana\" class=\"underline-custom !font-montserrat !font-bold !underline-offset-4 !decoration-4 !decoration-episodi-blue !text-md\" rel=\"nofollow noopener\" target=\"_blank\">Brigitte Bardot on kuollut 91-vuotiaana<\/a><\/p>\n<p>Lue my\u00f6s: <a href=\"https:\/\/www.episodi.fi\/uutiset\/suosikkilaulaja-kunnioitti-brigitte-bardotn-muistoa-joutui-osoittamaan-katumustaan-kun-seuraajat-laksyttivat\/\" title=\"Suosikkilaulaja kunnioitti Brigitte Bardot\u2019n muistoa \u2013\u00a0Joutui osoittamaan katumustaan, kun seuraajat l\u00e4ksyttiv\u00e4t\" class=\"underline-custom !font-montserrat !font-bold !underline-offset-4 !decoration-4 !decoration-episodi-blue !text-md\" rel=\"nofollow noopener\" target=\"_blank\">Suosikkilaulaja kunnioitti Brigitte Bardot\u2019n muistoa \u2013\u00a0Joutui osoittamaan katumustaan, kun seuraajat l\u00e4ksyttiv\u00e4t<\/a><\/p>\n<p>D\u2019Ormale kertoi olleensa vaimonsa rinnalla t\u00e4m\u00e4n loppuhetkill\u00e4.<\/p>\n<p>\u201cEn j\u00e4tt\u00e4nyt h\u00e4nt\u00e4 hetkeksik\u00e4\u00e4n. Kuulin h\u00e4nen sanovan \u201dPioupiou\u201d (\u201dsalaisuutemme\u201d), ja se oli ohi. Rauha laskeutui h\u00e4nen kasvoilleen \u2013 h\u00e4n n\u00e4ytti nuorelta ja kauniilta. Ette uskoisi, ett\u00e4 h\u00e4n oli 91\u201d, puoliso kertoi.<\/p>\n<p>Bardot ja Bernard d\u2019Ormale meniv\u00e4t naimisiin vuonna 1992 ja avioliitto kesti yli 33 vuotta.<\/p>\n<p>L\u00e4hde: <a href=\"https:\/\/screenrant.com\/brigitte-bardot-cause-of-death-confirmed\/\" rel=\"nofollow noopener\" target=\"_blank\">ScreenRant<\/a><\/p>\n","protected":false},"excerpt":{"rendered":"91-vuotiaana menehtyneen Brigitte Bardot\u2019n kuolinsyy on julkaistu. Puoliso Bernard d\u2019Ormale vahvisti Paris Match -viikkolehdelle, ett\u00e4 Bardot menehtyi sy\u00f6p\u00e4\u00e4n.&hellip;\n","protected":false},"author":2,"featured_media":136897,"comment_status":"","ping_status":"","sticky":false,"template":"","format":"standard","meta":{"footnotes":""},"categories":[136],"tags":[14712,407,137,33,31,30,408,32,109],"class_list":{"0":"post-136896","1":"post","2":"type-post","3":"status-publish","4":"format-standard","5":"has-post-thumbnail","7":"category-julkkikset","8":"tag-brigitte-bardot","9":"tag-celebrities","10":"tag-entertainment","11":"tag-fi","12":"tag-finland","13":"tag-finnish","14":"tag-julkkikset","15":"tag-suomi","16":"tag-viihde"},"share_on_mastodon":{"url":"https:\/\/pubeurope.com\/@fi\/115860386789774013","error":""},"_links":{"self":[{"href":"https:\/\/www.europesays.com\/fi\/wp-json\/wp\/v2\/posts\/136896","targetHints":{"allow":["GET"]}}],"collection":[{"href":"https:\/\/www.europesays.com\/fi\/wp-json\/wp\/v2\/posts"}],"about":[{"href":"https:\/\/www.europesays.com\/fi\/wp-json\/wp\/v2\/types\/post"}],"author":[{"embeddable":true,"href":"https:\/\/www.europesays.com\/fi\/wp-json\/wp\/v2\/users\/2"}],"replies":[{"embeddable":true,"href":"https:\/\/www.europesays.com\/fi\/wp-json\/wp\/v2\/comments?post=136896"}],"version-history":[{"count":0,"href":"https:\/\/www.europesays.com\/fi\/wp-json\/wp\/v2\/posts\/136896\/revisions"}],"wp:featuredmedia":[{"embeddable":true,"href":"https:\/\/www.europesays.com\/fi\/wp-json\/wp\/v2\/media\/136897"}],"wp:attachment":[{"href":"https:\/\/www.europesays.com\/fi\/wp-json\/wp\/v2\/media?parent=136896"}],"wp:term":[{"taxonomy":"category","embeddable":true,"href":"https:\/\/www.europesays.com\/fi\/wp-json\/wp\/v2\/categories?post=136896"},{"taxonomy":"post_tag","embeddable":true,"href":"https:\/\/www.europesays.com\/fi\/wp-json\/wp\/v2\/tags?post=136896"}],"curies":[{"name":"wp","href":"https:\/\/api.w.org\/{rel}","templated":true}]}}