{"id":136915,"date":"2026-01-08T16:48:06","date_gmt":"2026-01-08T16:48:06","guid":{"rendered":"https:\/\/www.europesays.com\/fi\/136915\/"},"modified":"2026-01-08T16:48:06","modified_gmt":"2026-01-08T16:48:06","slug":"vuonna-1983-julkaistiin-kiintoisa-lehti-ilmoitus-metallica-etsii-riehakasta-raakaa-ja-sisukasta-keulakuvaa","status":"publish","type":"post","link":"https:\/\/www.europesays.com\/fi\/136915\/","title":{"rendered":"Vuonna 1983 julkaistiin kiintoisa lehti-ilmoitus: &#8221;Metallica etsii riehakasta, raakaa ja sisukasta keulakuvaa&#8221;"},"content":{"rendered":"<p>Nyt on <a href=\"https:\/\/www.loudersound.com\/bands-artists\/metallica-launched-worldwide-search-for-new-vocalist\" rel=\"nofollow noopener\" target=\"_blank\">Metal Hammer <\/a>\u00e4k\u00e4nnyt kiintoisan yksityiskohdan kaukaa musiikkimedian historiasta. Kerrang-lehdess\u00e4 nimitt\u00e4in julkaistiin vuonna 1983 ilmoitus, joka on saattanut j\u00e4\u00e4d\u00e4 kutittelemaan yht\u00e4 jos toistakin noihin aikoihin operoinutta laulajaa: Metallica etsi tuolloin keulilleen solistia, joka olisi tarjonnut James Hetfieldille mahdollisuuden keskitty\u00e4 pelk\u00e4st\u00e4\u00e4n kitaransoittoon. Siit\u00e4p\u00e4 olisi saattanut aueta melkoinen ura jollekulle kultakurkulle.<\/p>\n<p>\u201dMetallica etsii riehakasta, raakaa ja sisukasta keulakuvaa. Potentiaaliset laulajat (Euroopasta tai Amerikasta) l\u00e4hett\u00e4k\u00f6\u00f6n demonauhan ja valokuvan itsest\u00e4\u00e4n osoitteeseen 345, West Riverside Drive, Roseburg, Oregon, 97470, USA. Metallica aikoo viett\u00e4\u00e4 suuren osan vuodesta 1984 Euroopassa kiertueen ja uuden levyn \u00e4\u00e4nitt\u00e4misen merkeiss\u00e4\u201d, ilmoituksessa lukee. Mainitussa osoitteessa asui noihin aikoihin Metallican ensimm\u00e4isen fanikerhon vet\u00e4j\u00e4.<\/p>\n<p>Tiett\u00e4v\u00e4sti yhtye tiedusteli noihin aikoihin Armored Saintin John Bushilta, olisiko t\u00e4m\u00e4 ollut kiinnostunut laulajan pestist\u00e4, mutta t\u00e4m\u00e4 kuvio ei kantanut sen pidemm\u00e4lle. Muutama muukin kandidaatti oli hetken aikaa keskusteluissa mukana, ja vuonna 1984 Lars Ulrich kertoi lehtihaastattelussa Metallican testanneen kaikkiaan viitt\u00e4kymment\u00e4 laulajaehdokasta. Sopivia persoonia ei kuitenkaan l\u00f6ytynyt, ja niin James Hetfield sai jatkaa rytmikitaran ohessa my\u00f6s laulumikin \u00e4\u00e4rell\u00e4 operoimista. Hyv\u00e4 niin! Kuvan alkuper\u00e4isest\u00e4 lehti-ilmoituksesta voi katsoa Metal Hammerin sivuilta.<\/p>\n<p>Lue my\u00f6s: <a href=\"https:\/\/www.soundi.fi\/uutiskirje\/\" title=\"Tilaa Soundin uutiskirje\" class=\"underline-custom !font-montserrat !font-bold !underline-offset-4 !decoration-4 !decoration-red-600 !text-md\" rel=\"nofollow noopener\" target=\"_blank\">Tilaa Soundin uutiskirje ja tied\u00e4t mist\u00e4 kahvitauolla puhutaan! Nappaa ajankohtaiset musiikin uutiset ja puheenaiheet suoraan s\u00e4hk\u00f6postiin t\u00e4st\u00e4.<\/a><\/p>\n","protected":false},"excerpt":{"rendered":"Nyt on Metal Hammer \u00e4k\u00e4nnyt kiintoisan yksityiskohdan kaukaa musiikkimedian historiasta. Kerrang-lehdess\u00e4 nimitt\u00e4in julkaistiin vuonna 1983 ilmoitus, joka on&hellip;\n","protected":false},"author":2,"featured_media":136916,"comment_status":"","ping_status":"","sticky":false,"template":"","format":"standard","meta":{"footnotes":""},"categories":[132],"tags":[137,33,31,30,195,47,32,109],"class_list":{"0":"post-136915","1":"post","2":"type-post","3":"status-publish","4":"format-standard","5":"has-post-thumbnail","7":"category-musiikki","8":"tag-entertainment","9":"tag-fi","10":"tag-finland","11":"tag-finnish","12":"tag-music","13":"tag-musiikki","14":"tag-suomi","15":"tag-viihde"},"share_on_mastodon":{"url":"https:\/\/pubeurope.com\/@fi\/115860504924401983","error":""},"_links":{"self":[{"href":"https:\/\/www.europesays.com\/fi\/wp-json\/wp\/v2\/posts\/136915","targetHints":{"allow":["GET"]}}],"collection":[{"href":"https:\/\/www.europesays.com\/fi\/wp-json\/wp\/v2\/posts"}],"about":[{"href":"https:\/\/www.europesays.com\/fi\/wp-json\/wp\/v2\/types\/post"}],"author":[{"embeddable":true,"href":"https:\/\/www.europesays.com\/fi\/wp-json\/wp\/v2\/users\/2"}],"replies":[{"embeddable":true,"href":"https:\/\/www.europesays.com\/fi\/wp-json\/wp\/v2\/comments?post=136915"}],"version-history":[{"count":0,"href":"https:\/\/www.europesays.com\/fi\/wp-json\/wp\/v2\/posts\/136915\/revisions"}],"wp:featuredmedia":[{"embeddable":true,"href":"https:\/\/www.europesays.com\/fi\/wp-json\/wp\/v2\/media\/136916"}],"wp:attachment":[{"href":"https:\/\/www.europesays.com\/fi\/wp-json\/wp\/v2\/media?parent=136915"}],"wp:term":[{"taxonomy":"category","embeddable":true,"href":"https:\/\/www.europesays.com\/fi\/wp-json\/wp\/v2\/categories?post=136915"},{"taxonomy":"post_tag","embeddable":true,"href":"https:\/\/www.europesays.com\/fi\/wp-json\/wp\/v2\/tags?post=136915"}],"curies":[{"name":"wp","href":"https:\/\/api.w.org\/{rel}","templated":true}]}}