{"id":136930,"date":"2026-01-08T17:02:13","date_gmt":"2026-01-08T17:02:13","guid":{"rendered":"https:\/\/www.europesays.com\/fi\/136930\/"},"modified":"2026-01-08T17:02:13","modified_gmt":"2026-01-08T17:02:13","slug":"teemu-peltonen-haluaa-astronautiksi-%e2%88%92-nain-vaikeaa-se-on","status":"publish","type":"post","link":"https:\/\/www.europesays.com\/fi\/136930\/","title":{"rendered":"Teemu Peltonen haluaa astronautiksi \u2212 n\u00e4in vaikeaa se on"},"content":{"rendered":"<p class=\"ingress\">Vaikka Teemu Peltosen astronauttihaave kariutui l\u00e4\u00e4k\u00e4rintarkastukseen, t\u00e4htiin kurkottaminen ei p\u00e4\u00e4ttynyt siihen. Nyt fysiikan tohtori ty\u00f6skentelee Euroopan avaruusj\u00e4rjest\u00f6n alihankkeissa, ja tuntee olevansa askeleen l\u00e4hemp\u00e4n\u00e4 unelmaansa.<\/p>\n<p><strong>Teemu Peltosen<\/strong>, 36, haave astronautin urasta syntyi tyhjyyden tunteesta.<\/p>\n<p>\u201dOlin palanut loppuun ja j\u00e4in miettim\u00e4\u00e4n, mit\u00e4 oikeasti haluan el\u00e4m\u00e4ll\u00e4ni tehd\u00e4\u201d, Peltonen kertoo.<\/p>\n<p>Astronauttihaave oli kytenyt jo pitk\u00e4\u00e4n. Peltonen perehtyi astronautteihin ja ymm\u00e4rsi, ett\u00e4 h\u00e4ness\u00e4 on jotain samaa.<\/p>\n<p>\u201dOlen koulutukseltani fysiikan tohtori ja olen harrastanut vuosia laskuvarjohypp\u00e4\u00e4mist\u00e4, mik\u00e4 on kurinalainen harrastus. Olen my\u00f6s aina pit\u00e4nyt vauhdista, ep\u00e4mukavuusalueelle menemisest\u00e4 ja itseni ylitt\u00e4misest\u00e4. Silloin tunnen el\u00e4v\u00e4ni.\u201d<\/p>\n<p>Sitten ESA avasi viimein astronauttihaun ensimm\u00e4ist\u00e4 kertaa 11 vuoteen. Kaverien innostamana Peltonen p\u00e4\u00e4tti hakea mukaan.<\/p>\n<p><strong>Vaativa, monivaiheinen prosessi<\/strong><\/p>\n<p>Hakemuksen j\u00e4tti noin 23\u202f000 ihmist\u00e4. Vain seitsem\u00e4n prosenttia p\u00e4\u00e4si seuraavalle kierrokselle. Peltonen ei ollut heid\u00e4n joukossaan.<\/p>\n<p>\u201dHakemukseen on liitett\u00e4v\u00e4 ilmailul\u00e4\u00e4k\u00e4rin pilottimedikaali vakuudeksi siit\u00e4, ett\u00e4 on kelvollinen yksityislent\u00e4j\u00e4ksi. Minun kohdallani loppuun palamiseen liittyv\u00e4st\u00e4 masennusjaksosta oli psykiatrin arvion mukaan toipumisesta oli viel\u00e4 liian lyhyt aika.\u201d<\/p>\n<p><strong>Lue my\u00f6s:<\/strong> <a href=\"https:\/\/anna.fi\/ihmiset\/helmi-leena-nummela-parisuhde\" rel=\"nofollow noopener\" target=\"_blank\">Vaikean eron j\u00e4lkeen Helmi-Leena Nummela kohtasi baaritiskill\u00e4 lippisp\u00e4isen miehen: \u201dP\u00e4\u00e4tin, ett\u00e4 jos viel\u00e4 tulee nelj\u00e4s kerta, menen juttelemaan\u201d<\/a><\/p>\n<p>Pettymys oli valtava, vaikka Peltonen ymm\u00e4rt\u00e4\u00e4kin syyn. Pahinta oli, ettei tilanteelle voinut tehd\u00e4 mit\u00e4\u00e4n, ja seuraava haku olisi ehk\u00e4 vasta 10 vuoden kuluttua.<\/p>\n<p>\u201dOlin osannut varautua, etten p\u00e4\u00e4se astronautiksi, koska se on niin h\u00e4vi\u00e4v\u00e4n pieni mahdollisuus. Olisin kuitenkin halunnut p\u00e4\u00e4st\u00e4 n\u00e4kem\u00e4\u00e4n, millaiset testit ovat ja haastamaan itse\u00e4ni.\u201d<\/p>\n<p>Vaikka Peltosen matka astronautiksi pys\u00e4htyi varhain, opetti jo pelkk\u00e4 astronauttihakemus h\u00e4nelle paljon.<\/p>\n<p>\u201dV\u00e4lill\u00e4 on hyv\u00e4 pys\u00e4hty\u00e4 miettim\u00e4\u00e4n, mik\u00e4 on t\u00e4rke\u00e4\u00e4 ja mit\u00e4 haluaa tehd\u00e4, eik\u00e4 vain el\u00e4\u00e4 samanlaista el\u00e4m\u00e4\u00e4 p\u00e4iv\u00e4st\u00e4 toiseen\u201d, Peltonen huomauttaa.<\/p>\n<p>Hakemusvaiheen j\u00e4lkeen edess\u00e4 olisi ollut viel\u00e4 viisi fyysisi\u00e4 ja psyykkisi\u00e4 kykyj\u00e4 testaavaa kierrosta, joista jokaisen j\u00e4lkeen osa hakijoista karsiutui pois. Lopulta viisi henkil\u00f6\u00e4 valittiin astronautiksi. Lis\u00e4ksi valittiin kolme projektiastronauttia ja yhdeks\u00e4n niin sanottua reserviastronauttia, jotka eiv\u00e4t ole ESA:lla ty\u00f6suhteessa, mutta jotka voidaan kutsua tarvittaessa mukaan eri projekteihin.<\/p>\n<p><strong>Valintaprosessi astronauttikoulutukseen<\/strong><\/p>\n<ul class=\"wp-block-list\">\n<li>1. vaihe: Hakemuskirjeen l\u00e4hett\u00e4minen, johon liitet\u00e4\u00e4n seulontakysely ja l\u00e4\u00e4k\u00e4rintodistus.<\/li>\n<li>2. vaihe: paikan p\u00e4\u00e4ll\u00e4 Saksan Hampurissa ilmailu- ja avaruuskeskuksessa teht\u00e4vi\u00e4 kognitiivisia, teknisi\u00e4, motoristisia ja persoonallisuustestej\u00e4.<\/li>\n<li>3. vaihe: Saksan K\u00f6lniss\u00e4 Euroopan astronauttikeskuksessa teht\u00e4vi\u00e4 psykologisia yksil\u00f6- ja ryhm\u00e4testej\u00e4, jotka mittaavat hakijan muistia ja p\u00e4\u00e4ttelykyky\u00e4.<\/li>\n<li>4. vaihe: K\u00f6lniss\u00e4 ja Ranskassa Toulousen avaruuskeskuksessa suoritetut l\u00e4\u00e4ketieteelliset testit arvioivat fyysist\u00e4 ja psyykkist\u00e4 kuntoa pitk\u00e4aikaisissa astronautin teht\u00e4viss\u00e4. \u200b\u200b<\/li>\n<li>5. vaihe: paneelikeskustelu, jossa arvioidaan hakijan teknisi\u00e4 ja k\u00e4ytt\u00e4ytymiseen liittyvi\u00e4 taitoja sek\u00e4 tehd\u00e4\u00e4n taustatarkastus, eli varmistetaan, ett\u00e4 hakija on se joka v\u00e4itt\u00e4\u00e4 olevansa.<\/li>\n<li>6. vaihe: viimeisess\u00e4 vaiheessa ESA:n p\u00e4\u00e4johtaja pit\u00e4\u00e4 haastattelun 24 j\u00e4ljelle j\u00e4\u00e4neelle hakijalle ESA:n p\u00e4\u00e4majassa Pariisissa.<\/li>\n<\/ul>\n<p>Valituista puolet on naisia ja puolet miehi\u00e4. Yht\u00e4\u00e4n suomalaista ei viel\u00e4k\u00e4\u00e4n tullut valituksi, vaikka suomalaisia hakijoita oli 308.<\/p>\n<p>\u201dOlen kuullut arveluita, ett\u00e4 kyse olisi politiikasta, sill\u00e4 Suomi ei rahoita ESA:n avaruusohjelmaa\u201d, Peltonen kertoo.<\/p>\n<p><strong>Lue my\u00f6s Kotiliesi.fi:<\/strong> <a href=\"https:\/\/kotiliesi.fi\/ihmiset\/mari-perankoski-elamani-kuvat\/\" rel=\"nofollow noopener\" target=\"_blank\">Mari Perankoski ehti ajatella, ettei suhde Jouni Hynyseen etenisi viestittely\u00e4 pidemm\u00e4lle \u2013 n\u00e4in mies n\u00e4ytt\u00e4\u00e4 rakkauttaan nyt<\/a><\/p>\n<p>Suomalaisista pisimm\u00e4lle on p\u00e4\u00e4ssyt avaruustutkija, el\u00e4inl\u00e4\u00e4k\u00e4ri <strong>Sini Merikallio<\/strong>. H\u00e4n on hakenut astronautiksi kaksi kertaa. Ensimm\u00e4isell\u00e4 kerralla vuonna 2008 Merikallio sijoittui 10\u00a0000 hakijan joukosta 200 parhaan joukkoon, ja nyt toisella kerralla 90 parhaan joukkoon.<\/p>\n<p>    <a href=\"https:\/\/anna.fi\/wp-content\/uploads\/2025\/10\/4-scaled.jpg\" rel=\"nofollow noopener\" target=\"_blank\"><img fetchpriority=\"high\" decoding=\"async\" alt=\"\" class=\"wp-image-680068 awpo-lqip awpo-lazy\" width=\"2560\" height=\"1920\" style=\"--aspect-ratio: 1.33\" src=\"https:\/\/www.europesays.com\/fi\/wp-content\/uploads\/2026\/01\/4-scaled.jpg\"\/><\/a><br \/>\n      Teemu Peltonen pit\u00e4\u00e4 urheilulajeista, joissa voi haastaa itse\u00e4\u00e4n.      <\/p>\n<p>          \u00a9 Julija Chichaeva        <\/p>\n<p><strong>Yksi ovi sulkeutui, toinen avautui<\/strong><strong\/><\/p>\n<p>Fysiikan tohtoriksi valmistumisen ja astronauttihaun j\u00e4lkeen Peltonen ty\u00f6skenteli hetken IT-yritt\u00e4j\u00e4n\u00e4, jonka j\u00e4lkeen vakity\u00f6 ja ty\u00f6yhteis\u00f6 alkoivat houkutella. Liian kilpailullinen yliopistomaailma ei kuitenkaan en\u00e4\u00e4 tuntunut omalta.<\/p>\n<p>Vastaan tuli yritys, jossa olisi mahdollista tehd\u00e4 my\u00f6s avaruustutkimusta alihankkijana ESA:lle. Nyt Peltonen on ollut yrityksess\u00e4 t\u00f6iss\u00e4 kahden vuoden ajan.<\/p>\n<p>\u201dOlen mukana kehitt\u00e4m\u00e4ss\u00e4 satelliittipohjaista viestint\u00e4teknologiaa, jolla laajennetaan nykyisi\u00e4 5G-verkkoja my\u00f6s matalilta kiertoradoilta toimiviin satelliitteihin\u201d, Peltonen selvitt\u00e4\u00e4.<\/p>\n<p>Ty\u00f6skentely ESA:n alihankkeissa tuntuu silt\u00e4, kuin Peltonen olisi saanut pienen palan unelmaansa toteutumaan.<\/p>\n<p>\u201dOlen k\u00e4ynyt pari kertaa Hollannissa ESA:n avaruuskeskuksessa esittelem\u00e4ss\u00e4 projektiamme. Minusta tuntuu, ett\u00e4 olen saanut v\u00e4h\u00e4n niin kuin jalkaa oven v\u00e4liin ja on j\u00e4nnitt\u00e4v\u00e4\u00e4 n\u00e4hd\u00e4, mit\u00e4 seuraavaksi p\u00e4\u00e4sen tekem\u00e4\u00e4n.\u201d<\/p>\n<p><strong>Astronauttihaave el\u00e4\u00e4 perheen rinnalla<\/strong><\/p>\n<p>Vaikka haave astronautiksi tulemisesta on edelleen olemassa, el\u00e4m\u00e4\u00e4n on tullut my\u00f6s muita asioita. Mullistanein kokemus Peltoselle on ollut is\u00e4ksi tuleminen. Lapsesta asti hurjap\u00e4inen Peltonen on luopunut kaikista riskialtteimmista haaveistaan.<\/p>\n<p>\u201dOlen haaveillut base-hypp\u00e4\u00e4misest\u00e4, mutta haave on pienentynyt lapsen saamisen my\u00f6t\u00e4. Ennemmin haaveilen siit\u00e4, ett\u00e4 saan n\u00e4hd\u00e4, kuinka lapseni kasvaa ja kehittyy. Toivon joskus tulevaisuudessa p\u00e4\u00e4sev\u00e4ni lent\u00e4m\u00e4\u00e4n varjoliitimell\u00e4 tandem-lennon h\u00e4nen kanssaan, sill\u00e4 h\u00e4nkin on aikamoinen hurjap\u00e4\u00e4\u201d, Peltonen kertoo.<\/p>\n<p>Astronauttihaavetta Peltonen ei ole haudannut. H\u00e4n ep\u00e4ilee ehtiv\u00e4ns\u00e4 hakea viel\u00e4 kerran, ennen kuin 50 vuoden ik\u00e4raja tulee vastaan.<\/p>\n<p>\u201dTotta kai punnitsen asiaa viel\u00e4 tarkemmin nyt, kun olen is\u00e4. Avaruuslennoilla riskit ovat korkeammat kuin miss\u00e4\u00e4n muualla. Uskon kuitenkin, ett\u00e4 jos antaisin haun menn\u00e4 ohitseni, se harmittaisi minua my\u00f6hemmin. Haluaisin kovasti olla mukana edustamassa ihmiskuntaa avaruudessa\u201d, Teemu Peltonen sanoo.<\/p>\n<p>    Sinua voi kiinnostaa my\u00f6s:<\/p>\n<ol class=\"read-also__list\">\n<li>\n<p>            <img loading=\"lazy\" decoding=\"async\" class=\"card__image awpo-lqip awpo-lazy\" width=\"2560\" height=\"1920\" src=\"https:\/\/www.europesays.com\/fi\/wp-content\/uploads\/2026\/01\/rode1pieni-scaled.jpg\"\/>                <a href=\"https:\/\/anna.fi\/kategoria\/ihmiset\" class=\"card__vignette\" rel=\"nofollow noopener\" target=\"_blank\"><br \/>\n            Ihmiset          <\/a><\/p>\n<p>      <a href=\"https:\/\/anna.fi\/ihmiset\/roderick-kabanga\" class=\"card__link-overlay\" rel=\"nofollow noopener\" target=\"_blank\">Roderick Kabanga oli luopua n\u00e4yttelemisest\u00e4 ison tragedian takia \u2212 \u201dMenetin ihmisen, jolle olin koko ajan halunnut esiinty\u00e4\u201d<\/a><\/p>\n<\/li>\n<li>\n<p>            <img loading=\"lazy\" decoding=\"async\" class=\"card__image awpo-lqip awpo-lazy\" width=\"2000\" height=\"1333\" src=\"https:\/\/www.europesays.com\/fi\/wp-content\/uploads\/2026\/01\/viva_omatie_niinakari_01092025_kuva9.jpg\"\/>                <a href=\"https:\/\/anna.fi\/kategoria\/ihmiset\" class=\"card__vignette\" rel=\"nofollow noopener\" target=\"_blank\"><br \/>\n            Ihmiset          <\/a><\/p>\n<p>      <a href=\"https:\/\/anna.fi\/ihmiset\/tassa-mina-olen\" class=\"card__link-overlay\" rel=\"nofollow noopener\" target=\"_blank\">Kun Martti J. Kari kuoli, h\u00e4nen leskens\u00e4 Niina Kari tunsi el\u00e4v\u00e4ns\u00e4 vain yhdess\u00e4 paikassa<\/a><\/p>\n<\/li>\n<li>\n<p>            <img loading=\"lazy\" decoding=\"async\" class=\"card__image awpo-lqip awpo-lazy\" width=\"2000\" height=\"1334\" src=\"https:\/\/www.europesays.com\/fi\/wp-content\/uploads\/2026\/01\/r4a0035-1.jpg\"\/>                <a href=\"https:\/\/anna.fi\/kategoria\/ihmiset\" class=\"card__vignette\" rel=\"nofollow noopener\" target=\"_blank\"><br \/>\n            Ihmiset          <\/a><\/p>\n<p>      <a href=\"https:\/\/anna.fi\/ihmiset\/riku-rantala-kiistoista\" class=\"card__link-overlay\" rel=\"nofollow noopener\" target=\"_blank\">Riku Rantala j\u00e4\u00e4 parisuhteen kiistoissa alakynteen vaimon erityistaidon takia<\/a><\/p>\n<\/li>\n<\/ol>\n","protected":false},"excerpt":{"rendered":"Vaikka Teemu Peltosen astronauttihaave kariutui l\u00e4\u00e4k\u00e4rintarkastukseen, t\u00e4htiin kurkottaminen ei p\u00e4\u00e4ttynyt siihen. Nyt fysiikan tohtori ty\u00f6skentelee Euroopan avaruusj\u00e4rjest\u00f6n alihankkeissa,&hellip;\n","protected":false},"author":2,"featured_media":136931,"comment_status":"","ping_status":"","sticky":false,"template":"","format":"standard","meta":{"footnotes":""},"categories":[114],"tags":[453,33,31,30,3422,3295,118,452,32,119,939,860],"class_list":{"0":"post-136930","1":"post","2":"type-post","3":"status-publish","4":"format-standard","5":"has-post-thumbnail","7":"category-avaruus","8":"tag-avaruus","9":"tag-fi","10":"tag-finland","11":"tag-finnish","12":"tag-haaveet","13":"tag-perhe-elama","14":"tag-science","15":"tag-space","16":"tag-suomi","17":"tag-tiede","18":"tag-tyo","19":"tag-tyoelama"},"share_on_mastodon":{"url":"https:\/\/pubeurope.com\/@fi\/115860559851622947","error":""},"_links":{"self":[{"href":"https:\/\/www.europesays.com\/fi\/wp-json\/wp\/v2\/posts\/136930","targetHints":{"allow":["GET"]}}],"collection":[{"href":"https:\/\/www.europesays.com\/fi\/wp-json\/wp\/v2\/posts"}],"about":[{"href":"https:\/\/www.europesays.com\/fi\/wp-json\/wp\/v2\/types\/post"}],"author":[{"embeddable":true,"href":"https:\/\/www.europesays.com\/fi\/wp-json\/wp\/v2\/users\/2"}],"replies":[{"embeddable":true,"href":"https:\/\/www.europesays.com\/fi\/wp-json\/wp\/v2\/comments?post=136930"}],"version-history":[{"count":0,"href":"https:\/\/www.europesays.com\/fi\/wp-json\/wp\/v2\/posts\/136930\/revisions"}],"wp:featuredmedia":[{"embeddable":true,"href":"https:\/\/www.europesays.com\/fi\/wp-json\/wp\/v2\/media\/136931"}],"wp:attachment":[{"href":"https:\/\/www.europesays.com\/fi\/wp-json\/wp\/v2\/media?parent=136930"}],"wp:term":[{"taxonomy":"category","embeddable":true,"href":"https:\/\/www.europesays.com\/fi\/wp-json\/wp\/v2\/categories?post=136930"},{"taxonomy":"post_tag","embeddable":true,"href":"https:\/\/www.europesays.com\/fi\/wp-json\/wp\/v2\/tags?post=136930"}],"curies":[{"name":"wp","href":"https:\/\/api.w.org\/{rel}","templated":true}]}}