{"id":136942,"date":"2026-01-08T17:18:06","date_gmt":"2026-01-08T17:18:06","guid":{"rendered":"https:\/\/www.europesays.com\/fi\/136942\/"},"modified":"2026-01-08T17:18:06","modified_gmt":"2026-01-08T17:18:06","slug":"80-vuotias-monica-aspelundille-laulaminen-on-tyo-ja-elamantehtava","status":"publish","type":"post","link":"https:\/\/www.europesays.com\/fi\/136942\/","title":{"rendered":"80-vuotias: Monica Aspelundille laulaminen on ty\u00f6 ja el\u00e4m\u00e4nteht\u00e4v\u00e4"},"content":{"rendered":"<p>80-vuotias|Laulaja Monica Aspelund kantaa huolta ruotsin kielen aseman heikkenemisest\u00e4 Suomessa.<\/p>\n<p class=\"article-body mb-nof-24 px-nof-16\">Eleet ovat tottuneet, kun <a class=\"font-bold underline-offset-[0.12em] [text-decoration:var(--person-link-text-decoration)] ![text-decoration-color:var(--person-link-text-decoration-color)]\" href=\"https:\/\/www.hs.fi\/haku\/?query=Monica%20Aspelund\" rel=\"nofollow noopener\" target=\"_blank\">Monica Aspelund <\/a>asettuu poseeraamaan pianon viereen syntym\u00e4p\u00e4iv\u00e4haastattelun kuvausta varten. Soittimen vieress\u00e4 laulaja viihtyi tiiviisti etenkin 1970- ja 1980-luvuilla, kun h\u00e4n esiintyi ensin Suomessa ja Ruotsissa, sitten Euroviisuissa ja lopulta ymp\u00e4ri maailmaa.<\/p>\n","protected":false},"excerpt":{"rendered":"80-vuotias|Laulaja Monica Aspelund kantaa huolta ruotsin kielen aseman heikkenemisest\u00e4 Suomessa. Eleet ovat tottuneet, kun Monica Aspelund asettuu poseeraamaan&hellip;\n","protected":false},"author":2,"featured_media":136943,"comment_status":"","ping_status":"","sticky":false,"template":"","format":"standard","meta":{"footnotes":""},"categories":[130],"tags":[137,33,31,30,46,32,109],"class_list":{"0":"post-136942","1":"post","2":"type-post","3":"status-publish","4":"format-standard","5":"has-post-thumbnail","7":"category-viihde","8":"tag-entertainment","9":"tag-fi","10":"tag-finland","11":"tag-finnish","12":"tag-helsingin-sanomat","13":"tag-suomi","14":"tag-viihde"},"share_on_mastodon":{"url":"https:\/\/pubeurope.com\/@fi\/115860622743659363","error":""},"_links":{"self":[{"href":"https:\/\/www.europesays.com\/fi\/wp-json\/wp\/v2\/posts\/136942","targetHints":{"allow":["GET"]}}],"collection":[{"href":"https:\/\/www.europesays.com\/fi\/wp-json\/wp\/v2\/posts"}],"about":[{"href":"https:\/\/www.europesays.com\/fi\/wp-json\/wp\/v2\/types\/post"}],"author":[{"embeddable":true,"href":"https:\/\/www.europesays.com\/fi\/wp-json\/wp\/v2\/users\/2"}],"replies":[{"embeddable":true,"href":"https:\/\/www.europesays.com\/fi\/wp-json\/wp\/v2\/comments?post=136942"}],"version-history":[{"count":0,"href":"https:\/\/www.europesays.com\/fi\/wp-json\/wp\/v2\/posts\/136942\/revisions"}],"wp:featuredmedia":[{"embeddable":true,"href":"https:\/\/www.europesays.com\/fi\/wp-json\/wp\/v2\/media\/136943"}],"wp:attachment":[{"href":"https:\/\/www.europesays.com\/fi\/wp-json\/wp\/v2\/media?parent=136942"}],"wp:term":[{"taxonomy":"category","embeddable":true,"href":"https:\/\/www.europesays.com\/fi\/wp-json\/wp\/v2\/categories?post=136942"},{"taxonomy":"post_tag","embeddable":true,"href":"https:\/\/www.europesays.com\/fi\/wp-json\/wp\/v2\/tags?post=136942"}],"curies":[{"name":"wp","href":"https:\/\/api.w.org\/{rel}","templated":true}]}}