{"id":136948,"date":"2026-01-08T17:22:08","date_gmt":"2026-01-08T17:22:08","guid":{"rendered":"https:\/\/www.europesays.com\/fi\/136948\/"},"modified":"2026-01-08T17:22:08","modified_gmt":"2026-01-08T17:22:08","slug":"elli-myrsky-iskee-saksaan-britanniaan-punainen-varoitus","status":"publish","type":"post","link":"https:\/\/www.europesays.com\/fi\/136948\/","title":{"rendered":"Elli-myrsky iskee Saksaan, Britanniaan punainen varoitus"},"content":{"rendered":"<p>Myrskyt vaikeuttavat liikennett\u00e4.<\/p>\n<p>Milt\u00e4 s\u00e4\u00e4 n\u00e4ytt\u00e4\u00e4 meill\u00e4 Suomessa? Katso t\u00e4st\u00e4 Forecan ennuste<\/p>\n<p class=\"article-body mb-nof-24 px-nof-16\">Eurooppaan on iskem\u00e4ss\u00e4 talvimyrskyj\u00e4, <a class=\"underline underline-offset-[0.12em] [text-decoration-thickness:var(--generic-link-underline-thickness)] [text-decoration-color:var(--generic-link-underline-color)] [text-decoration-skip-ink:var(--generic-link-underline-skip-ink)] break-words\" href=\"https:\/\/www.tagesschau.de\/inland\/extremwetter-winter-sturm-vorbereitung-100.html\" rel=\"nofollow noopener\" target=\"_blank\">kertovat esimerkiksi Tagesschau<\/a> ja <a class=\"underline underline-offset-[0.12em] [text-decoration-thickness:var(--generic-link-underline-thickness)] [text-decoration-color:var(--generic-link-underline-color)] [text-decoration-skip-ink:var(--generic-link-underline-skip-ink)] break-words\" href=\"https:\/\/www.bbc.com\/news\/live\/cgez72ln8wwt\" rel=\"nofollow noopener\" target=\"_blank\">BBC<\/a>.<\/p>\n<p class=\"article-body mb-nof-24 px-nof-16\">Saksassa tuleville p\u00e4iville ennustetaan kylm\u00e4\u00e4 ilmaa, lunta ja mustaa j\u00e4\u00e4t\u00e4 tien pinnoille. Kunnat ja liikenn\u00f6intiyritykset ovat valmistautuneet ongelmiin.<\/p>\n<p class=\"article-body mb-nof-24 px-nof-16\">Kodittomia ihmisi\u00e4 on varoitettu, ja kunnat on m\u00e4\u00e4r\u00e4tty tarjoamaan h\u00e4t\u00e4majoitusta.<\/p>\n<p><img decoding=\"async\" src=\"https:\/\/www.europesays.com\/fi\/wp-content\/uploads\/2026\/01\/1767892928_764_468.jpg\" alt=\"Saksassa odotetaan lunta ja myrsky\u00e4.\" class=\"_Img_1rerz_1\" style=\"aspect-ratio:1.7777777777777777\" loading=\"eager\"\/><\/p>\n<p class=\"article-picture-caption\">Saksassa odotetaan lunta ja myrsky\u00e4. Kuva:\u00a0Fabian Bimmer<\/p>\n<p class=\"article-body mb-nof-24 px-nof-16\">Myrskyn ennustetaan iskev\u00e4n perjantain vastaisena y\u00f6n\u00e4. Saksan s\u00e4\u00e4palvelun (DWD) varoituksen mukaan Pohjois-Saksa Bremenin ja Hampurin v\u00e4lill\u00e4, It\u00e4-Saksa ja Harz-vuoristo ovat erityisen alttiita runsaille lumisateille.<\/p>\n<p class=\"article-body mb-nof-24 px-nof-16\">Saksan etel\u00e4- ja l\u00e4nsiosissa lumen odotetaan muuttuvan nopeasti sateeksi perjantaiaamuna, ja lis\u00e4ksi lounaasta puhaltaa myrskyis\u00e4 tuuli.<\/p>\n<p class=\"article-body mb-nof-24 px-nof-16\">Ihmisi\u00e4 on neuvottu v\u00e4ltt\u00e4m\u00e4\u00e4n autoilua, mik\u00e4li mahdollista. Kouluja on suljettu.<\/p>\n<p class=\"article-body mb-nof-24 px-nof-16\">Lauttaliikennett\u00e4 It\u00e4merell\u00e4 v\u00e4hennet\u00e4\u00e4n. Myrsky voi vaikuttaa my\u00f6s lentoliikenteeseen.<\/p>\n<p class=\"article-body mb-nof-24 px-nof-16\">My\u00f6s Britanniassa odotetaan talvimyrsky\u00e4.<\/p>\n<p class=\"article-body mb-nof-24 px-nof-16\">Goretti-nime\u00e4 kantavan myrskyn vuoksi maan lounaisosiin on annettu harvinainen punainen s\u00e4\u00e4varoitus. Punainen varoitus tarkoittaa, ett\u00e4 myrskyn irrottamat kappaleet voivat olla vaaraksi ihmisille. Esimerkiksi BBC:n mukaan punainen varoitus annetaan Britanniassa harvoin ja vain \u00e4\u00e4rimm\u00e4isiss\u00e4 s\u00e4\u00e4olosuhteissa.<\/p>\n<p class=\"article-body mb-nof-24 px-nof-16\">Britanniassa on suljettu myrskyn vuoksi noin 100 koulua Cornwallin alueella. Junayhteyksi\u00e4 on peruttu.<\/p>\n<p><img decoding=\"async\" src=\"https:\/\/www.europesays.com\/fi\/wp-content\/uploads\/2026\/01\/1767892928_639_468.jpg\" alt=\"Lontoossa sataa vett\u00e4 Goretti-myrskyn edell\u00e4.\" class=\"_Img_1rerz_1\" style=\"aspect-ratio:1.5\" loading=\"eager\"\/><\/p>\n<p class=\"article-picture-caption\">Lontoossa sataa vett\u00e4 Goretti-myrskyn edell\u00e4. Kuva:\u00a0Stephen Lock \/ i-Images<\/p>\n<p class=\"article-body mb-nof-24 px-nof-16\">Asukkaita kehotetaan varautumaan siihen, ett\u00e4 myrsky voi irrottaa talon kattoja, ja myrskyn vuoksi voidaan joutua sulkemaan esimerkiksi siltoja ja junaraiteita. My\u00f6s s\u00e4hk\u00f6katkot ovat todenn\u00e4k\u00f6isi\u00e4.<\/p>\n<p class=\"article-body mb-nof-24 px-nof-16\">Cornwallin l\u00e4nsipuolella meren l\u00e4hettyvill\u00e4 tuulenpuuskat voivat ylty\u00e4 jopa l\u00e4hes 45 metriin sekunnissa, mik\u00e4 tuo mukanaan my\u00f6s eritt\u00e4in korkeita aaltoja. Mantereella tuulennopeudet voivat olla niin ik\u00e4\u00e4n kovia ja puuskat voivat ylty\u00e4 noin 28 metriin sekunnissa.<\/p>\n<p class=\"article-body mb-nof-24 px-nof-16\">Yhdistyneen kuningaskunnan kansallisen s\u00e4\u00e4palvelulaitoksen mukaan Goretti-myrskyn aiheuttamat tuulet tulevat olemaan kovempia kuin viime vuosina on n\u00e4hty.<\/p>\n","protected":false},"excerpt":{"rendered":"Myrskyt vaikeuttavat liikennett\u00e4. Milt\u00e4 s\u00e4\u00e4 n\u00e4ytt\u00e4\u00e4 meill\u00e4 Suomessa? Katso t\u00e4st\u00e4 Forecan ennuste Eurooppaan on iskem\u00e4ss\u00e4 talvimyrskyj\u00e4, kertovat esimerkiksi&hellip;\n","protected":false},"author":2,"featured_media":136949,"comment_status":"","ping_status":"","sticky":false,"template":"","format":"standard","meta":{"footnotes":""},"categories":[14],"tags":[22,23,26,27,33,31,30,17,34,24,25,28,29,15,18,21,32,19,20,56,16,59,60,61],"class_list":{"0":"post-136948","1":"post","2":"type-post","3":"status-publish","4":"format-standard","5":"has-post-thumbnail","7":"category-ulkomaat","8":"tag-breaking-news","9":"tag-breakingnews","10":"tag-featured-news","11":"tag-featurednews","12":"tag-fi","13":"tag-finland","14":"tag-finnish","15":"tag-headlines","16":"tag-ilta-sanomat","17":"tag-latest-news","18":"tag-latestnews","19":"tag-main-news","20":"tag-mainnews","21":"tag-news","22":"tag-otsikot","23":"tag-paauutiset","24":"tag-suomi","25":"tag-top-stories","26":"tag-topstories","27":"tag-ulkomaat","28":"tag-uutiset","29":"tag-world","30":"tag-world-news","31":"tag-worldnews"},"share_on_mastodon":{"url":"https:\/\/pubeurope.com\/@fi\/115860638546037098","error":""},"_links":{"self":[{"href":"https:\/\/www.europesays.com\/fi\/wp-json\/wp\/v2\/posts\/136948","targetHints":{"allow":["GET"]}}],"collection":[{"href":"https:\/\/www.europesays.com\/fi\/wp-json\/wp\/v2\/posts"}],"about":[{"href":"https:\/\/www.europesays.com\/fi\/wp-json\/wp\/v2\/types\/post"}],"author":[{"embeddable":true,"href":"https:\/\/www.europesays.com\/fi\/wp-json\/wp\/v2\/users\/2"}],"replies":[{"embeddable":true,"href":"https:\/\/www.europesays.com\/fi\/wp-json\/wp\/v2\/comments?post=136948"}],"version-history":[{"count":0,"href":"https:\/\/www.europesays.com\/fi\/wp-json\/wp\/v2\/posts\/136948\/revisions"}],"wp:featuredmedia":[{"embeddable":true,"href":"https:\/\/www.europesays.com\/fi\/wp-json\/wp\/v2\/media\/136949"}],"wp:attachment":[{"href":"https:\/\/www.europesays.com\/fi\/wp-json\/wp\/v2\/media?parent=136948"}],"wp:term":[{"taxonomy":"category","embeddable":true,"href":"https:\/\/www.europesays.com\/fi\/wp-json\/wp\/v2\/categories?post=136948"},{"taxonomy":"post_tag","embeddable":true,"href":"https:\/\/www.europesays.com\/fi\/wp-json\/wp\/v2\/tags?post=136948"}],"curies":[{"name":"wp","href":"https:\/\/api.w.org\/{rel}","templated":true}]}}