{"id":136950,"date":"2026-01-08T17:23:09","date_gmt":"2026-01-08T17:23:09","guid":{"rendered":"https:\/\/www.europesays.com\/fi\/136950\/"},"modified":"2026-01-08T17:23:09","modified_gmt":"2026-01-08T17:23:09","slug":"monien-tuntema-maamerkki-katosi-helsingista-kaikessa-hiljaisuudessa-tassa-syy","status":"publish","type":"post","link":"https:\/\/www.europesays.com\/fi\/136950\/","title":{"rendered":"Monien tuntema maamerkki katosi Helsingist\u00e4 kaikessa hiljaisuudessa \u2013 T\u00e4ss\u00e4 syy"},"content":{"rendered":"<p>Helsingin Munkkiniemess\u00e4 kaksi vuosikymment\u00e4 palvellut Hesburger suljettiin ja purettiin muutamassa viikossa viime vuoden lopulla. <\/p>\n<p><img decoding=\"async\" class=\"image image-show image-preview\" src=\"https:\/\/www.europesays.com\/fi\/wp-content\/uploads\/2026\/01\/db344c067af8dea2b9951778c2c21f2be0d4f0edbe364f4c89b958f8e54ae621.jpg\" alt=\"\"\/><img decoding=\"async\" class=\"image image-show\" src=\"https:\/\/www.europesays.com\/fi\/wp-content\/uploads\/2026\/01\/1767892989_134_db344c067af8dea2b9951778c2c21f2be0d4f0edbe364f4c89b958f8e54ae621.jpg\" alt=\"\"\/><\/p>\n<p>Hesburger-kyltti ja -viirit v\u00e4istyv\u00e4t uuden ajov\u00e4yl\u00e4n ja pikaratikan tielt\u00e4. Arkistokuva. Ari Lepp\u00e4<\/p>\n<p class=\"paragraph\">Turunv\u00e4yl\u00e4n p\u00e4\u00e4dyss\u00e4 Helsingin Munkkiniemess\u00e4 sijaitseva Hesburger laitettiin marras-joulukuun taitteessa maan tasalle. Ravintolarakennus h\u00e4vitettiin nopeasti Hesburgerin viimeisen aukiolop\u00e4iv\u00e4n j\u00e4lkeen, mutta alueen muutosty\u00f6t ovat olleet pitk\u00e4\u00e4n vireill\u00e4.<\/p>\n<p class=\"paragraph\">Turun suunnasta Helsinkiin saapuville Munkkiniemen Hesburgerin kyltti on viestinyt kaupunkiin saapumisesta kahden vuosikymmenen ajan. Ennen vuotta 2002 samaa viesti\u00e4 toitotti Carrols-kyltti. Nyt paikalla on vain tyhj\u00e4 luminen aukio.<\/p>\n<p class=\"paragraph\">Juttu jatkuu kuvien j\u00e4lkeen.<\/p>\n<p>Munkkiniemen alueella sijaitseva Hesburgerin rakennus purettiin t\u00e4st\u00e4 osana laajempaa Munkkiniemen ja Turunv\u00e4yl\u00e4n uudistusta. Pete Anikari<\/p>\n<p>Munkkiniemen Hesburger avattiin vuonna 2002. Arkistokuva. Ari Lepp\u00e4<\/p>\n<p>Ennen vuotta 2002 samoissa tiloissa toimi Carrols-ravintola. Kuvassa Aleksanterinkadun vanha Carrols.  ILKKA LEINO<\/p>\n<p>Uusi ratikka<\/p>\n<p class=\"paragraph\">Puretun Hesburgerin kohdalle on suunnitteilla uusi pikaraitiotielinja, joka on osa Helsingin L\u00e4nsiratikat -hanketta. Kaupunginvaltuusto p\u00e4\u00e4tti hankkeesta vuonna 2021. Pikaraitiotien lis\u00e4ksi siihen kuuluu Helsingin l\u00e4nsiosiin tulevia uusia raitioteit\u00e4.<\/p>\n<p class=\"paragraph\">Hankkeen toteuttaminen on tarkoitus aloittaa t\u00e4m\u00e4n kev\u00e4\u00e4n ja kes\u00e4n aikana, projektinjohtaja <strong>Tomi Kotala<\/strong> kertoo.<\/p>\n<p class=\"paragraph\">Pikaratikan rakentamisen lis\u00e4ksi Turuntien p\u00e4\u00e4dyn asemakaava muuttuu my\u00f6s muilta osin. Hesburgerin rakennus t\u00e4ytyi purkaa, sill\u00e4 tontti j\u00e4\u00e4 voimassa olevan asemakaavan katulinjauksen alle.<\/p>\n<p class=\"paragraph\">Kaavarungon mukaan Huopalahdentiet\u00e4 ja Turunv\u00e4yl\u00e4n liitosta siirret\u00e4\u00e4n hieman. Huopalahdentien oheen rakennetaan pikaraitiotielinja ja py\u00f6r\u00e4tie. Muutoin ymp\u00e4r\u00f6iv\u00e4 alue, ja osin my\u00f6s nykyinen katualue, on kaavoitettu kerrostaloille ja liike- ja toimistorakennuksille.<\/p>\n<p class=\"paragraph\">\u2013 Hesburgerin tontin vuokrasopimus on p\u00e4\u00e4ttynyt vuoden 2025 viimeisen\u00e4 p\u00e4iv\u00e4n\u00e4. Vuokralaisella on kolme kuukautta aikaa purkaa rakennus. T\u00e4ss\u00e4 tapauksessa se olisi ollut maaliskuun viimeinen p\u00e4iv\u00e4, mutta he ovat toimineet jo etuajassa, Kotala kertoo.<\/p>\n<p class=\"paragraph\">L\u00e4nsiratikat on laaja projekti, jota tullaan toteuttamaan useassa eri kohteessa samanaikaisesti. Ensimm\u00e4isten kohteiden joukossa on entist\u00e4 Hesburgeria vastap\u00e4\u00e4t\u00e4 oleva Niemenm\u00e4en alue ja Vihdintien etel\u00e4p\u00e4\u00e4.<\/p>\n<p>L\u00e4nsi-Helsinkiin suunnitetlujen raitioteiden yleiskartta. Helsingin Kaupunki<\/p>\n","protected":false},"excerpt":{"rendered":"Helsingin Munkkiniemess\u00e4 kaksi vuosikymment\u00e4 palvellut Hesburger suljettiin ja purettiin muutamassa viikossa viime vuoden lopulla. Hesburger-kyltti ja -viirit v\u00e4istyv\u00e4t&hellip;\n","protected":false},"author":2,"featured_media":136951,"comment_status":"","ping_status":"","sticky":false,"template":"","format":"standard","meta":{"footnotes":""},"categories":[12],"tags":[35,36,22,23,26,27,33,31,30,17,2887,3742,24,25,121,28,29,15,18,21,32,822,19,20,16],"class_list":{"0":"post-136950","1":"post","2":"type-post","3":"status-publish","4":"format-standard","5":"has-post-thumbnail","7":"category-suomi","8":"tag-24h","9":"tag-asuintalot-ja-asunnot","10":"tag-breaking-news","11":"tag-breakingnews","12":"tag-featured-news","13":"tag-featurednews","14":"tag-fi","15":"tag-finland","16":"tag-finnish","17":"tag-headlines","18":"tag-julkinen-liikenne","19":"tag-kaupunkialue","20":"tag-latest-news","21":"tag-latestnews","22":"tag-liikenne-ja-kuljetus","23":"tag-main-news","24":"tag-mainnews","25":"tag-news","26":"tag-otsikot","27":"tag-paauutiset","28":"tag-suomi","29":"tag-teollisuustuotteet-ja-palvelut-sektori","30":"tag-top-stories","31":"tag-topstories","32":"tag-uutiset"},"share_on_mastodon":{"url":"https:\/\/pubeurope.com\/@fi\/115860642579013730","error":""},"_links":{"self":[{"href":"https:\/\/www.europesays.com\/fi\/wp-json\/wp\/v2\/posts\/136950","targetHints":{"allow":["GET"]}}],"collection":[{"href":"https:\/\/www.europesays.com\/fi\/wp-json\/wp\/v2\/posts"}],"about":[{"href":"https:\/\/www.europesays.com\/fi\/wp-json\/wp\/v2\/types\/post"}],"author":[{"embeddable":true,"href":"https:\/\/www.europesays.com\/fi\/wp-json\/wp\/v2\/users\/2"}],"replies":[{"embeddable":true,"href":"https:\/\/www.europesays.com\/fi\/wp-json\/wp\/v2\/comments?post=136950"}],"version-history":[{"count":0,"href":"https:\/\/www.europesays.com\/fi\/wp-json\/wp\/v2\/posts\/136950\/revisions"}],"wp:featuredmedia":[{"embeddable":true,"href":"https:\/\/www.europesays.com\/fi\/wp-json\/wp\/v2\/media\/136951"}],"wp:attachment":[{"href":"https:\/\/www.europesays.com\/fi\/wp-json\/wp\/v2\/media?parent=136950"}],"wp:term":[{"taxonomy":"category","embeddable":true,"href":"https:\/\/www.europesays.com\/fi\/wp-json\/wp\/v2\/categories?post=136950"},{"taxonomy":"post_tag","embeddable":true,"href":"https:\/\/www.europesays.com\/fi\/wp-json\/wp\/v2\/tags?post=136950"}],"curies":[{"name":"wp","href":"https:\/\/api.w.org\/{rel}","templated":true}]}}