{"id":136967,"date":"2026-01-08T17:45:09","date_gmt":"2026-01-08T17:45:09","guid":{"rendered":"https:\/\/www.europesays.com\/fi\/136967\/"},"modified":"2026-01-08T17:45:09","modified_gmt":"2026-01-08T17:45:09","slug":"luonnonvarakeskus-haki-kaadettuja-susia-tutkittavaksi-miehikkalasta-hampaat-lahetetaan-yhdysvaltoihin-kymenlaakso","status":"publish","type":"post","link":"https:\/\/www.europesays.com\/fi\/136967\/","title":{"rendered":"Luonnon\u00advara\u00adkeskus haki kaadettuja susia tutkittavaksi Miehikk\u00e4l\u00e4st\u00e4 \u2013 hampaat l\u00e4hetet\u00e4\u00e4n Yhdysvaltoihin | Kymenlaakso"},"content":{"rendered":"<p class=\"aw-1gybjub aw-5vja16 kEtdKx kmuxyA yle__article__paragraph\">Luonnon\u00advara\u00adkeskus tutkii kaadettujen susien DNA:t, kulmahampaat ja naarassusien kohdut. Jutun kuvamateriaali voi j\u00e4rkytt\u00e4\u00e4 osaa yleis\u00f6st\u00e4.<\/p>\n<p>Erikoistutkija Mia Valtonen pit\u00e4\u00e4 susista teht\u00e4vi\u00e4 tutkimuksia t\u00e4rke\u00e4n\u00e4. Video: Antro Valo\/ Yle<\/p>\n<p>18:53\u2022P\u00e4ivitetty 19:11<\/p>\n<ul class=\"aw-1jjocuh iJTSwP yle__article__list yle__article__list--ul\">\n<li class=\"aw-1j7gwms gNYKfi\">Uuden lain nojalla kaadettuja susia on toimitettu Luonnonvarakeskuksen (Luke) tutkittavaksi.<\/li>\n<li class=\"aw-1j7gwms gNYKfi\">Luke selvitt\u00e4\u00e4 DNA-testeill\u00e4, ovatko el\u00e4imet susia vai koirasusia. Koirasusi on vieraslaji, joka halutaan poistaa luonnosta.<\/li>\n<li class=\"aw-1j7gwms gNYKfi\">Tutkimus auttaa arvioimaan, miten mets\u00e4stys vaikuttaa susikantaan ja kohdistuuko se oikein.<\/li>\n<li class=\"aw-1j7gwms gNYKfi\">Suomen sadan suden kiinti\u00f6st\u00e4 oli torstaihin menness\u00e4 kaadettu 76 el\u00e4int\u00e4.<\/li>\n<\/ul>\n<p class=\"aw-1gybjub aw-1p7kakr kEtdKx cEmitX yle__article__paragraph\">Ensimm\u00e4isi\u00e4 uuden lain nojalla kaadettuja susia on luovutettu t\u00e4n\u00e4\u00e4n torstaina Luonnonvarakeskuksen (Luke) tutkimusk\u00e4ytt\u00f6\u00f6n.<\/p>\n<p class=\"aw-1gybjub aw-1p7kakr kEtdKx cEmitX yle__article__paragraph\">Luken erikoistutkija <strong class=\"aw-ak79eh KyCXm yle__article__strong\">Mia Valtonen<\/strong> k\u00e4vi noutamassa kolme Kymenlaaksosta kaadettua sutta Miehikk\u00e4l\u00e4st\u00e4.<\/p>\n<p class=\"aw-1gybjub aw-1p7kakr kEtdKx cEmitX yle__article__paragraph\">Ensimm\u00e4isen\u00e4 susista otettavista DNA-n\u00e4ytteest\u00e4 tutkitaan, onko kyseess\u00e4 susi vai koirasusi. Analyysit valmistuvat 23. tammikuuta.<\/p>\n<p class=\"aw-1gybjub aw-1p7kakr kEtdKx cEmitX yle__article__paragraph\">DNA:sta tutkijat voivat my\u00f6s tunnistaa yksil\u00f6n ja selvitt\u00e4\u00e4, onko sama yksil\u00f6 tunnistettu aikaisemmin ulosten\u00e4ytteist\u00e4.<\/p>\n<p class=\"aw-1gybjub aw-1p7kakr kEtdKx cEmitX yle__article__paragraph\">\u2013 My\u00f6hemmin pystymme tekem\u00e4\u00e4n my\u00f6s analyysit sukulaisuuksista ja selvitt\u00e4m\u00e4\u00e4n, mihin laumaan yksil\u00f6 on kuulunut ja tunnemmeko niiden sukulaisia, erikoistutkija Valtonen sanoo.<\/p>\n<p><img decoding=\"async\" alt=\"Pusseja joissa on n\u00e4ytepulloja, sinisi\u00e4 kumihanskoja ja ohjepapereita.\" src=\"https:\/\/www.europesays.com\/fi\/wp-content\/uploads\/2026\/01\/39-1578535695fa3656143f.jpeg\" loading=\"lazy\" class=\"aw-1l9m598 hKVVvP\"\/><\/p>\n<p>Avaa kuvien katselu<\/p>\n<p>Lains\u00e4\u00e4d\u00e4nt\u00f6 edellytt\u00e4\u00e4, ett\u00e4 jokaisesta kaadetusta sudesta on toimitettava DNA-n\u00e4yte Luonnonvarakeskukselle 14 vuorokauden kuluessa. Kuva: Noora Palola \/ YleHampaat kertovat suden i\u00e4n<\/p>\n<p class=\"aw-1gybjub aw-1p7kakr kEtdKx cEmitX yle__article__paragraph\">Luonnonvarakeskus toivoo saavansa DNA-n\u00e4ytteiden lis\u00e4ksi my\u00f6s vapaaehtoisia ruho- ja hammasn\u00e4ytteit\u00e4. Miehikk\u00e4l\u00e4st\u00e4 tutkijat saivat kokonaisen ruhon.<\/p>\n<p class=\"aw-1gybjub aw-1p7kakr kEtdKx cEmitX yle__article__paragraph\">Luonnonvarakeskuksen riistalaboratoriossa ruhoista irrotetaan kulmahammas. Hammas l\u00e4hetet\u00e4\u00e4n Yhdysvaltoihin, jossa kulmahampaan juuresta m\u00e4\u00e4ritet\u00e4\u00e4n tarkasti yksil\u00f6n ik\u00e4.<\/p>\n<p><img decoding=\"async\" alt=\"Kaksi ihmist\u00e4 joista toisen k\u00e4dess\u00e4 on n\u00e4ytepurkki ja toisella puukko. Edess\u00e4 on per\u00e4k\u00e4rryn lava, jossa on nyljetty susi. \" src=\"https:\/\/www.europesays.com\/fi\/wp-content\/uploads\/2026\/01\/39-1578536695fa365f3ef6.jpeg\" loading=\"lazy\" class=\"aw-1l9m598 hKVVvP\"\/><\/p>\n<p>Avaa kuvien katselu<\/p>\n<p>Miehikk\u00e4l\u00e4n riistanhoitoyhdistyksen hallituksen j\u00e4sen ja sudenmets\u00e4styksen johtaja Jan Ylh\u00e4inen luovutti el\u00e4imet Luonnonvarakeskuksen erikoistutkija Mia Valtoselle tutkimusk\u00e4ytt\u00f6\u00f6n. Kuva: Noora Palola \/ Yle<\/p>\n<p class=\"aw-1gybjub aw-1p7kakr kEtdKx cEmitX yle__article__paragraph\">Naarailta Luonnonvarakeskus tutkii kohdun. Sen perusteella voidaan m\u00e4\u00e4ritt\u00e4\u00e4, onko kyseess\u00e4 lauman lis\u00e4\u00e4ntyv\u00e4 naaras.<\/p>\n<p class=\"aw-1gybjub aw-1p7kakr kEtdKx cEmitX yle__article__paragraph\">\u2013 Tutkimme, onko yksil\u00f6 sukukyps\u00e4 ja onko se lis\u00e4\u00e4ntynyt edellisvuonna, erikoistutkija Mia Valtonen selvent\u00e4\u00e4.<\/p>\n<p>Mets\u00e4styksen vaikutukset paljastuvat<\/p>\n<p class=\"aw-1gybjub aw-1p7kakr kEtdKx cEmitX yle__article__paragraph\">Koirasusialueilla tutkimusten p\u00e4\u00e4asiallinen tarkoitus on saada selville, onko koirasusia saatu v\u00e4hennetty\u00e4, kuten on ollut tarkoitus.<\/p>\n<p class=\"aw-1gybjub aw-1p7kakr kEtdKx cEmitX yle__article__paragraph\">Koirasusia on tunnistettu ulosten\u00e4ytteiden perusteella Kaakkois-Suomessa sek\u00e4 Pohjanmaan, Satakunnan ja Pohjois-H\u00e4meen rajalla Peurainnevan kiinti\u00f6alueella, Pohjanmaalla Kaskinen-N\u00e4rpi\u00f6n alueella ja Uudellamaalla Kyt\u00e4j\u00e4n kiinti\u00f6alueella. Koirasusi on lains\u00e4\u00e4d\u00e4nn\u00f6n n\u00e4k\u00f6kulmasta vieraslaji, joka tulisi poistaa luonnosta.<\/p>\n<p class=\"aw-1gybjub aw-1p7kakr kEtdKx cEmitX yle__article__paragraph\">Koko maasta Luonnonvarakeskuksen tarkoitus on selvitt\u00e4\u00e4, miten mets\u00e4stys vaikuttaa Suomen susikantaan: kohdistuuko se niihin yksil\u00f6ihin ja laumoihin, mihin se on suunniteltu. Tietojen perusteella voidaan my\u00f6s ennustaa susikannan kehityst\u00e4 tulevaisuudessa.<\/p>\n<p class=\"aw-1gybjub aw-1p7kakr kEtdKx cEmitX yle__article__paragraph\">Kaakkois-Suomessa kymmenen suden kiinti\u00f6st\u00e4 on k\u00e4ytetty seitsem\u00e4n. Jos pyydetty el\u00e4in osoittautuu DNA-tutkimuksissa koirasudeksi, se poistetaan saalistiedoista ja riistakeskus antaa uuden m\u00e4\u00e4r\u00e4yksen mets\u00e4styksen jatkumisesta.<\/p>\n<p class=\"aw-1gybjub aw-1p7kakr kEtdKx cEmitX yle__article__paragraph\">Torstai-iltap\u00e4iv\u00e4\u00e4n menness\u00e4 Suomessa on kaadettu 76 sutta sadan el\u00e4imen kiinti\u00f6st\u00e4.<\/p>\n","protected":false},"excerpt":{"rendered":"Luonnon\u00advara\u00adkeskus tutkii kaadettujen susien DNA:t, kulmahampaat ja naarassusien kohdut. Jutun kuvamateriaali voi j\u00e4rkytt\u00e4\u00e4 osaa yleis\u00f6st\u00e4. Erikoistutkija Mia Valtonen&hellip;\n","protected":false},"author":2,"featured_media":136968,"comment_status":"","ping_status":"","sticky":false,"template":"","format":"standard","meta":{"footnotes":""},"categories":[112],"tags":[404,33,31,30,3726,11778,71,464,1959,479,3585,883,118,32,4237,119],"class_list":{"0":"post-136967","1":"post","2":"type-post","3":"status-publish","4":"format-standard","5":"has-post-thumbnail","7":"category-tiede","8":"tag-elaimet","9":"tag-fi","10":"tag-finland","11":"tag-finnish","12":"tag-koiraelaimet","13":"tag-koirasusi","14":"tag-kotimaa","15":"tag-kymenlaakso","16":"tag-luonnonvarakeskus","17":"tag-metsastys","18":"tag-miehikkala","19":"tag-petoelaimet","20":"tag-science","21":"tag-suomi","22":"tag-susi","23":"tag-tiede"},"share_on_mastodon":{"url":"https:\/\/pubeurope.com\/@fi\/115860729017323378","error":""},"_links":{"self":[{"href":"https:\/\/www.europesays.com\/fi\/wp-json\/wp\/v2\/posts\/136967","targetHints":{"allow":["GET"]}}],"collection":[{"href":"https:\/\/www.europesays.com\/fi\/wp-json\/wp\/v2\/posts"}],"about":[{"href":"https:\/\/www.europesays.com\/fi\/wp-json\/wp\/v2\/types\/post"}],"author":[{"embeddable":true,"href":"https:\/\/www.europesays.com\/fi\/wp-json\/wp\/v2\/users\/2"}],"replies":[{"embeddable":true,"href":"https:\/\/www.europesays.com\/fi\/wp-json\/wp\/v2\/comments?post=136967"}],"version-history":[{"count":0,"href":"https:\/\/www.europesays.com\/fi\/wp-json\/wp\/v2\/posts\/136967\/revisions"}],"wp:featuredmedia":[{"embeddable":true,"href":"https:\/\/www.europesays.com\/fi\/wp-json\/wp\/v2\/media\/136968"}],"wp:attachment":[{"href":"https:\/\/www.europesays.com\/fi\/wp-json\/wp\/v2\/media?parent=136967"}],"wp:term":[{"taxonomy":"category","embeddable":true,"href":"https:\/\/www.europesays.com\/fi\/wp-json\/wp\/v2\/categories?post=136967"},{"taxonomy":"post_tag","embeddable":true,"href":"https:\/\/www.europesays.com\/fi\/wp-json\/wp\/v2\/tags?post=136967"}],"curies":[{"name":"wp","href":"https:\/\/api.w.org\/{rel}","templated":true}]}}