{"id":136976,"date":"2026-01-08T17:50:09","date_gmt":"2026-01-08T17:50:09","guid":{"rendered":"https:\/\/www.europesays.com\/fi\/136976\/"},"modified":"2026-01-08T17:50:09","modified_gmt":"2026-01-08T17:50:09","slug":"akun-vaihto-onnistuu-monelta-kotikonstein-kun-pysyy-vanhoissa-autoissa-paasee-helpommalla-kotimaa","status":"publish","type":"post","link":"https:\/\/www.europesays.com\/fi\/136976\/","title":{"rendered":"Akun vaihto onnistuu monelta kotikonstein \u2013 \u201dKun pysyy vanhoissa autoissa, p\u00e4\u00e4see helpommalla\u201d | Kotimaa"},"content":{"rendered":"<p class=\"aw-1gybjub aw-5vja16 kEtdKx kmuxyA yle__article__paragraph\">Vanhempien autojen omistajat selvi\u00e4v\u00e4t usein akun vaihdosta itse, mutta uudempien autojen teknologia tekee vaihtamisesta vaikeaa.<\/p>\n<p><img decoding=\"async\" alt=\"Kuvassa n\u00e4kyy auton moottoritila, jossa on Bosch-merkkinen akku. Akkua ymp\u00e4r\u00f6i useita letkuja ja johtoja.\" src=\"https:\/\/www.europesays.com\/fi\/wp-content\/uploads\/2026\/01\/39-1578512695fa103602df.jpeg\" class=\"aw-1l9m598 hKVVvP\"\/><\/p>\n<p>Avaa kuvien katselu<\/p>\n<p>Akkukauppa k\u00e4y aina kuumana, kun on kovat pakkaskelit. Kuva: Arto Loukasm\u00e4ki \/ Yle<\/p>\n<p>18:26\u2022P\u00e4ivitetty 19:13<\/p>\n<ul class=\"aw-1jjocuh iJTSwP yle__article__list yle__article__list--ul\">\n<li class=\"aw-1j7gwms gNYKfi\">Pakkasten kiristyminen lis\u00e4\u00e4 autoilijoiden akkuongelmia ja vauhdittaa akkukauppaa.<\/li>\n<li class=\"aw-1j7gwms gNYKfi\">Akun vaihtaminen onnistuu helposti vanhempiin autoihin, mutta uudemmissa autoissa se on vaikeampaa.<\/li>\n<li class=\"aw-1j7gwms gNYKfi\">Uuden auton tietokoneet voivat sekoittua, jos akun vaihtaa itse. Siksi ty\u00f6 j\u00e4tet\u00e4\u00e4n usein ammattilaiselle.<\/li>\n<\/ul>\n<p class=\"aw-1gybjub aw-1p7kakr kEtdKx cEmitX yle__article__paragraph\">Pakkasten kiristyminen on saanut monet autoilijat tarkistamaan autonsa akun kunnon. Vanhempien, esimerkiksi vuosituhannen vaihteen ajalta olevien, autojen omistajat selvi\u00e4v\u00e4t usein akun vaihdosta itse, mutta uudempien teknologia tuo omat vaikeutensa.<\/p>\n<p class=\"aw-1gybjub aw-1p7kakr kEtdKx cEmitX yle__article__paragraph\">Vaasalainen <strong class=\"aw-ak79eh KyCXm yle__article__strong\">Janne Lintala<\/strong> vaihtaa itse akut autoonsa; n\u00e4in h\u00e4n tekee sek\u00e4 tarpeesta ett\u00e4 v\u00e4lill\u00e4 my\u00f6s varmuuden vuoksi.<\/p>\n<p class=\"aw-1gybjub aw-1p7kakr kEtdKx cEmitX yle__article__paragraph\">\u2013 Viimeksi kes\u00e4ll\u00e4 jouduin vaihtamaan akun, kun olimme liikkeell\u00e4 asuntoautolla. Virta ei riitt\u00e4nyt kuin starttiin. N\u00e4in pakkasella akkuja tulee joskus vaihdettua my\u00f6s varmuuden vuoksi, Lintala kertoo.<\/p>\n<p><img decoding=\"async\" alt=\"Janne Lintala kertoi osaavansa vaihtaa itse autonsa akun.\" src=\"https:\/\/www.europesays.com\/fi\/wp-content\/uploads\/2026\/01\/39-1578619695fb6e383b69.jpeg\" loading=\"lazy\" class=\"aw-1l9m598 hKVVvP\"\/><\/p>\n<p>Avaa kuvien katselu<\/p>\n<p>Janne Lintala saattaa pakkaskelill\u00e4 vaihtaa autonsa akun varmuuden vuoksi. Kuva: Matti Rinnekangas \/ Yle<\/p>\n<p class=\"aw-1gybjub aw-1p7kakr kEtdKx cEmitX yle__article__paragraph\">Lintalalle auton akun vaihto on yksinkertainen toimenpide, mutta h\u00e4n pit\u00e4ytyykin vanhemmissa autoissa niiden helpon huollettavuuden takia.<\/p>\n<p class=\"aw-1gybjub aw-1p7kakr kEtdKx cEmitX yle__article__paragraph\">\u2013 Autoni on sen verran vanha, ett\u00e4 vaikka akku on irti, siell\u00e4 ei mene mitk\u00e4\u00e4n tietokoneet sekaisin. Uusissa autoissa on jotain virransy\u00f6tt\u00f6\u00e4 ja tietokoneet sekoilevat. Kun pysyy n\u00e4iss\u00e4 vanhoissa, p\u00e4\u00e4see helpommalla.<\/p>\n<p class=\"aw-1gybjub aw-1p7kakr kEtdKx cEmitX yle__article__paragraph\">My\u00f6s mustasaarelainen <strong class=\"aw-ak79eh KyCXm yle__article__strong\">Mikko Toivio<\/strong> suosii vanhempia autoja ja moottoripy\u00f6ri\u00e4, vaikka osaakin varmistaa virransy\u00f6t\u00f6n my\u00f6s uudemmissa malleissa akun vaihdon aikana.<\/p>\n<p class=\"aw-1gybjub aw-1p7kakr kEtdKx cEmitX yle__article__paragraph\">\u2013 En halua uudempia autoja. Niist\u00e4 ei ole muuta kuin murhetta: liikaa hienouksia, jotka vain hajoavat, Toivio toteaa.<\/p>\n<p class=\"aw-1gybjub aw-1p7kakr kEtdKx cEmitX yle__article__paragraph\">Sopivan akun l\u00f6yt\u00e4minen omaan autoon ei ole nyky\u00e4\u00e4n vaikeaa. Se tieto l\u00f6ytyy liikkeiss\u00e4 helposti auton rekisterinumeron avulla.<\/p>\n<p><img decoding=\"async\" alt=\"Mikko Toivio kertoi osaavansa vaihtaa auton akun itse.\" src=\"https:\/\/www.europesays.com\/fi\/wp-content\/uploads\/2026\/01\/39-1578622695fb74272aec.jpeg\" loading=\"lazy\" class=\"aw-1l9m598 hKVVvP\"\/><\/p>\n<p>Avaa kuvien katselu<\/p>\n<p>Mikko Toivion mielest\u00e4 uusissa autoissa on liikaa hienouksia. Kuva: Matti Rinnekangas \/ YleTraktorin akkuja l\u00e4mmitetty sis\u00e4ll\u00e4<\/p>\n<p class=\"aw-1gybjub aw-1p7kakr kEtdKx cEmitX yle__article__paragraph\">Sein\u00e4jokelainen <strong class=\"aw-ak79eh KyCXm yle__article__strong\">Jari Viljakainen<\/strong> on kokenut akun vaihtaja, mutta h\u00e4n my\u00f6nt\u00e4\u00e4 uusien autojen tuomat haasteet.<\/p>\n<p class=\"aw-1gybjub aw-1p7kakr kEtdKx cEmitX yle__article__paragraph\">\u2013 Ei n\u00e4ihin moderneihin autoihin en\u00e4\u00e4 pysty itse vaihtamaan, Viljakainen kokee.<\/p>\n<p class=\"aw-1gybjub aw-1p7kakr kEtdKx cEmitX yle__article__paragraph\">H\u00e4n muistelee menneit\u00e4 aikoja, jolloin kovat pakkaset toivat viel\u00e4 nytkin koettua suurempia haasteita.<\/p>\n<p class=\"aw-1gybjub aw-1p7kakr kEtdKx cEmitX yle__article__paragraph\">\u2013 Muistan 1970\u201380-luvulta lapsuudesta, miten traktoreita l\u00e4mmitettiin. Akkuja kuljetettiin sis\u00e4lle ja pidettiin siell\u00e4 y\u00f6n yli, kun pakkasta oli 37 astetta monta viikkoa.<\/p>\n<p><img decoding=\"async\" alt=\"Saku Tuomela kertoi osaavansa vaihtaa itse autonsa akun.\" src=\"https:\/\/www.europesays.com\/fi\/wp-content\/uploads\/2026\/01\/39-1578635695fb7a830328.jpeg\" loading=\"lazy\" class=\"aw-1l9m598 hKVVvP\"\/><\/p>\n<p>Avaa kuvien katselu<\/p>\n<p>Saku Tuomela ei ole koskaan joutunut vaihtamaan akkua autoonsa. Kuva: Matti Rinnekangas \/ YleHyv\u00e4 niksi akkukaupoille<\/p>\n<p class=\"aw-1gybjub aw-1p7kakr kEtdKx cEmitX yle__article__paragraph\">Vaasalainen <strong class=\"aw-ak79eh KyCXm yle__article__strong\">Saku Tuomela<\/strong> ei ole joutunut koskaan vaihtamaan akkua omaan autoonsa. H\u00e4n kuitenkin uskoo selviytyv\u00e4ns\u00e4 teht\u00e4v\u00e4st\u00e4 tarvittaessa.<\/p>\n<p class=\"aw-1gybjub aw-1p7kakr kEtdKx cEmitX yle__article__paragraph\">Tuomelalla on uuden akun ostamiseen yksinkertainen niksi.<\/p>\n<p class=\"aw-1gybjub aw-1p7kakr kEtdKx cEmitX yle__article__paragraph\">\u2013 Todenn\u00e4k\u00f6isesti ostaisin samanlaisen, joka siin\u00e4 on nyt.<\/p>\n<p><img decoding=\"async\" alt=\"Pipop\u00e4inen mies talvisessa autojen pys\u00e4k\u00f6intipaikassa.\" src=\"https:\/\/www.europesays.com\/fi\/wp-content\/uploads\/2026\/01\/39-1578432695f9436abce1.jpeg\" loading=\"lazy\" class=\"aw-1l9m598 hKVVvP\"\/><\/p>\n<p>Avaa kuvien katselu<\/p>\n<p>Vesa Haaparanta pit\u00e4\u00e4 joidenkin akkujen kiinnikkeit\u00e4 hankalina. Kuva: Arto Loukasm\u00e4ki \/ Yle<\/p>\n<p class=\"aw-1gybjub aw-1p7kakr kEtdKx cEmitX yle__article__paragraph\">My\u00f6s sein\u00e4jokelainen <strong class=\"aw-ak79eh KyCXm yle__article__strong\">Vesa Haaparanta<\/strong> uskoo selviytyv\u00e4ns\u00e4 itse akun vaihto-operaatiosta, jos sellainen tulee eteen.<\/p>\n<p class=\"aw-1gybjub aw-1p7kakr kEtdKx cEmitX yle__article__paragraph\">\u2013 Joissakin akuissa kiinnikkeet voivat olla hankalia. Jos ne l\u00e4htev\u00e4t hienosti, ei siin\u00e4 pit\u00e4isi olla mit\u00e4\u00e4n ongelmaa, Haaparanta sanoo.<\/p>\n<p class=\"aw-1gybjub aw-1p7kakr kEtdKx cEmitX yle__article__paragraph\"><strong class=\"aw-ak79eh KyCXm yle__article__strong\">Kun kelit kylmenev\u00e4t, autojen akkuihin alkaa ilmesty\u00e4 ongelmia. Samalla myym\u00e4l\u00f6iden akkukauppa kiihtyy vauhdilla:<\/strong><\/p>\n","protected":false},"excerpt":{"rendered":"Vanhempien autojen omistajat selvi\u00e4v\u00e4t usein akun vaihdosta itse, mutta uudempien autojen teknologia tekee vaihtamisesta vaikeaa. Avaa kuvien katselu&hellip;\n","protected":false},"author":2,"featured_media":136977,"comment_status":"","ping_status":"","sticky":false,"template":"","format":"standard","meta":{"footnotes":""},"categories":[5],"tags":[23850,6863,648,22,23,1377,26,27,33,31,30,17,71,24,25,1161,28,29,15,18,21,449,680,32,19,20,16,859],"class_list":{"0":"post-136976","1":"post","2":"type-post","3":"status-publish","4":"format-standard","5":"has-post-thumbnail","7":"category-otsikot","8":"tag-akkuongelmat","9":"tag-akut","10":"tag-autot","11":"tag-breaking-news","12":"tag-breakingnews","13":"tag-etela-pohjanmaa","14":"tag-featured-news","15":"tag-featurednews","16":"tag-fi","17":"tag-finland","18":"tag-finnish","19":"tag-headlines","20":"tag-kotimaa","21":"tag-latest-news","22":"tag-latestnews","23":"tag-liikenne","24":"tag-main-news","25":"tag-mainnews","26":"tag-news","27":"tag-otsikot","28":"tag-paauutiset","29":"tag-pohjanmaa","30":"tag-seinajoki","31":"tag-suomi","32":"tag-top-stories","33":"tag-topstories","34":"tag-uutiset","35":"tag-vaasa"},"share_on_mastodon":{"url":"https:\/\/pubeurope.com\/@fi\/115860748575490925","error":""},"_links":{"self":[{"href":"https:\/\/www.europesays.com\/fi\/wp-json\/wp\/v2\/posts\/136976","targetHints":{"allow":["GET"]}}],"collection":[{"href":"https:\/\/www.europesays.com\/fi\/wp-json\/wp\/v2\/posts"}],"about":[{"href":"https:\/\/www.europesays.com\/fi\/wp-json\/wp\/v2\/types\/post"}],"author":[{"embeddable":true,"href":"https:\/\/www.europesays.com\/fi\/wp-json\/wp\/v2\/users\/2"}],"replies":[{"embeddable":true,"href":"https:\/\/www.europesays.com\/fi\/wp-json\/wp\/v2\/comments?post=136976"}],"version-history":[{"count":0,"href":"https:\/\/www.europesays.com\/fi\/wp-json\/wp\/v2\/posts\/136976\/revisions"}],"wp:featuredmedia":[{"embeddable":true,"href":"https:\/\/www.europesays.com\/fi\/wp-json\/wp\/v2\/media\/136977"}],"wp:attachment":[{"href":"https:\/\/www.europesays.com\/fi\/wp-json\/wp\/v2\/media?parent=136976"}],"wp:term":[{"taxonomy":"category","embeddable":true,"href":"https:\/\/www.europesays.com\/fi\/wp-json\/wp\/v2\/categories?post=136976"},{"taxonomy":"post_tag","embeddable":true,"href":"https:\/\/www.europesays.com\/fi\/wp-json\/wp\/v2\/tags?post=136976"}],"curies":[{"name":"wp","href":"https:\/\/api.w.org\/{rel}","templated":true}]}}