{"id":136988,"date":"2026-01-08T18:10:08","date_gmt":"2026-01-08T18:10:08","guid":{"rendered":"https:\/\/www.europesays.com\/fi\/136988\/"},"modified":"2026-01-08T18:10:08","modified_gmt":"2026-01-08T18:10:08","slug":"aleksi-rantamaa-ja-nora-menivat-salaa-naimisiin-katso-kuvat-ja-lue-lisaa","status":"publish","type":"post","link":"https:\/\/www.europesays.com\/fi\/136988\/","title":{"rendered":"Aleksi Rantamaa ja Nora meniv\u00e4t salaa naimisiin \u2013 Katso kuvat ja lue lis\u00e4\u00e4!"},"content":{"rendered":"<p>            ATTE KAJOVA\n        <\/p>\n<p class=\"subtitle \">Aleksin el\u00e4m\u00e4 on k\u00e4\u00e4ntynyt vaikeuksista voittoon.<\/p>\n<p class=\"article-content article-content-width !bg-background\">Entinen Youtube-t\u00e4hti ja Ylen toimittajanakin tunnettu podcastjuontaja , 32, on mennyt naimisiin.<\/p>\n<p class=\"font-weight-bold m-font-weight-bold article-content article-content-width !bg-background\">Katso my\u00f6s! N\u00e4m\u00e4 julkkikset meniv\u00e4t naimisiin vuonna 2025:<\/p>\n<p class=\"article-content article-content-width !bg-background\">Alttarille -rakkaan kanssa asteltiin salaa, mutta juhlia ei kuitenkaan aiota t\u00e4ysin unohtaa.<\/p>\n<p>Sukunimi vaihtui!<\/p>\n<p class=\"article-content article-content-width !bg-background\">Mentaalisavuke-k\u00e4ytt\u00e4j\u00e4nimell\u00e4 Instagram-sis\u00e4lt\u00f6\u00e4 tekev\u00e4 Aleksi <a href=\"https:\/\/www.instagram.com\/mentaalisavuke\/\" target=\"_blank\" rel=\"nofollow noopener\">julkaisi tililleen<\/a> torstaina (8.1.) iloisen uutisen: h\u00e4n on mennyt naimisiin Nora-rakkaansa kanssa.<\/p>\n<p class=\"article-content article-content-width !bg-background\"> \u2013 070126 karkasimme naimisiin naisen kanssa jota nyt ylpe\u00e4n\u00e4 voin kutsua lasteni \u00e4idin lis\u00e4ksi my\u00f6s vaimokseni, Aleksi tunnustaa.<\/p>\n<p>        <a itemprop=\"url\" href=\"https:\/\/www.seiska.fi\/kotimaa\/aleksi-rantamaa-vauva-tulossa\/1890386\" rel=\"nofollow noopener\" target=\"_blank\"><\/p>\n<p>\nKohujuontaja\n<\/p>\n<p class=\"section-date\">\n        <strong class=\"article-section\" data-section=\"kotimaa\"><br \/>\n            kotimaa<br \/>\n        <\/strong><br \/>\n        5.8.2025 14:58\n    <\/p>\n<p>Aleksi Rantamaa: Vauva tulossa!\n    <\/p>\n<p itemprop=\"description\" class=\"subtitle \">\n    Alun perin Youtubesta Mentaalisavuke-nimell\u00e4 tunnettu mies ilmoitti ilouutisesta.\n<\/p>\n<p>        <\/a><\/p>\n<p class=\"article-content article-content-width !bg-background\">Kuvassa kaksikko esittelee vasempia k\u00e4si\u00e4\u00e4n, joissa kimaltaa kihlasormusten lis\u00e4ksi nyt my\u00f6s vihkisormukset.\u00a0My\u00f6s Nora iloitsi asiaa omalla<a href=\"https:\/\/www.instagram.com\/norantamaa\/\" target=\"_blank\" rel=\"nofollow noopener\"> Instagram-tilill\u00e4\u00e4n<\/a>, paljastaen samalla vaihtaneensa oman sukunimens\u00e4 Aleksin omaan.<\/p>\n<p class=\"article-content article-content-width !bg-background\"> \u2013\u00a0New year, new surname! Mentiin kaikilta salaa naimisiin ja nyky\u00e4\u00e4n oonkin Rouva Rantamaa, h\u00e4n myh\u00e4ilee.<\/p>\n<p>                <img decoding=\"async\" src=\"https:\/\/www.europesays.com\/fi\/wp-content\/uploads\/2026\/01\/2040809.webp.jpeg\" width=\"576\" height=\"720\" alt=\"Aleksi n\u00e4htiin viime syksyn\u00e4 Nelosella esitetyll\u00e4 Erikoisjoukot -ohjelman tuoreella tuotantokaudella, kokelasnumerolla 8.\" loading=\"lazy\" \/>            <\/p>\n<p>\n            Aleksi n\u00e4htiin viime syksyn\u00e4 Nelosella esitetyll\u00e4 Erikoisjoukot -ohjelman tuoreella tuotantokaudella, kokelasnumerolla 8.<br \/>\n            ATTE KAJOVA\n        <\/p>\n<p class=\"article-content article-content-width !bg-background\">Vaikka naimisiin asteltiin kaikessa hiljaisuudessa tavallisena keskiviikkop\u00e4iv\u00e4n\u00e4, ei juhlia aiota kokonaan unohtaa.<\/p>\n<p class=\"article-content article-content-width !bg-background\"> \u2013\u00a0IRL kamuleille: Bileet pidet\u00e4\u00e4n sitten kun niiden aika on mutta \u00e4lk\u00e4\u00e4 pid\u00e4tt\u00e4k\u00f6 hengityst\u00e4, Aleksi vinkkaa julkaisussaan.<\/p>\n<p>        <a itemprop=\"url\" href=\"https:\/\/www.seiska.fi\/kotimaa\/tubettaja-aleksi-rantamaa-saa-lapsen-tilitti-huutavista-paskakoneista-kesalla-2020\/1250552\" rel=\"nofollow noopener\" target=\"_blank\"><\/p>\n<p class=\"section-date\">\n        <strong class=\"article-section\" data-section=\"kotimaa\"><br \/>\n            kotimaa<br \/>\n        <\/strong><br \/>\n        23.1.2024 14:35\n    <\/p>\n<p>Tubettaja Aleksi Rantamaa saa lapsen &#8211; tilitti \u201dhuutavista paskakoneista\u201d kes\u00e4ll\u00e4 2020\n    <\/p>\n<p itemprop=\"description\" class=\"subtitle \">\n    Aleksin kritiikki\u00e4 her\u00e4tt\u00e4neet ulostulot ovat tuoreessa muistissa viel\u00e4 vauvauutisen aikaan.\n<\/p>\n<p>        <\/a><\/p>\n<p>Vauva onnea!\u00a0<\/p>\n<p class=\"article-content article-content-width !bg-background\">Aleksi ja Nora ovat pian kahden lapsen vanhempia. Kes\u00e4ll\u00e4 2024 syntyneen pojan lis\u00e4ksi perheeseen on syntym\u00e4ss\u00e4 n\u00e4ill\u00e4 n\u00e4pp\u00e4imill\u00e4 tytt\u00f6vauva. Aleksi ja Nora ovat paljastaneet lasketunajan olevan tammikuussa 2026.<\/p>\n<p class=\"article-content article-content-width !bg-background\">Nyt onnellista lapsiperhearkea el\u00e4v\u00e4n Aleksin el\u00e4m\u00e4 oli viel\u00e4 muutama vuosi sitten t\u00e4ysin eri tolalla. Silloin Aleksi k\u00e4rsi vakavasta alkoholismista, joka meinasi vide\u00e4 miehelt\u00e4 hengen. Lopulta Aleksi havahtui onnekseen omaan alkoholin k\u00e4ytt\u00f6\u00f6ns\u00e4, ja nyt pitk\u00e4n taistelun j\u00e4lkeen korkki on pysynyt kiinni jo joulukuusta 2022. Aleksi tuli esiin sairautensa kanssa Ylen dokumenttisarjassa\u00a0 Aleksi&lt;30 &#8211; viime tipassa (2023).<\/p>\n<p><script async src=\"\/\/www.instagram.com\/embed.js\"><\/script><\/p>\n","protected":false},"excerpt":{"rendered":"ATTE KAJOVA Aleksin el\u00e4m\u00e4 on k\u00e4\u00e4ntynyt vaikeuksista voittoon. Entinen Youtube-t\u00e4hti ja Ylen toimittajanakin tunnettu podcastjuontaja , 32, on&hellip;\n","protected":false},"author":2,"featured_media":136989,"comment_status":"","ping_status":"","sticky":false,"template":"","format":"standard","meta":{"footnotes":""},"categories":[130],"tags":[137,33,31,30,212,32,109],"class_list":{"0":"post-136988","1":"post","2":"type-post","3":"status-publish","4":"format-standard","5":"has-post-thumbnail","7":"category-viihde","8":"tag-entertainment","9":"tag-fi","10":"tag-finland","11":"tag-finnish","12":"tag-lifestyle","13":"tag-suomi","14":"tag-viihde"},"share_on_mastodon":{"url":"https:\/\/pubeurope.com\/@fi\/115860827214355384","error":""},"_links":{"self":[{"href":"https:\/\/www.europesays.com\/fi\/wp-json\/wp\/v2\/posts\/136988","targetHints":{"allow":["GET"]}}],"collection":[{"href":"https:\/\/www.europesays.com\/fi\/wp-json\/wp\/v2\/posts"}],"about":[{"href":"https:\/\/www.europesays.com\/fi\/wp-json\/wp\/v2\/types\/post"}],"author":[{"embeddable":true,"href":"https:\/\/www.europesays.com\/fi\/wp-json\/wp\/v2\/users\/2"}],"replies":[{"embeddable":true,"href":"https:\/\/www.europesays.com\/fi\/wp-json\/wp\/v2\/comments?post=136988"}],"version-history":[{"count":0,"href":"https:\/\/www.europesays.com\/fi\/wp-json\/wp\/v2\/posts\/136988\/revisions"}],"wp:featuredmedia":[{"embeddable":true,"href":"https:\/\/www.europesays.com\/fi\/wp-json\/wp\/v2\/media\/136989"}],"wp:attachment":[{"href":"https:\/\/www.europesays.com\/fi\/wp-json\/wp\/v2\/media?parent=136988"}],"wp:term":[{"taxonomy":"category","embeddable":true,"href":"https:\/\/www.europesays.com\/fi\/wp-json\/wp\/v2\/categories?post=136988"},{"taxonomy":"post_tag","embeddable":true,"href":"https:\/\/www.europesays.com\/fi\/wp-json\/wp\/v2\/tags?post=136988"}],"curies":[{"name":"wp","href":"https:\/\/api.w.org\/{rel}","templated":true}]}}