{"id":137020,"date":"2026-01-08T19:01:07","date_gmt":"2026-01-08T19:01:07","guid":{"rendered":"https:\/\/www.europesays.com\/fi\/137020\/"},"modified":"2026-01-08T19:01:07","modified_gmt":"2026-01-08T19:01:07","slug":"uusi-kanadalaispelaaja-sm-liigaan","status":"publish","type":"post","link":"https:\/\/www.europesays.com\/fi\/137020\/","title":{"rendered":"Uusi kanadalaispelaaja SM-liigaan"},"content":{"rendered":"<p>Taas uusi ECHL-pelaaja Suomeen.<\/p>\n<p><img decoding=\"async\" class=\"image image-show image-preview\" src=\"https:\/\/www.europesays.com\/fi\/wp-content\/uploads\/2026\/01\/a9232dcfa4b1bc81465cea0a29179f7b52015292694f29cefb75fea2d093284e.jpg\" alt=\"\"\/><img decoding=\"async\" class=\"image image-show\" src=\"https:\/\/www.europesays.com\/fi\/wp-content\/uploads\/2026\/01\/1767898867_69_a9232dcfa4b1bc81465cea0a29179f7b52015292694f29cefb75fea2d093284e.jpg\" alt=\"\"\/><\/p>\n<p>Garrett Pyke saapuu H\u00e4meenlinnaan. ZumaWire \/ MVPHOTOS<\/p>\n<p class=\"paragraph\">J\u00e4\u00e4kiekkoilun SM-liigan toiseksi viimeisen\u00e4 oleva H\u00e4meenlinna Pallokerho on tehnyt loppukauden mittaisen sopimuksen kanadalaisen puolustajan <strong>Garrett Pyken<\/strong>, 26, kanssa.<\/p>\n<p class=\"paragraph\">Pyke jatkaa viime vuosilta tuttua ECHL-taustaisten pelaajien vy\u00f6ry\u00e4 Suomeen. Pyke on pelannut t\u00e4ll\u00e4 kaudella 22 ECHL ottelua ja yhden AHL-ottelun. Yliopistopolun kulkenut kanadalainen on pelannut yhteens\u00e4 41 ECHL-ottelua ja 30 AHL-ottelua.<\/p>\n<p class=\"paragraph\">186-senttinen Pyke pelaa vasen k\u00e4si alhaalla.<\/p>\n<p class=\"paragraph\">\u2013\u2009Garrett on hyv\u00e4 yleispuolustaja, joka on osoittanut ECHL:ss\u00e4 pystyv\u00e4ns\u00e4 tekem\u00e4\u00e4n my\u00f6s pisteit\u00e4. Saamme lis\u00e4\u00e4 leveytt\u00e4 pakistoomme, kun Garrett saapuu H\u00e4meenlinnaan, ja uskon h\u00e4nen auttavan meit\u00e4 tavoitteessamme pelata pudotuspelej\u00e4 t\u00e4n\u00e4 kev\u00e4\u00e4n\u00e4, HPK:n toimitusjohtaja <strong>Kaj K\u00e4llarsson<\/strong> sanoi tiedotteessa.<\/p>\n<p class=\"paragraph\">HPK:n mukaan Pyken maahantuloprosessi on k\u00e4ynniss\u00e4.<\/p>\n","protected":false},"excerpt":{"rendered":"Taas uusi ECHL-pelaaja Suomeen. Garrett Pyke saapuu H\u00e4meenlinnaan. ZumaWire \/ MVPHOTOS J\u00e4\u00e4kiekkoilun SM-liigan toiseksi viimeisen\u00e4 oleva H\u00e4meenlinna Pallokerho&hellip;\n","protected":false},"author":2,"featured_media":137021,"comment_status":"","ping_status":"","sticky":false,"template":"","format":"standard","meta":{"footnotes":""},"categories":[158],"tags":[35,1144,1274,33,31,30,96,41,159,32,1145,160],"class_list":{"0":"post-137020","1":"post","2":"type-post","3":"status-publish","4":"format-standard","5":"has-post-thumbnail","7":"category-urheilu","8":"tag-24h","9":"tag-ammattilaisjaakiekko","10":"tag-ammattiurheilu","11":"tag-fi","12":"tag-finland","13":"tag-finnish","14":"tag-koulutus","15":"tag-liikunta-ja-urheilu","16":"tag-sports","17":"tag-suomi","18":"tag-talviurheilu","19":"tag-urheilu"},"share_on_mastodon":{"url":"https:\/\/pubeurope.com\/@fi\/115861027911166599","error":""},"_links":{"self":[{"href":"https:\/\/www.europesays.com\/fi\/wp-json\/wp\/v2\/posts\/137020","targetHints":{"allow":["GET"]}}],"collection":[{"href":"https:\/\/www.europesays.com\/fi\/wp-json\/wp\/v2\/posts"}],"about":[{"href":"https:\/\/www.europesays.com\/fi\/wp-json\/wp\/v2\/types\/post"}],"author":[{"embeddable":true,"href":"https:\/\/www.europesays.com\/fi\/wp-json\/wp\/v2\/users\/2"}],"replies":[{"embeddable":true,"href":"https:\/\/www.europesays.com\/fi\/wp-json\/wp\/v2\/comments?post=137020"}],"version-history":[{"count":0,"href":"https:\/\/www.europesays.com\/fi\/wp-json\/wp\/v2\/posts\/137020\/revisions"}],"wp:featuredmedia":[{"embeddable":true,"href":"https:\/\/www.europesays.com\/fi\/wp-json\/wp\/v2\/media\/137021"}],"wp:attachment":[{"href":"https:\/\/www.europesays.com\/fi\/wp-json\/wp\/v2\/media?parent=137020"}],"wp:term":[{"taxonomy":"category","embeddable":true,"href":"https:\/\/www.europesays.com\/fi\/wp-json\/wp\/v2\/categories?post=137020"},{"taxonomy":"post_tag","embeddable":true,"href":"https:\/\/www.europesays.com\/fi\/wp-json\/wp\/v2\/tags?post=137020"}],"curies":[{"name":"wp","href":"https:\/\/api.w.org\/{rel}","templated":true}]}}