{"id":137024,"date":"2026-01-08T19:05:07","date_gmt":"2026-01-08T19:05:07","guid":{"rendered":"https:\/\/www.europesays.com\/fi\/137024\/"},"modified":"2026-01-08T19:05:07","modified_gmt":"2026-01-08T19:05:07","slug":"naita-esineita-harva-enaa-kayttaa-jos-kuvat-herattavat-muistoja-olet-entinen-nuorisolainen","status":"publish","type":"post","link":"https:\/\/www.europesays.com\/fi\/137024\/","title":{"rendered":"N\u00e4it\u00e4 esineit\u00e4 harva en\u00e4\u00e4 k\u00e4ytt\u00e4\u00e4 \u2013 jos kuvat her\u00e4tt\u00e4v\u00e4t muistoja, olet entinen nuorisolainen"},"content":{"rendered":"<p>Jos t\u00e4ss\u00e4 jutussa esitellyt esineet her\u00e4tt\u00e4v\u00e4t sinussa l\u00e4mpimi\u00e4 muistoja, et taida olla nykymittapuulla en\u00e4\u00e4 kovin nuori.<\/p>\n<p class=\"article-body mb-nof-24 px-nof-16\">Puhelinlangat laulaa, luritteli <a class=\"font-bold underline-offset-[0.12em] [text-decoration:var(--person-link-text-decoration)] ![text-decoration-color:var(--person-link-text-decoration-color)]\" href=\"https:\/\/www.is.fi\/haku\/?query=Katri%20Helena\" rel=\"nofollow noopener\" target=\"_blank\">Katri Helena<\/a> reilu 60 vuotta sitten levytt\u00e4m\u00e4ll\u00e4\u00e4n hittikappaleella.<\/p>\n<p class=\"article-body mb-nof-24 px-nof-16\">Vaan eiv\u00e4tp\u00e4 laula juuri en\u00e4\u00e4. Nyky\u00e4\u00e4n lankapuhelimet ovat Suomessa harvinaisuus: <a class=\"underline underline-offset-[0.12em] [text-decoration-thickness:var(--generic-link-underline-thickness)] [text-decoration-color:var(--generic-link-underline-color)] [text-decoration-skip-ink:var(--generic-link-underline-skip-ink)] break-words\" href=\"https:\/\/tekniikanmaailma.fi\/lehti\/6b-2025\/onko-suomessa-kaytossa-viela-lankapuhelimia\/\" rel=\"nofollow noopener\" target=\"_blank\">kes\u00e4ll\u00e4 2024<\/a> niit\u00e4 oli suomalaiskodeissa en\u00e4\u00e4 16\u202f000 kappaletta. Huippuvuonna 1997 luku on ollut 2,8 miljoonaa, sis\u00e4lt\u00e4en sek\u00e4 kotitalouksien ett\u00e4 yritysten lankapuhelin\u00adliittym\u00e4t.<\/p>\n<p class=\"article-body mb-nof-24 px-nof-16\">Langallinen luuri ei suinkaan ole ainoa kapistus, josta aika on ajanut ohi niin vauhdilla, ettei laitteella ole t\u00e4n\u00e4 p\u00e4iv\u00e4n\u00e4 juuri mit\u00e4\u00e4n virkaa.<\/p>\n<p class=\"article-body mb-nof-24 px-nof-16\">Nyt on aika tehd\u00e4 aikamatka menneille vuosikymmenille pienen kuvakimaran kera. Muistatko sin\u00e4 n\u00e4m\u00e4 m\u00e4nn\u00e4vuosilta tutut esineet ja mit\u00e4 niill\u00e4 oikein tehtiin?<\/p>\n<p class=\"article-body mb-nof-24 px-nof-16\">Nykynuorilla \u2013 tai ainakaan alle 25-vuotiailla \u2013 tuskin on aavistustakaan. Mutta jos sinulle tulee kuvien katselusta kotoisa olo, olet todenn\u00e4k\u00f6isesti entinen nuorisolainen tai v\u00e4hint\u00e4\u00e4nkin hipomassa kolmenkymmenen vuoden i\u00e4n rajapyykki\u00e4.<\/p>\n<p class=\"article-body mb-nof-24 px-nof-16\">Samalla saat n\u00e4hd\u00e4, aiheuttivatko kuvien esineet nostalgian v\u00e4r\u00e4hdyksi\u00e4 my\u00f6s muille vastaajille.<\/p>\n","protected":false},"excerpt":{"rendered":"Jos t\u00e4ss\u00e4 jutussa esitellyt esineet her\u00e4tt\u00e4v\u00e4t sinussa l\u00e4mpimi\u00e4 muistoja, et taida olla nykymittapuulla en\u00e4\u00e4 kovin nuori. Puhelinlangat laulaa,&hellip;\n","protected":false},"author":2,"featured_media":137025,"comment_status":"","ping_status":"","sticky":false,"template":"","format":"standard","meta":{"footnotes":""},"categories":[76],"tags":[79,77,33,31,30,34,32,78],"class_list":{"0":"post-137024","1":"post","2":"type-post","3":"status-publish","4":"format-standard","5":"has-post-thumbnail","7":"category-talous","8":"tag-business","9":"tag-economy","10":"tag-fi","11":"tag-finland","12":"tag-finnish","13":"tag-ilta-sanomat","14":"tag-suomi","15":"tag-talous"},"share_on_mastodon":{"url":"https:\/\/pubeurope.com\/@fi\/115861043507838633","error":""},"_links":{"self":[{"href":"https:\/\/www.europesays.com\/fi\/wp-json\/wp\/v2\/posts\/137024","targetHints":{"allow":["GET"]}}],"collection":[{"href":"https:\/\/www.europesays.com\/fi\/wp-json\/wp\/v2\/posts"}],"about":[{"href":"https:\/\/www.europesays.com\/fi\/wp-json\/wp\/v2\/types\/post"}],"author":[{"embeddable":true,"href":"https:\/\/www.europesays.com\/fi\/wp-json\/wp\/v2\/users\/2"}],"replies":[{"embeddable":true,"href":"https:\/\/www.europesays.com\/fi\/wp-json\/wp\/v2\/comments?post=137024"}],"version-history":[{"count":0,"href":"https:\/\/www.europesays.com\/fi\/wp-json\/wp\/v2\/posts\/137024\/revisions"}],"wp:featuredmedia":[{"embeddable":true,"href":"https:\/\/www.europesays.com\/fi\/wp-json\/wp\/v2\/media\/137025"}],"wp:attachment":[{"href":"https:\/\/www.europesays.com\/fi\/wp-json\/wp\/v2\/media?parent=137024"}],"wp:term":[{"taxonomy":"category","embeddable":true,"href":"https:\/\/www.europesays.com\/fi\/wp-json\/wp\/v2\/categories?post=137024"},{"taxonomy":"post_tag","embeddable":true,"href":"https:\/\/www.europesays.com\/fi\/wp-json\/wp\/v2\/tags?post=137024"}],"curies":[{"name":"wp","href":"https:\/\/api.w.org\/{rel}","templated":true}]}}