{"id":137030,"date":"2026-01-08T19:08:08","date_gmt":"2026-01-08T19:08:08","guid":{"rendered":"https:\/\/www.europesays.com\/fi\/137030\/"},"modified":"2026-01-08T19:08:08","modified_gmt":"2026-01-08T19:08:08","slug":"hairikointi-lisaantyi-seinajoen-keskussairaalassa-henkilokunta-on-tottunut-siihen-etta-haistatellaan-sanoo-hoitaja-kotimaa","status":"publish","type":"post","link":"https:\/\/www.europesays.com\/fi\/137030\/","title":{"rendered":"H\u00e4irik\u00f6inti lis\u00e4\u00e4ntyi Sein\u00e4joen keskussairaalassa \u2013 \u201dHenkil\u00f6kunta on tottunut siihen, ett\u00e4 haistatellaan,\u201d sanoo hoitaja | Kotimaa"},"content":{"rendered":"<p class=\"aw-1gybjub aw-5vja16 kEtdKx kmuxyA yle__article__paragraph\">H\u00e4irik\u00f6inti on lis\u00e4\u00e4ntynyt Sein\u00e4joen yhteisp\u00e4ivystyksess\u00e4. Reilu vuosi sitten hyvinvointialue joutui muistuttamaan asiakkaita hyv\u00e4st\u00e4 k\u00e4yt\u00f6ksest\u00e4. <\/p>\n<p><img decoding=\"async\" alt=\"Ambulanssikuskit kuljettavat potilasta paareilla. \" src=\"https:\/\/www.europesays.com\/fi\/wp-content\/uploads\/2026\/01\/39-99483362fb4ef4aa42e.jpeg\" class=\"aw-1l9m598 hKVVvP\"\/><\/p>\n<p>Avaa kuvien katselu<\/p>\n<p>Hoitoonp\u00e4\u00e4sy halutaan joskus varmistaa huonolla k\u00e4yt\u00f6ksell\u00e4. Sein\u00e4joella n\u00e4in tapahtui viime vuonna 600 kertaa. H\u00e4irik\u00f6inti on lis\u00e4\u00e4ntym\u00e4ss\u00e4. Kuva: Veli-Pekka H\u00e4m\u00e4l\u00e4inen \/ Yle<\/p>\n<ul class=\"aw-1jjocuh iJTSwP yle__article__list yle__article__list--ul\">\n<li class=\"aw-1j7gwms gNYKfi\">Potilaiden h\u00e4iri\u00f6k\u00e4ytt\u00e4ytyminen on lis\u00e4\u00e4ntynyt Sein\u00e4joen sairaalan yhteisp\u00e4ivystyksess\u00e4. Viime vuonna vartijoita tarvittiin apuun 601 kertaa.<\/li>\n<li class=\"aw-1j7gwms gNYKfi\">Osastonhoitaja Anne Saarelan mukaan eniten uhkailua ja nimittely\u00e4 kokevat potilaita vastaanottavat hoitajat.<\/li>\n<li class=\"aw-1j7gwms gNYKfi\">H\u00e4irik\u00f6innin syyn\u00e4 on usein h\u00e4t\u00e4. Iso osa h\u00e4irik\u00f6ivist\u00e4 potilaista on my\u00f6s muistisairaita tai p\u00e4ihtyneit\u00e4.<\/li>\n<\/ul>\n<p class=\"aw-1gybjub aw-1p7kakr kEtdKx cEmitX yle__article__paragraph\">Sein\u00e4joella sairaalan yhteisp\u00e4ivystykseen tulevien potilaiden k\u00e4yt\u00f6s on huonontunut.<\/p>\n<p class=\"aw-1gybjub aw-1p7kakr kEtdKx cEmitX yle__article__paragraph\">Viime vuonna vartijaa tarvittiin potilaiden takia yhteens\u00e4 601 kertaa. Edellisvuonna h\u00e4irik\u00f6itiin 580 kertaa, joten lis\u00e4yst\u00e4 on parikymment\u00e4 tapausta.<\/p>\n<p class=\"aw-1gybjub aw-1p7kakr kEtdKx cEmitX yle__article__paragraph\">Eniten v\u00e4kivaltaa ja v\u00e4kivallan uhkaa kokevat hoitajat, koska he ottavat potilaat vastaan, sanoo yhteisp\u00e4ivystyksen osastonhoitaja <strong class=\"aw-ak79eh KyCXm yle__article__strong\">Anne Saarela<\/strong> Etel\u00e4-Pohjanmaan hyvinvointialueelta. Huonoa k\u00e4yt\u00f6st\u00e4 kokevat kuitenkin my\u00f6s l\u00e4\u00e4k\u00e4rit.<\/p>\n<p class=\"aw-1gybjub aw-1p7kakr kEtdKx cEmitX yle__article__paragraph\">Nyrkist\u00e4 ei ole toistaiseksi tullut, vaikka yrityksi\u00e4 on ollut.<\/p>\n<p class=\"aw-1gybjub aw-1p7kakr kEtdKx cEmitX yle__article__paragraph\">\u2013 Aika usein on potkimista, nimittely\u00e4, uhkailua ja semmoista yleist\u00e4 ilkeily\u00e4. Meill\u00e4 on onneksi aika v\u00e4h\u00e4n fyysisi\u00e4 kohtaamisia. Lis\u00e4ksi paikalla ovat vartijat, jotka tulevat tarvittaessa apuun t\u00e4llaisiin tilanteisiin.<\/p>\n<p class=\"aw-1gybjub aw-1p7kakr kEtdKx cEmitX yle__article__paragraph\">Hoitohenkil\u00f6kunta kokee my\u00f6s erilaista kiusaamista ja aliarvioimista.<\/p>\n<p class=\"aw-1gybjub aw-1p7kakr kEtdKx cEmitX yle__article__paragraph\">Saarelan mukaan osa on jo niin tottunut huonoon k\u00e4yt\u00f6kseen, ettei siihen l\u00e4hesk\u00e4\u00e4n aina edes oteta vartijaa apuun.<\/p>\n<p class=\"aw-1gybjub aw-1p7kakr kEtdKx cEmitX yle__article__paragraph\">\u2013 Henkil\u00f6kunta on aika lailla tottunut siihen, ett\u00e4 heille haistatellaan jonkun verran. Minun mielest\u00e4ni se ei ole ok, mutta he eiv\u00e4t rekister\u00f6i sit\u00e4, vaan tavallaan hyv\u00e4ksyv\u00e4t.<\/p>\n<p class=\"aw-1gybjub aw-1p7kakr kEtdKx cEmitX yle__article__paragraph\">Syyn\u00e4 huonoon k\u00e4yt\u00f6kseen Saarela pit\u00e4\u00e4 h\u00e4t\u00e4\u00e4 ja pelkoa. Nykypotilas osaa my\u00f6s vaatia, ja jos h\u00e4n ei saa haluamaansa, seurauksena on kiukuttelua.<\/p>\n<p><img decoding=\"async\" alt=\"Anne Saarela, yhteisp\u00e4ivyksen osastonhoitaja, Etel\u00e4-Pohjanmaan hyvinvointialue.\" src=\"https:\/\/www.europesays.com\/fi\/wp-content\/uploads\/2026\/01\/39-1578740695fc45e3ef34.jpeg\" loading=\"lazy\" class=\"aw-1l9m598 hKVVvP\"\/><\/p>\n<p>Avaa kuvien katselu<\/p>\n<p>Haistattelu ei ole hyv\u00e4ksytt\u00e4v\u00e4\u00e4 k\u00e4yt\u00f6st\u00e4, sanoo sairaalan yhteisp\u00e4ivystyksen osastonhoitaja Anne Saarela. V\u00e4kivaltaiseen k\u00e4yt\u00f6kseen ja sen uhkaan puuttuu aina vartija.  Kuva: Tarmo Niemi \/ YleSaattajien poistamisia v\u00e4hemm\u00e4n<\/p>\n<p class=\"aw-1gybjub aw-1p7kakr kEtdKx cEmitX yle__article__paragraph\">Saarelan mukaan h\u00e4iri\u00f6k\u00e4ytt\u00e4ytymiseen voi vaikuttaa vain osittain.<\/p>\n<p class=\"aw-1gybjub aw-1p7kakr kEtdKx cEmitX yle__article__paragraph\">\u2013 Tiedet\u00e4\u00e4n, ett\u00e4 tilanteet, joihin tarvitaan vartijoita, lis\u00e4\u00e4ntyv\u00e4t.<\/p>\n<p class=\"aw-1gybjub aw-1p7kakr kEtdKx cEmitX yle__article__paragraph\">Selitys l\u00f6ytyy siit\u00e4, ett\u00e4 h\u00e4irik\u00f6ivist\u00e4 potilaista suuri osa on muistisairaita, jotka eiv\u00e4t itse ymm\u00e4rr\u00e4 toimivansa v\u00e4\u00e4rin. Toinen h\u00e4irikk\u00f6joukko ovat p\u00e4ihteiden k\u00e4ytt\u00e4j\u00e4t, jotka toimivat p\u00e4ihtyneen\u00e4 vastuuttomasti.<\/p>\n<p class=\"aw-1gybjub aw-1p7kakr kEtdKx cEmitX yle__article__paragraph\">Jotain hyv\u00e4\u00e4kin l\u00f6ytyy: Potilaita saattamaan tulleita omaisia ja l\u00e4heisi\u00e4 jouduttiin poistamaan tiloista jonkin verran aiempaa v\u00e4hemm\u00e4n.<\/p>\n<p class=\"aw-1gybjub aw-1p7kakr kEtdKx cEmitX yle__article__paragraph\">Viime vuonna poistoja tiloista tehtiin 24 kertaa, kun vuotta aiemmin niit\u00e4 oli 33.<\/p>\n<p class=\"aw-1gybjub aw-1p7kakr kEtdKx cEmitX yle__article__paragraph\">\u2013 M\u00e4\u00e4r\u00e4 on v\u00e4hentynyt ja siihen voimme olla tyytyv\u00e4isi\u00e4. Tokikaan emme halua niit\u00e4 yht\u00e4\u00e4n, mutta jonkin verran on ollut vaikutusta kampanjoinnilla.<\/p>\n<p class=\"aw-1gybjub aw-1p7kakr kEtdKx cEmitX yle__article__paragraph\">Hyvinvointialue tarttui huonoon k\u00e4yt\u00f6kseen jo kev\u00e4\u00e4ll\u00e4 2024 ja teki aiheesta valistusvideon. Nyt valistusta jatketaan.<\/p>\n<p class=\"aw-1gybjub aw-1p7kakr kEtdKx cEmitX yle__article__paragraph\">\u2013 Meill\u00e4 on julisteita k\u00e4yt\u00e4vill\u00e4, ja tietenkin pystymme vaikuttamaan somemainoksilla. Lis\u00e4ksi meille on tulossa tieto-tv:t odotustiloihin, joissa kerrotaan siit\u00e4, miten sairaalassa k\u00e4ytt\u00e4ydyt\u00e4\u00e4n. Olemme t\u00e4\u00e4ll\u00e4 t\u00f6iss\u00e4 ja haluamme auttaa potilaita.<\/p>\n","protected":false},"excerpt":{"rendered":"H\u00e4irik\u00f6inti on lis\u00e4\u00e4ntynyt Sein\u00e4joen yhteisp\u00e4ivystyksess\u00e4. Reilu vuosi sitten hyvinvointialue joutui muistuttamaan asiakkaita hyv\u00e4st\u00e4 k\u00e4yt\u00f6ksest\u00e4. Avaa kuvien katselu Hoitoonp\u00e4\u00e4sy&hellip;\n","protected":false},"author":2,"featured_media":137031,"comment_status":"","ping_status":"","sticky":false,"template":"","format":"standard","meta":{"footnotes":""},"categories":[5],"tags":[22,23,1377,12234,26,27,33,31,30,17,2218,23860,71,24,25,28,29,15,18,21,32,550,19,20,16,17526],"class_list":{"0":"post-137030","1":"post","2":"type-post","3":"status-publish","4":"format-standard","5":"has-post-thumbnail","7":"category-otsikot","8":"tag-breaking-news","9":"tag-breakingnews","10":"tag-etela-pohjanmaa","11":"tag-etela-pohjanmaan-hyvinvointialue","12":"tag-featured-news","13":"tag-featurednews","14":"tag-fi","15":"tag-finland","16":"tag-finnish","17":"tag-headlines","18":"tag-hyvinvointialueet","19":"tag-kaytostapa","20":"tag-kotimaa","21":"tag-latest-news","22":"tag-latestnews","23":"tag-main-news","24":"tag-mainnews","25":"tag-news","26":"tag-otsikot","27":"tag-paauutiset","28":"tag-suomi","29":"tag-terveydenhuolto","30":"tag-top-stories","31":"tag-topstories","32":"tag-uutiset","33":"tag-vakivaltaisuus"},"share_on_mastodon":{"url":"https:\/\/pubeurope.com\/@fi\/115861055361661485","error":""},"_links":{"self":[{"href":"https:\/\/www.europesays.com\/fi\/wp-json\/wp\/v2\/posts\/137030","targetHints":{"allow":["GET"]}}],"collection":[{"href":"https:\/\/www.europesays.com\/fi\/wp-json\/wp\/v2\/posts"}],"about":[{"href":"https:\/\/www.europesays.com\/fi\/wp-json\/wp\/v2\/types\/post"}],"author":[{"embeddable":true,"href":"https:\/\/www.europesays.com\/fi\/wp-json\/wp\/v2\/users\/2"}],"replies":[{"embeddable":true,"href":"https:\/\/www.europesays.com\/fi\/wp-json\/wp\/v2\/comments?post=137030"}],"version-history":[{"count":0,"href":"https:\/\/www.europesays.com\/fi\/wp-json\/wp\/v2\/posts\/137030\/revisions"}],"wp:featuredmedia":[{"embeddable":true,"href":"https:\/\/www.europesays.com\/fi\/wp-json\/wp\/v2\/media\/137031"}],"wp:attachment":[{"href":"https:\/\/www.europesays.com\/fi\/wp-json\/wp\/v2\/media?parent=137030"}],"wp:term":[{"taxonomy":"category","embeddable":true,"href":"https:\/\/www.europesays.com\/fi\/wp-json\/wp\/v2\/categories?post=137030"},{"taxonomy":"post_tag","embeddable":true,"href":"https:\/\/www.europesays.com\/fi\/wp-json\/wp\/v2\/tags?post=137030"}],"curies":[{"name":"wp","href":"https:\/\/api.w.org\/{rel}","templated":true}]}}