{"id":137036,"date":"2026-01-08T19:27:09","date_gmt":"2026-01-08T19:27:09","guid":{"rendered":"https:\/\/www.europesays.com\/fi\/137036\/"},"modified":"2026-01-08T19:27:09","modified_gmt":"2026-01-08T19:27:09","slug":"suvi-minkkiselle-huippusijoitus-ampumahiihdon-maailmancupissa","status":"publish","type":"post","link":"https:\/\/www.europesays.com\/fi\/137036\/","title":{"rendered":"Suvi Minkkiselle huippusijoitus ampumahiihdon maailmancupissa"},"content":{"rendered":"<p>Kilpailun voittotaisto k\u00e4ytiin Minkkisen ja Ruotsin Elvira \u00d6bergin v\u00e4lill\u00e4.<\/p>\n<p>Lue tiivistelm\u00e4<\/p>\n<p class=\"article-body mb-nof-24 px-nof-16 sndp-summary-bullet-point-font\">Ampumahiiht\u00e4j\u00e4 Suvi Minkkinen sijoittui toiseksi naisten pikakilpailussa Saksan Oberhofissa torstaina.<\/p>\n<p class=\"article-body mb-nof-24 px-nof-16 sndp-summary-bullet-point-font\">Minkkinen ampui molemmat paikat t\u00e4ydellisesti, mutta Ruotsin Elvira \u00d6berg voitti kilpailun 21,1 sekunnin erolla.<\/p>\n<p class=\"article-body mb-nof-24 px-nof-16 sndp-summary-bullet-point-font\">Sijoitus nosti Minkkisen kolmanneksi maailmancupin kokonaistilanteessa ja toiseksi pikakilpailujen cupissa.<\/p>\n<p class=\"article-body mb-nof-24 px-nof-16 sndp-summary-bullet-point-font\">Minkkinen nettosi toisesta sijastaan 16 000 euroa palkintorahaa.<\/p>\n<p class=\"article-body mb-nof-24 px-nof-16\">Ampumahiihdon huipulle noussut Suomen <a class=\"font-bold underline-offset-[0.12em] [text-decoration:var(--person-link-text-decoration)] ![text-decoration-color:var(--person-link-text-decoration-color)]\" href=\"https:\/\/www.is.fi\/haku\/?query=Suvi%20Minkkinen\" rel=\"nofollow noopener\" target=\"_blank\">Suvi Minkkinen<\/a> onnistui torstaina upeasti naisten pikakilpailussa Saksan Oberhofissa.<\/p>\n<p class=\"article-body mb-nof-24 px-nof-16\">Minkkinen ampui molemmat paikat t\u00e4ydellisesti ja vei kakkossijan Ruotsin <a class=\"font-bold underline-offset-[0.12em] [text-decoration:var(--person-link-text-decoration)] ![text-decoration-color:var(--person-link-text-decoration-color)]\" href=\"https:\/\/www.is.fi\/haku\/?query=Elvira%20%C3%96bergin\" rel=\"nofollow noopener\" target=\"_blank\">Elvira \u00d6bergin<\/a> j\u00e4lkeen. Voitto oli \u00d6bergin kauden ensimm\u00e4inen.<\/p>\n<p class=\"article-body mb-nof-24 px-nof-16\">Kilpailun voittotaisto k\u00e4ytiin juuri Minkkisen sek\u00e4 \u00d6bergin v\u00e4lill\u00e4. Suomalaist\u00e4hti nousi k\u00e4rkeen ensimm\u00e4isen ammunnan aikana ja johti kilpailua viel\u00e4 toisen ampumapaikan p\u00e4\u00e4tteeksi.<\/p>\n<p class=\"article-body mb-nof-24 px-nof-16\">\u00d6berg varmisti kuitenkin voiton viimeisen kierroksen huippuvedollaan. Eroa kaksikon v\u00e4lille kertyi lopulta per\u00e4ti 21,1 sekuntia.<\/p>\n<p class=\"article-body mb-nof-24 px-nof-16\">\u2013\u2009 Kiva aloittaa vuosi t\u00e4llaisella suorituksella. Tauon j\u00e4lkeen p\u00e4\u00e4ss\u00e4 py\u00f6rii aina ajatuksia siit\u00e4, millaisessa vireess\u00e4 on. Mukavaa todistaa itselle, ett\u00e4 olen edelleen hyv\u00e4ss\u00e4 kunnossa, Minkkinen sanoi Suomen ampumahiihtoliiton tiedotteessa.<\/p>\n<p><img decoding=\"async\" src=\"https:\/\/www.europesays.com\/fi\/wp-content\/uploads\/2026\/01\/1767900428_595_468.jpg\" alt=\"Suvi Minkkinen kilpailee seuraavan kerran lauantaina naisten viestiss\u00e4. Suomi ylsi naisten edellisess\u00e4 viestiss\u00e4 per\u00e4ti nelj\u00e4nneksi.\" class=\"_Img_1rerz_1\" style=\"aspect-ratio:1.5\" loading=\"eager\"\/><\/p>\n<p class=\"article-picture-caption\">Suvi Minkkinen kilpailee seuraavan kerran lauantaina naisten viestiss\u00e4. Suomi ylsi naisten edellisess\u00e4 viestiss\u00e4 per\u00e4ti nelj\u00e4nneksi. Kuva:\u00a0FILIP SINGER<\/p>\n<p class=\"article-body mb-nof-24 px-nof-16\">Minkkinen nettosi toisesta sijastaan 16\u202f000 euroa palkintorahaa.<\/p>\n<p class=\"article-body mb-nof-24 px-nof-16\">H\u00e4n totesi olevansa ammuntoihin erityisen tyytyv\u00e4inen. Hiihtoajoissa joutsalainen oli seitsem\u00e4nneksi nopein, vaikka ero \u00d6bergiin ven\u00e4htikin lopussa.<\/p>\n<p class=\"article-body mb-nof-24 px-nof-16\">\u2013\u2009 Viimeisell\u00e4 kierroksella tuli iso ero Elviraan, mutta olin omilla rajoilla jo ensimm\u00e4isill\u00e4 hiihtokierroksilla, Minkkinen kertoi.<\/p>\n<p class=\"article-body mb-nof-24 px-nof-16\">\u2013\u2009 Jos olisin malttanut enemm\u00e4n alussa, olisi ero jakautunut ehk\u00e4 tasaisemmin. En silti usko, ett\u00e4 toisenlaisella vauhdinjaolla olisin kutistanut eroa 20 sekunnilla. Itse olen tyytyv\u00e4inen. On ilo huomata, ett\u00e4 voin hiiht\u00e4\u00e4 kaksikin kierrosta noin kovaa.<\/p>\n<p class=\"article-body mb-nof-24 px-nof-16\">Muista suomalaisista 20-vuotias <a class=\"font-bold underline-offset-[0.12em] [text-decoration:var(--person-link-text-decoration)] ![text-decoration-color:var(--person-link-text-decoration-color)]\" href=\"https:\/\/www.is.fi\/haku\/?query=Inka%20H%C3%A4m%C3%A4l%C3%A4inen\" rel=\"nofollow noopener\" target=\"_blank\">Inka H\u00e4m\u00e4l\u00e4inen<\/a> oli hienosti 16:s nolla-ammunnallaan. Sijoitus oli suomalaislupaukselle uran toiseksi paras.<\/p>\n<p class=\"article-body mb-nof-24 px-nof-16\"><a class=\"font-bold underline-offset-[0.12em] [text-decoration:var(--person-link-text-decoration)] ![text-decoration-color:var(--person-link-text-decoration-color)]\" href=\"https:\/\/www.is.fi\/haku\/?query=Venla%20Lehtonen\" rel=\"nofollow noopener\" target=\"_blank\">Venla Lehtonen<\/a> selvisi kolmantena ja viimeisen\u00e4 suomalaisena sunnuntain takaa-ajoon ollen 53:s.<\/p>\n<p class=\"article-body mb-nof-24 px-nof-16\"><a class=\"font-bold underline-offset-[0.12em] [text-decoration:var(--person-link-text-decoration)] ![text-decoration-color:var(--person-link-text-decoration-color)]\" href=\"https:\/\/www.is.fi\/haku\/?query=Sonja%20Leinamo\" rel=\"nofollow noopener\" target=\"_blank\">Sonja Leinamo<\/a> ja <a class=\"font-bold underline-offset-[0.12em] [text-decoration:var(--person-link-text-decoration)] ![text-decoration-color:var(--person-link-text-decoration-color)]\" href=\"https:\/\/www.is.fi\/haku\/?query=Noora%20Kaisa%20Ker%C3%A4nen\" rel=\"nofollow noopener\" target=\"_blank\">Noora Kaisa Ker\u00e4nen<\/a> j\u00e4iv\u00e4t sijoille 63. ja 66.<\/p>\n<p><img decoding=\"async\" src=\"https:\/\/www.europesays.com\/fi\/wp-content\/uploads\/2026\/01\/1767900428_932_468.jpg\" alt=\"Suvi Minkkinen (vas.) ja Julia Simon (oik.) jahtaavat Elvira \u00d6bergi\u00e4 (kesk.) sunnuntain takaa-ajossa.\" class=\"_Img_1rerz_1\" style=\"aspect-ratio:1.5\" loading=\"eager\"\/><\/p>\n<p class=\"article-picture-caption\">Suvi Minkkinen (vas.) ja Julia Simon (oik.) jahtaavat Elvira \u00d6bergi\u00e4 (kesk.) sunnuntain takaa-ajossa. Kuva:\u00a0Matthew Childs<\/p>\n<p class=\"article-body mb-nof-24 px-nof-16\">Ranskan <a class=\"font-bold underline-offset-[0.12em] [text-decoration:var(--person-link-text-decoration)] ![text-decoration-color:var(--person-link-text-decoration-color)]\" href=\"https:\/\/www.is.fi\/haku\/?query=Julia%20Simon\" rel=\"nofollow noopener\" target=\"_blank\">Julia Simon<\/a> oli kilpailun kolmas. H\u00e4n j\u00e4i Minkkisest\u00e4 2,5 sekunnin p\u00e4\u00e4h\u00e4n. Palkintosija oli ehdollisen kilpailukiellon alla kisaavalle ranskalaiselle kauden ensimm\u00e4inen.<\/p>\n<p class=\"article-body mb-nof-24 px-nof-16\">Simon sai maansa ampumahiihtoliitolta kuuden kuukauden kilpailukiellon, kun h\u00e4net tuomittiin lokakuussa petoksesta ja varkaudesta. Tuomioistuimelta h\u00e4n sai kolme kuukautta ehdollista vankeutta sek\u00e4 15\u202f000 euron sakot.<\/p>\n<p class=\"article-body mb-nof-24 px-nof-16\">Erot kilpailun k\u00e4rjess\u00e4 kasvoivat yll\u00e4tt\u00e4v\u00e4n suuriksi. Ainoastaan kahdeksan urheilijaa sijoittui maalissa minuutin sis\u00e4\u00e4n voittajasta.<\/p>\n<p class=\"article-body mb-nof-24 px-nof-16\">Takaa-ajoon l\u00e4hdet\u00e4\u00e4n pikakilpailun perusteella, joten kiertueen vahvimpiin ampujiin kuuluva Minkkinen on vahvoilla my\u00f6s sunnuntaina.<\/p>\n<p class=\"article-body mb-nof-24 px-nof-16\">Erityisen mielenkiintoiseksi kilpailun tekee ennakolta se, ett\u00e4 \u00d6berg on ampunut viime aikoina ailahtelevasti. H\u00e4n on pudottanut taulut kauden henkil\u00f6kohtaisissa kisoissa ainoastaan 75 prosentin tarkkuudella.<\/p>\n<p><img decoding=\"async\" src=\"https:\/\/www.europesays.com\/fi\/wp-content\/uploads\/2026\/01\/1767900428_163_468.jpg\" alt=\"Suvi Minkkinen ampui torstaina puhtaasti ja oli p\u00e4iv\u00e4n seitsem\u00e4nneksi nopein hiihtoladulla.\" class=\"_Img_1rerz_1\" style=\"aspect-ratio:1.5789473684210527\" loading=\"eager\"\/><\/p>\n<p class=\"article-picture-caption\">Suvi Minkkinen ampui torstaina puhtaasti ja oli p\u00e4iv\u00e4n seitsem\u00e4nneksi nopein hiihtoladulla. Kuva:\u00a0Matthew Childs<\/p>\n<p class=\"article-body mb-nof-24 px-nof-16\">Minkkinen nousi toisen sijansa ansiosta kolmanneksi maailmancupin kokonaistilanteessa. Ainoastaan Ranskan <a class=\"font-bold underline-offset-[0.12em] [text-decoration:var(--person-link-text-decoration)] ![text-decoration-color:var(--person-link-text-decoration-color)]\" href=\"https:\/\/www.is.fi\/haku\/?query=Lou%20Jeanmonnot\" rel=\"nofollow noopener\" target=\"_blank\">Lou Jeanmonnot<\/a> ja Norjan <a class=\"font-bold underline-offset-[0.12em] [text-decoration:var(--person-link-text-decoration)] ![text-decoration-color:var(--person-link-text-decoration-color)]\" href=\"https:\/\/www.is.fi\/haku\/?query=Maren%20Kirkeeide\" rel=\"nofollow noopener\" target=\"_blank\">Maren Kirkeeide<\/a> ovat h\u00e4nen edell\u00e4\u00e4n.<\/p>\n<p class=\"article-body mb-nof-24 px-nof-16\">Pikakilpailujen cupissa Minkkinen on jo toisena, vain 26 pistett\u00e4 Jeanmonnot\u2019n per\u00e4ss\u00e4. Sunnuntaina suomalainen kilpailee takaa-ajo-cupin johtajan punainen liivi p\u00e4\u00e4ll\u00e4\u00e4n.<\/p>\n<p class=\"article-body mb-nof-24 px-nof-16\">Joulutauolla Minkkinen leireili helmikuun olympiamaisemissa Anterselvassa yhdess\u00e4 Venla Lehtosen kanssa, kun muut suomalaiset harjoittelivat kotonaan.<\/p>\n<p class=\"article-body mb-nof-24 px-nof-16\">Kaksikko kertoi ennen kilpailuja Ylen asiantuntija <a class=\"font-bold underline-offset-[0.12em] [text-decoration:var(--person-link-text-decoration)] ![text-decoration-color:var(--person-link-text-decoration-color)]\" href=\"https:\/\/www.is.fi\/haku\/?query=Kaisa%20M%C3%A4k%C3%A4r%C3%A4iselle\" rel=\"nofollow noopener\" target=\"_blank\">Kaisa M\u00e4k\u00e4r\u00e4iselle<\/a>, ett\u00e4 harjoitusolosuhteet Italiassa olivat huippuluokkaa.<\/p>\n<p class=\"article-body mb-nof-24 px-nof-16\">Tauon aikana Minkkinen ehti my\u00f6s esiintyi Saksan perinteisess\u00e4 n\u00e4yt\u00f6skilpailussa jalkapalloseura Schalken kotistadionilla.<\/p>\n<p><img decoding=\"async\" src=\"https:\/\/www.europesays.com\/fi\/wp-content\/uploads\/2026\/01\/1767900429_233_468.jpg\" alt=\"Suomen maajoukkue juhli Minkkisen palkintosijaa kilpailun j\u00e4lkeen.\" class=\"_Img_1rerz_1\" style=\"aspect-ratio:1.5011727912431587\" loading=\"eager\"\/><\/p>\n<p class=\"article-picture-caption\">Suomen maajoukkue juhli Minkkisen palkintosijaa kilpailun j\u00e4lkeen. Kuva:\u00a0FILIP SINGER<\/p>\n<p class=\"article-body mb-nof-24 px-nof-16\">Oberhofissa vietet\u00e4\u00e4n perjantaina poikkeuksellisesti v\u00e4lip\u00e4iv\u00e4\u00e4, sill\u00e4 naisten pikakilpailu siirrettiin perjantailta torstaille huonon s\u00e4\u00e4ennusteen vuoksi.<\/p>\n<p class=\"article-body mb-nof-24 px-nof-16\">Siirrosta p\u00e4\u00e4tettiin vasta keskiviikkona, ja sill\u00e4 oli vaikutuksia my\u00f6s urheilijoiden valmistautumiseen. Ylen mukaan esimerkiksi Minkkisen oli tarkoitus treenata torstaina kovaa, kun taas Ranskan naisten joukkue ei vaikuttanut ehtiv\u00e4n kisap\u00e4iv\u00e4\u00e4 edelt\u00e4viin harjoituksiin lainkaan.<\/p>\n<p class=\"article-body mb-nof-24 px-nof-16\">Lauantaina kisaohjelmassa ovat miesten takaa-ajo sek\u00e4 naisten viesti. Sunnuntaina miehet kisaavat viestiss\u00e4 ja naiset takaa-ajossa.<\/p>\n","protected":false},"excerpt":{"rendered":"Kilpailun voittotaisto k\u00e4ytiin Minkkisen ja Ruotsin Elvira \u00d6bergin v\u00e4lill\u00e4. Lue tiivistelm\u00e4 Ampumahiiht\u00e4j\u00e4 Suvi Minkkinen sijoittui toiseksi naisten pikakilpailussa&hellip;\n","protected":false},"author":2,"featured_media":137037,"comment_status":"","ping_status":"","sticky":false,"template":"","format":"standard","meta":{"footnotes":""},"categories":[158],"tags":[33,31,30,34,159,32,160],"class_list":{"0":"post-137036","1":"post","2":"type-post","3":"status-publish","4":"format-standard","5":"has-post-thumbnail","7":"category-urheilu","8":"tag-fi","9":"tag-finland","10":"tag-finnish","11":"tag-ilta-sanomat","12":"tag-sports","13":"tag-suomi","14":"tag-urheilu"},"share_on_mastodon":{"url":"https:\/\/pubeurope.com\/@fi\/115861130098217306","error":""},"_links":{"self":[{"href":"https:\/\/www.europesays.com\/fi\/wp-json\/wp\/v2\/posts\/137036","targetHints":{"allow":["GET"]}}],"collection":[{"href":"https:\/\/www.europesays.com\/fi\/wp-json\/wp\/v2\/posts"}],"about":[{"href":"https:\/\/www.europesays.com\/fi\/wp-json\/wp\/v2\/types\/post"}],"author":[{"embeddable":true,"href":"https:\/\/www.europesays.com\/fi\/wp-json\/wp\/v2\/users\/2"}],"replies":[{"embeddable":true,"href":"https:\/\/www.europesays.com\/fi\/wp-json\/wp\/v2\/comments?post=137036"}],"version-history":[{"count":0,"href":"https:\/\/www.europesays.com\/fi\/wp-json\/wp\/v2\/posts\/137036\/revisions"}],"wp:featuredmedia":[{"embeddable":true,"href":"https:\/\/www.europesays.com\/fi\/wp-json\/wp\/v2\/media\/137037"}],"wp:attachment":[{"href":"https:\/\/www.europesays.com\/fi\/wp-json\/wp\/v2\/media?parent=137036"}],"wp:term":[{"taxonomy":"category","embeddable":true,"href":"https:\/\/www.europesays.com\/fi\/wp-json\/wp\/v2\/categories?post=137036"},{"taxonomy":"post_tag","embeddable":true,"href":"https:\/\/www.europesays.com\/fi\/wp-json\/wp\/v2\/tags?post=137036"}],"curies":[{"name":"wp","href":"https:\/\/api.w.org\/{rel}","templated":true}]}}