{"id":137038,"date":"2026-01-08T19:28:07","date_gmt":"2026-01-08T19:28:07","guid":{"rendered":"https:\/\/www.europesays.com\/fi\/137038\/"},"modified":"2026-01-08T19:28:07","modified_gmt":"2026-01-08T19:28:07","slug":"jennika-vikman-joutui-sairaalaan-meksikossa-loinen-loytyi-mahasta","status":"publish","type":"post","link":"https:\/\/www.europesays.com\/fi\/137038\/","title":{"rendered":"Jennika Vikman joutui sairaalaan Meksikossa \u2013 loinen l\u00f6ytyi mahasta"},"content":{"rendered":"<p>Jennika Vikman kertoo voinnistaan sairaalavuoteelta.<\/p>\n<p class=\"article-body mb-nof-24 px-nof-16\">Laulaja <a class=\"font-bold underline-offset-[0.12em] [text-decoration:var(--person-link-text-decoration)] ![text-decoration-color:var(--person-link-text-decoration-color)]\" href=\"https:\/\/www.is.fi\/haku\/?query=Jennika%20Vikmanin\" rel=\"nofollow noopener\" target=\"_blank\">Jennika Vikmanin<\/a> Meksikon-matka sai ik\u00e4v\u00e4n k\u00e4\u00e4nteen, kun h\u00e4n joutui sairaalaan tiputukseen. Vikman julkaisi sosiaalisen median seuraajilleen keskiviikkona 7. tammikuuta kuvan sairaalavuoteelta ja viittasi Meksikon \u201dnext level bakteereihin\u201d.<\/p>\n<p class=\"article-body mb-nof-24 px-nof-16\">Lue lis\u00e4\u00e4: <a class=\"underline underline-offset-[0.12em] [text-decoration-thickness:var(--generic-link-underline-thickness)] [text-decoration-color:var(--generic-link-underline-color)] [text-decoration-skip-ink:var(--generic-link-underline-skip-ink)] break-words\" href=\"https:\/\/www.is.fi\/viihde\/art-2000011735259.html\" rel=\"nofollow noopener\" target=\"_blank\">Jennika Vikmanin rauhallinen loma Meksikossa sai yll\u00e4tt\u00e4v\u00e4n k\u00e4\u00e4nteen \u2013 \u201dNext level bakteerit\u201d<\/a><\/p>\n<p class=\"article-body mb-nof-24 px-nof-16\">Nyt Vikman kertoo lis\u00e4tietoa tilanteestaan <a class=\"underline underline-offset-[0.12em] [text-decoration-thickness:var(--generic-link-underline-thickness)] [text-decoration-color:var(--generic-link-underline-color)] [text-decoration-skip-ink:var(--generic-link-underline-skip-ink)] break-words\" href=\"https:\/\/www.instagram.com\/stories\/jennikavikman\/\" rel=\"nofollow noopener\" target=\"_blank\">Instagram-tarinoissaan<\/a>. H\u00e4n on julkaissut videon sairaalavuoteelta.<\/p>\n<p class=\"article-body mb-nof-24 px-nof-16\">\u2013 Hengiss\u00e4 ollaan, h\u00e4n aloittaa selostuksensa.<\/p>\n<p class=\"article-body mb-nof-24 px-nof-16\">Sairaalassa oli tehty ik\u00e4v\u00e4 l\u00f6yd\u00f6s.<\/p>\n<p class=\"article-body mb-nof-24 px-nof-16\">\u2013 Minulta l\u00f6ytyi jokin loinen mahasta, ja nyt se hoidettiin pois. Se on tullut jostain saastuneesta ruoasta tai vedest\u00e4 tai jonkin toisen v\u00e4lityksell\u00e4.<\/p>\n<p class=\"article-body mb-nof-24 px-nof-16\">Vikman kertoo her\u00e4nneens\u00e4 toissa y\u00f6n\u00e4 huonoon oloon ja h\u00e4n oksensi koko y\u00f6n. Neste ei pysynyt sis\u00e4ll\u00e4.<\/p>\n<p class=\"article-body mb-nof-24 px-nof-16\">\u2013 Oli pakko l\u00e4hte\u00e4 sairaalaan, koska tuli niin kauhea nestehukka.<\/p>\n<p class=\"article-body mb-nof-24 px-nof-16\">Vikman kehuu saamaansa hyv\u00e4\u00e4 hoitoa.<\/p>\n<p class=\"article-body mb-nof-24 px-nof-16\">\u2013 Olen saanut tipan, nesteytyst\u00e4 ja l\u00e4\u00e4kkeit\u00e4. Nyt rupeaa pikkuhiljaa olemaan voiton puolella. T\u00e4n\u00e4\u00e4n varmaan l\u00e4hden pois, Vikman kertoo tarinoissaan.<\/p>\n<p class=\"article-body mb-nof-24 px-nof-16\">H\u00e4n pohtii, ett\u00e4 vastaisuudessa t\u00e4ytyy ottaa maitohappokuuri ja olla viel\u00e4 tarkempi k\u00e4sihygieniasta. Vikman kertoo olleensa varovainen reissulla, mutta silti k\u00e4vi n\u00e4in.<\/p>\n<p class=\"article-body mb-nof-24 px-nof-16\">\u2013 Koen, ett\u00e4 pesin k\u00e4si\u00e4 hyvin enk\u00e4 k\u00e4ynyt miss\u00e4\u00e4n katukeitti\u00f6iss\u00e4 hakemassa mit\u00e4\u00e4n. Silti t\u00e4m\u00e4 tuli. Jatkossa t\u00e4ytyy olla viel\u00e4 varovaisempi, koska tuo oli ihan j\u00e4rkytt\u00e4v\u00e4. Minulla ei ole ikin\u00e4 ollut noin pahaa vatsatautia, h\u00e4n kertoo sairaalapedill\u00e4 maatessaan.<\/p>\n<p class=\"article-body mb-nof-24 px-nof-16\"><a class=\"font-bold underline-offset-[0.12em] [text-decoration:var(--person-link-text-decoration)] ![text-decoration-color:var(--person-link-text-decoration-color)]\" href=\"https:\/\/www.is.fi\/haku\/?query=Erika%20Vikmanin\" rel=\"nofollow noopener\" target=\"_blank\">Erika Vikmanin<\/a> sisko jakoi aiemmin Instagramiin kuvia Meksikon-lomalta.<\/p>\n<p class=\"article-body mb-nof-24 px-nof-16\">\u2013 T\u00e4\u00e4ll\u00e4 ollaan otettu tosi rauhassa, ilman paineita siit\u00e4, ett\u00e4 koko ajan pit\u00e4isi olla n\u00e4kem\u00e4ss\u00e4 tai tekem\u00e4ss\u00e4 jotain. Ollaan vaan oltu, uitu meress\u00e4, maattu auringossa ja kuunneltu pelkk\u00e4\u00e4 meren \u00e4\u00e4nt\u00e4. Ruutuaika on ollut minimiss\u00e4, h\u00e4n kertoi loman kuulumisista.<\/p>\n<p class=\"article-body mb-nof-24 px-nof-16\">Jennika Vikman on n\u00e4hty esimerkiksi T\u00e4hdet, t\u00e4hdet -ohjelmassa kev\u00e4\u00e4ll\u00e4 2024.<\/p>\n<p><script async src=\"\/\/www.instagram.com\/embed.js\"><\/script><\/p>\n","protected":false},"excerpt":{"rendered":"Jennika Vikman kertoo voinnistaan sairaalavuoteelta. Laulaja Jennika Vikmanin Meksikon-matka sai ik\u00e4v\u00e4n k\u00e4\u00e4nteen, kun h\u00e4n joutui sairaalaan tiputukseen. Vikman&hellip;\n","protected":false},"author":2,"featured_media":137039,"comment_status":"","ping_status":"","sticky":false,"template":"","format":"standard","meta":{"footnotes":""},"categories":[130],"tags":[137,33,31,30,34,32,109],"class_list":{"0":"post-137038","1":"post","2":"type-post","3":"status-publish","4":"format-standard","5":"has-post-thumbnail","7":"category-viihde","8":"tag-entertainment","9":"tag-fi","10":"tag-finland","11":"tag-finnish","12":"tag-ilta-sanomat","13":"tag-suomi","14":"tag-viihde"},"share_on_mastodon":{"url":"https:\/\/pubeurope.com\/@fi\/115861133889157360","error":""},"_links":{"self":[{"href":"https:\/\/www.europesays.com\/fi\/wp-json\/wp\/v2\/posts\/137038","targetHints":{"allow":["GET"]}}],"collection":[{"href":"https:\/\/www.europesays.com\/fi\/wp-json\/wp\/v2\/posts"}],"about":[{"href":"https:\/\/www.europesays.com\/fi\/wp-json\/wp\/v2\/types\/post"}],"author":[{"embeddable":true,"href":"https:\/\/www.europesays.com\/fi\/wp-json\/wp\/v2\/users\/2"}],"replies":[{"embeddable":true,"href":"https:\/\/www.europesays.com\/fi\/wp-json\/wp\/v2\/comments?post=137038"}],"version-history":[{"count":0,"href":"https:\/\/www.europesays.com\/fi\/wp-json\/wp\/v2\/posts\/137038\/revisions"}],"wp:featuredmedia":[{"embeddable":true,"href":"https:\/\/www.europesays.com\/fi\/wp-json\/wp\/v2\/media\/137039"}],"wp:attachment":[{"href":"https:\/\/www.europesays.com\/fi\/wp-json\/wp\/v2\/media?parent=137038"}],"wp:term":[{"taxonomy":"category","embeddable":true,"href":"https:\/\/www.europesays.com\/fi\/wp-json\/wp\/v2\/categories?post=137038"},{"taxonomy":"post_tag","embeddable":true,"href":"https:\/\/www.europesays.com\/fi\/wp-json\/wp\/v2\/tags?post=137038"}],"curies":[{"name":"wp","href":"https:\/\/api.w.org\/{rel}","templated":true}]}}