{"id":137042,"date":"2026-01-08T19:32:07","date_gmt":"2026-01-08T19:32:07","guid":{"rendered":"https:\/\/www.europesays.com\/fi\/137042\/"},"modified":"2026-01-08T19:32:07","modified_gmt":"2026-01-08T19:32:07","slug":"yhdysvallat-varautuu-hallinnoimaan-venezuelaa-vuosia-kertoo-trump-nytlle","status":"publish","type":"post","link":"https:\/\/www.europesays.com\/fi\/137042\/","title":{"rendered":"Yhdysvallat varautuu hallinnoimaan Venezuelaa vuosia, kertoo Trump NYT:lle"},"content":{"rendered":"<p>Presidentti sanoo haastattelussa, ett\u00e4 USA hallinnoi \u00f6ljykauppaa ja johtaa maata pitk\u00e4\u00e4n.<\/p>\n<p>Lue tiivistelm\u00e4<\/p>\n<p class=\"article-body mb-nof-24 px-nof-16 sndp-summary-bullet-point-font\">Yhdysvaltain presidentti Donald Trump sanoo The New York Timesille, ett\u00e4 Yhdysvallat valmistautuu hallinnoimaan Venezuelaa vuosia.<\/p>\n<p class=\"article-body mb-nof-24 px-nof-16 sndp-summary-bullet-point-font\">Trump kertoo, ett\u00e4 Yhdysvallat aikoo ottaa Venezuelan \u00f6ljy\u00e4 ja rakentaa maan uudelleen sen j\u00e4lkeen, kun Venezuelan johtaja Nicol\u00e1s Maduro kaapattiin lauantaina.<\/p>\n<p class=\"article-body mb-nof-24 px-nof-16 sndp-summary-bullet-point-font\">Venezuelan sis\u00e4ministeri Diosdado Cabello kertoi keskiviikkona, ett\u00e4 ainakin 100 ihmist\u00e4 kuoli Yhdysvaltojen lauantaisessa iskussa Caracasiin.<\/p>\n<p class=\"article-body mb-nof-24 px-nof-16\">Yhdysvaltain presidentti <a class=\"font-bold underline-offset-[0.12em] [text-decoration:var(--person-link-text-decoration)] ![text-decoration-color:var(--person-link-text-decoration-color)]\" href=\"https:\/\/www.aamulehti.fi\/haku\/?query=Donald%20Trump\" rel=\"nofollow noopener\" target=\"_blank\">Donald Trump<\/a> sanoo, ett\u00e4 Yhdysvallat valmistautuu hallinnoimaan Venezuelaa vuosia. H\u00e4n kertoo asiasta <a class=\"underline underline-offset-[0.12em] [text-decoration-thickness:var(--generic-link-underline-thickness)] [text-decoration-color:var(--generic-link-underline-color)] [text-decoration-skip-ink:var(--generic-link-underline-skip-ink)] break-words\" href=\"https:\/\/www.nytimes.com\/2026\/01\/08\/us\/politics\/trump-interview-venezuela.html\" rel=\"nofollow noopener\" target=\"_blank\">The New York Timesille<\/a> antamassaan haastattelussa.<\/p>\n<p class=\"article-body mb-nof-24 px-nof-16\">Trump kommentoi Venezuelan tilannetta ensimm\u00e4ist\u00e4 kertaa laajasti sen j\u00e4lkeen, kun Yhdysvallat kaappasi maan johtajan <a class=\"font-bold underline-offset-[0.12em] [text-decoration:var(--person-link-text-decoration)] ![text-decoration-color:var(--person-link-text-decoration-color)]\" href=\"https:\/\/www.aamulehti.fi\/haku\/?query=Nicol%C3%A1s%20Maduron\" rel=\"nofollow noopener\" target=\"_blank\">Nicol\u00e1s Maduron<\/a> lauantaina.<\/p>\n<p class=\"article-body mb-nof-24 px-nof-16\">Ulkoministeri <a class=\"font-bold underline-offset-[0.12em] [text-decoration:var(--person-link-text-decoration)] ![text-decoration-color:var(--person-link-text-decoration-color)]\" href=\"https:\/\/www.aamulehti.fi\/haku\/?query=Marco%20Rubio\" rel=\"nofollow noopener\" target=\"_blank\">Marco Rubio<\/a> esitteli keskiviikkona kongressille <a class=\"underline underline-offset-[0.12em] [text-decoration-thickness:var(--generic-link-underline-thickness)] [text-decoration-color:var(--generic-link-underline-color)] [text-decoration-skip-ink:var(--generic-link-underline-skip-ink)] break-words\" href=\"https:\/\/www.hs.fi\/maailma\/art-2000011735402.html\" rel=\"nofollow noopener\" target=\"_blank\">kolmivaiheisen suunnitelman<\/a>, jossa Yhdysvallat ottaa k\u00e4yt\u00e4nn\u00f6ss\u00e4 haltuunsa Venezuelan \u00f6ljyn myynnin.<\/p>\n<p class=\"article-body mb-nof-24 px-nof-16\">Trump sanoo, ett\u00e4 Yhdysvallat aikoo rakentaa Venezuelan uudelleen ja \u201dottaa\u201d sielt\u00e4 \u00f6ljy\u00e4.<\/p>\n<p class=\"article-body mb-nof-24 px-nof-16\">\u201dRakennamme sen uudelleen eritt\u00e4in kannattavalla tavalla. Aiomme k\u00e4ytt\u00e4\u00e4 \u00f6ljy\u00e4 ja ottaa \u00f6ljy\u00e4. Saamme \u00f6ljyn hinnan alas ja aiomme antaa Venezuelalle rahaa, jota he kipe\u00e4sti tarvitsevat\u201d, Trump sanoi NYT:n haastattelussa.<\/p>\n<p class=\"article-body mb-nof-24 px-nof-16\">Trump ei antanut tarkkaa arviota sille, kuinka kauan Yhdysvallat aikoo hallinnoida Venezuelaa.<\/p>\n<p class=\"article-body mb-nof-24 px-nof-16\">Kun h\u00e4nelt\u00e4 kysyttiin, kest\u00e4isik\u00f6 se kolme kuukautta, kuusi kuukautta vai vuoden, Trump vastasi: \u201dSanoisin, ett\u00e4 paljon pidemp\u00e4\u00e4n.\u201d<\/p>\n<p class=\"article-body mb-nof-24 px-nof-16\">Trumpin mukaan Yhdysvallat hankkii Venezuelasta 30\u201350 miljoonaa tynnyri\u00e4 raaka\u00f6ljy\u00e4. H\u00e4n my\u00f6nt\u00e4\u00e4, ett\u00e4 \u00f6ljysektorin elvytt\u00e4minen vie aikaa.<\/p>\n<p class=\"article-body mb-nof-24 px-nof-16\">Trump sanoo, ett\u00e4 Venezuelan v\u00e4liaikaishallinto tekee yhteisty\u00f6t\u00e4 Yhdysvaltojen kanssa.<\/p>\n<p class=\"article-body mb-nof-24 px-nof-16\">\u2019\u201dHe antavat meille kaiken, mit\u00e4 katsomme tarpeelliseksi.\u201d<\/p>\n<p class=\"article-body mb-nof-24 px-nof-16\">Trump ei vastannut kysymyksiin siit\u00e4, miksi h\u00e4n tunnusti Venezuelan johtajan <a class=\"font-bold underline-offset-[0.12em] [text-decoration:var(--person-link-text-decoration)] ![text-decoration-color:var(--person-link-text-decoration-color)]\" href=\"https:\/\/www.aamulehti.fi\/haku\/?query=Nicol%C3%A1s%20Maduron\" rel=\"nofollow noopener\" target=\"_blank\">Nicol\u00e1s Maduron<\/a> varapresidentin <a class=\"font-bold underline-offset-[0.12em] [text-decoration:var(--person-link-text-decoration)] ![text-decoration-color:var(--person-link-text-decoration-color)]\" href=\"https:\/\/www.aamulehti.fi\/haku\/?query=Delcy%20Rodr%C3%ADguezin\" rel=\"nofollow noopener\" target=\"_blank\">Delcy Rodr\u00edguezin<\/a> maan uudeksi johtajaksi.<\/p>\n<p class=\"article-body mb-nof-24 px-nof-16\">H\u00e4n ei tukenut oppositiojohtaja <a class=\"font-bold underline-offset-[0.12em] [text-decoration:var(--person-link-text-decoration)] ![text-decoration-color:var(--person-link-text-decoration-color)]\" href=\"https:\/\/www.aamulehti.fi\/haku\/?query=Mar%C3%ADa%20Corina%20Machadoa\" rel=\"nofollow noopener\" target=\"_blank\">Mar\u00eda Corina Machadoa<\/a>, jonka puolue voitti vaalit vuonna 2024 ja joka sai \u00e4skett\u00e4in Nobelin rauhanpalkinnon.<\/p>\n<p class=\"article-body mb-nof-24 px-nof-16\">Trump ei my\u00f6sk\u00e4\u00e4n vastannut haastattelussa siihen, milloin Venezuelassa j\u00e4rjestet\u00e4\u00e4n vaalit. <\/p>\n<p class=\"article-body mb-nof-24 px-nof-16\">Venezuelan sis\u00e4ministeri <a class=\"font-bold underline-offset-[0.12em] [text-decoration:var(--person-link-text-decoration)] ![text-decoration-color:var(--person-link-text-decoration-color)]\" href=\"https:\/\/www.aamulehti.fi\/haku\/?query=Diosdado%20Cabello\" rel=\"nofollow noopener\" target=\"_blank\">Diosdado Cabello<\/a> kertoi keskiviikkona, ett\u00e4 ainakin 100 ihmist\u00e4 kuoli Yhdysvaltojen lauantaisessa iskussa Caracasiin, uutisoi Reuters.<\/p>\n<p class=\"article-body mb-nof-24 px-nof-16\">\u201dMaahamme tehty isku oli j\u00e4rkytt\u00e4v\u00e4\u201d, ministeri sanoi televisiolausunnossa.<\/p>\n<p class=\"article-body mb-nof-24 px-nof-16\">Cabello ei tarkentanut, kuinka moni uhreista oli siviilej\u00e4.<\/p>\n","protected":false},"excerpt":{"rendered":"Presidentti sanoo haastattelussa, ett\u00e4 USA hallinnoi \u00f6ljykauppaa ja johtaa maata pitk\u00e4\u00e4n. Lue tiivistelm\u00e4 Yhdysvaltain presidentti Donald Trump sanoo&hellip;\n","protected":false},"author":2,"featured_media":137043,"comment_status":"","ping_status":"","sticky":false,"template":"","format":"standard","meta":{"footnotes":""},"categories":[14],"tags":[157,22,23,26,27,33,31,30,17,24,25,28,29,15,18,21,32,19,20,56,16,59,60,61],"class_list":{"0":"post-137042","1":"post","2":"type-post","3":"status-publish","4":"format-standard","5":"has-post-thumbnail","7":"category-ulkomaat","8":"tag-aamulehti","9":"tag-breaking-news","10":"tag-breakingnews","11":"tag-featured-news","12":"tag-featurednews","13":"tag-fi","14":"tag-finland","15":"tag-finnish","16":"tag-headlines","17":"tag-latest-news","18":"tag-latestnews","19":"tag-main-news","20":"tag-mainnews","21":"tag-news","22":"tag-otsikot","23":"tag-paauutiset","24":"tag-suomi","25":"tag-top-stories","26":"tag-topstories","27":"tag-ulkomaat","28":"tag-uutiset","29":"tag-world","30":"tag-world-news","31":"tag-worldnews"},"share_on_mastodon":{"url":"https:\/\/pubeurope.com\/@fi\/115861149758603623","error":""},"_links":{"self":[{"href":"https:\/\/www.europesays.com\/fi\/wp-json\/wp\/v2\/posts\/137042","targetHints":{"allow":["GET"]}}],"collection":[{"href":"https:\/\/www.europesays.com\/fi\/wp-json\/wp\/v2\/posts"}],"about":[{"href":"https:\/\/www.europesays.com\/fi\/wp-json\/wp\/v2\/types\/post"}],"author":[{"embeddable":true,"href":"https:\/\/www.europesays.com\/fi\/wp-json\/wp\/v2\/users\/2"}],"replies":[{"embeddable":true,"href":"https:\/\/www.europesays.com\/fi\/wp-json\/wp\/v2\/comments?post=137042"}],"version-history":[{"count":0,"href":"https:\/\/www.europesays.com\/fi\/wp-json\/wp\/v2\/posts\/137042\/revisions"}],"wp:featuredmedia":[{"embeddable":true,"href":"https:\/\/www.europesays.com\/fi\/wp-json\/wp\/v2\/media\/137043"}],"wp:attachment":[{"href":"https:\/\/www.europesays.com\/fi\/wp-json\/wp\/v2\/media?parent=137042"}],"wp:term":[{"taxonomy":"category","embeddable":true,"href":"https:\/\/www.europesays.com\/fi\/wp-json\/wp\/v2\/categories?post=137042"},{"taxonomy":"post_tag","embeddable":true,"href":"https:\/\/www.europesays.com\/fi\/wp-json\/wp\/v2\/tags?post=137042"}],"curies":[{"name":"wp","href":"https:\/\/api.w.org\/{rel}","templated":true}]}}