{"id":137054,"date":"2026-01-08T19:49:07","date_gmt":"2026-01-08T19:49:07","guid":{"rendered":"https:\/\/www.europesays.com\/fi\/137054\/"},"modified":"2026-01-08T19:49:07","modified_gmt":"2026-01-08T19:49:07","slug":"temptation-island-suomi-janetten-ja-miron-rakkaustarina-yllattaa","status":"publish","type":"post","link":"https:\/\/www.europesays.com\/fi\/137054\/","title":{"rendered":"Temptation Island Suomi: Janetten ja Miron Rakkaustarina Yll\u00e4tt\u00e4\u00e4"},"content":{"rendered":"<p>            Teemu Laitinen \/ Sanoma\n        <\/p>\n<p class=\"subtitle \">Suhde syttyi Temptation Island Suomen kuvauksissa.<\/p>\n<p class=\"article-content article-content-width !bg-background\">Temptation Island Suomi -ohjelman 14. tuotantokausi n\u00e4htiin Ruutu+ palvelussa kuluneen syksyn aikana. Tuttua Temppari-kautta seurasi uusi Sinkut-konsepti, jossa kauden p\u00e4\u00e4tytty\u00e4 houkutusten saarelle sinkkuina astelleet naiset ja miehet laitettiinkin samalle villalle tutustumaan toisiinsa viel\u00e4 kymmenen jakson verran.<\/p>\n<p class=\"font-weight-bold m-font-weight-bold article-content article-content-width !bg-background\">Katso my\u00f6s! Sami Kuronen kielt\u00e4\u00e4 tytt\u00e4relt\u00e4\u00e4n tempparit:<\/p>\n<p class=\"article-content article-content-width !bg-background\">Sinkkujen kesken n\u00e4htiin jos jonkinmoista suhdekiemuraa, mutta yksi parisuhdekkin kuvauksissa saatiin syttym\u00e4\u00e4n.<\/p>\n<p>Rakkaus voitti!<\/p>\n<p class=\"article-content article-content-width !bg-background\">Kun varatut l\u00e4htiv\u00e4t kauden kuvausten j\u00e4lkeen lent\u00e4m\u00e4\u00e4n kohti koti-Suomea, j\u00e4iv\u00e4t t\u00e4ll\u00e4 kaudella onnekkaimmat sinkut viett\u00e4m\u00e4\u00e4n lomailua Espanjan Marbellan villalle kesken\u00e4\u00e4n.\u00a0Niiden seasta l\u00f6ytyi yksi jos toinenkin lyhyimmill\u00e4\u00e4n yhden illan kest\u00e4nyt rakkaustarina, mutta yksi niist\u00e4 on kest\u00e4nyt kuvausten j\u00e4lkeenkin.<\/p>\n<p class=\"article-content article-content-width !bg-background\">Sinkkujen villalta toisensa l\u00f6yt\u00e4neet , 24, ja , 32, kiinnittiv\u00e4t nopeasti toistensa huomion ja ei mennyt aikaakaan, kun juttu l\u00e4hti luistamaan. Kaksikon suhde syveni, ja lopulta heit\u00e4 ei jaksoissa paljoa toisistaan erill\u00e4 n\u00e4htyk\u00e4\u00e4n.\u00a0<\/p>\n<p>                <img decoding=\"async\" src=\"https:\/\/www.europesays.com\/fi\/wp-content\/uploads\/2026\/01\/2040779.webp.jpeg\" width=\"576\" height=\"720\" alt=\"Hyv\u00e4n kemian lis\u00e4ksi Miroa ja Janettea yhdist\u00e4v\u00e4t murteet: Sodankyl\u00e4st\u00e4 alkujaan kotoisin oleva Janette v\u00e4\u00e4nt\u00e4\u00e4 puhettaan Lapiksi, ja Miro puolestaan taittaa kielt\u00e4\u00e4n Raumaksi.\" loading=\"lazy\" \/>            <\/p>\n<p>\n            Hyv\u00e4n kemian lis\u00e4ksi Miroa ja Janettea yhdist\u00e4v\u00e4t murteet: Sodankyl\u00e4st\u00e4 alkujaan kotoisin oleva Janette v\u00e4\u00e4nt\u00e4\u00e4 puhettaan Lapiksi, ja Miro puolestaan taittaa kielt\u00e4\u00e4n Raumaksi.<br \/>\n            Timo Korhonen\n        <\/p>\n<p>                <img decoding=\"async\" src=\"https:\/\/www.europesays.com\/fi\/wp-content\/uploads\/2026\/01\/2040785.webp.jpeg\" width=\"576\" height=\"720\" alt=\"Miro kertoo vieh\u00e4ttyneens\u00e4 siit\u00e4, ettei Janette juossut villalla heti ensimm\u00e4isen\u00e4 sinkkumiesten syliin.\" loading=\"lazy\" \/>            <\/p>\n<p>\n            Miro kertoo vieh\u00e4ttyneens\u00e4 siit\u00e4, ettei Janette juossut villalla heti ensimm\u00e4isen\u00e4 sinkkumiesten syliin.<br \/>\n            Timo Korhonen\n        <\/p>\n<p>        <a itemprop=\"url\" href=\"https:\/\/www.seiska.fi\/kotimaa\/tiesitko-minja-koskelan-sisko-on-tunnettu-temppari-kaunotar\/2036735\" rel=\"nofollow noopener\" target=\"_blank\"><\/p>\n<p>\nTiesitko?\n<\/p>\n<p class=\"section-date\">\n        <strong class=\"article-section\" data-section=\"kotimaa\"><br \/>\n            kotimaa<br \/>\n        <\/strong><br \/>\n        3.1. 20:00\n    <\/p>\n<p>Tiesitk\u00f6? Minja Koskelan sisko on tunnettu Temppari-kaunotar!\n    <\/p>\n<p itemprop=\"description\" class=\"subtitle \">\n    Minjaa ja Meijua ei \u00e4kkiselt\u00e4\u00e4n arvaisi siskoksiksi.\n<\/p>\n<p>        <\/a><\/p>\n<p class=\"article-content article-content-width !bg-background\">Haapavedelt\u00e4 kuvauksiin kulkenut Janette ja Turusta tiens\u00e4 Temppari-saarelle l\u00f6yt\u00e4nyt Miro tyrm\u00e4siv\u00e4t aluksi ajatuksen yhteisest\u00e4 tulevaisuudesta, sill\u00e4 v\u00e4limatka kaksikon kohdalla oli heid\u00e4n makuunsa liian suuri. Se ei kuitenkaan est\u00e4nyt viett\u00e4m\u00e4st\u00e4 loppu aikaa Marbellan auringon alla yhdess\u00e4, mik\u00e4 johti lopulta kohtalokkaisiin seuraksiin: kaksikko ei pystynytk\u00e4\u00e4n en\u00e4\u00e4 unohtamaan toisiaan.<\/p>\n<p class=\"article-content article-content-width !bg-background\">Janette ja Miro paljastivat keskiviikkona (7.1.) kumpaisenkin <a href=\"https:\/\/www.instagram.com\/helmivillasukka\/\" target=\"_blank\" rel=\"nofollow noopener\">Instagram-tilill\u00e4<\/a> el\u00e4v\u00e4ns\u00e4 paraikaa onnellista parisuhde-el\u00e4m\u00e4\u00e4 yhdess\u00e4.<\/p>\n<p>Muutto yhteen!<\/p>\n<p class=\"article-content article-content-width !bg-background\">Lopulta rakkaus vei voiton, eik\u00e4 suhdetta haluttukaan j\u00e4tt\u00e4\u00e4 pelk\u00e4ksi lomaromanssiksi. Haastavan v\u00e4limatkaongelman Janette ja Miro ratkaisivat yhteenmuutolla.<\/p>\n<p class=\"article-content article-content-width !bg-background\"> \u2013 Se on ohi. Nimitt\u00e4in salailu! Ei tarvitse en\u00e4\u00e4 piilotella, kierrell\u00e4 kysymyksi\u00e4 tai mietti\u00e4 ketk\u00e4 tiet\u00e4v\u00e4t. Olemme onnellisia yhdess\u00e4, eik\u00e4 alkuaikojen perhoset ole viel\u00e4k\u00e4\u00e4n pois lent\u00e4neet, kaksikko kirjoittaa. <\/p>\n<p class=\"article-content article-content-width !bg-background\"> \u2013 El\u00e4mme yhdess\u00e4 Haapavedell\u00e4 normaalia kahden ihmisen arkea kissan ja koiran kanssa.<\/p>\n<p>        <a itemprop=\"url\" href=\"https:\/\/www.seiska.fi\/katso\/tassa-ovat-uudet-tempparit-sinkut-mukana-julkkiksen-tytar\/1926209\" rel=\"nofollow noopener\" target=\"_blank\"><\/p>\n<p>\nTemptation Island Suomi\n<\/p>\n<p class=\"section-date\">\n        <strong class=\"article-section\" data-section=\"katso\"><br \/>\n            katso<br \/>\n        <\/strong><br \/>\n        10.9.2025 09:00\n    <\/p>\n<p>T\u00e4ss\u00e4 ovat uudet Tempparit-sinkut &#8211; mukana julkkiksen tyt\u00e4r\n    <\/p>\n<p itemprop=\"description\" class=\"subtitle \">\n    Kaudella koetaan ennenn\u00e4kem\u00e4t\u00f6n uudistus.\n<\/p>\n<p>        <\/a><\/p>\n<p class=\"article-content article-content-width !bg-background\">Janette kertoo saaneensa Mirosta h\u00e4nen el\u00e4m\u00e4\u00e4ns\u00e4 rauhaa tuovan kumppanin, ja Miro puolestaan tunnustaa Janetessa olevan juuri sit\u00e4 aitoutta, mit\u00e4 h\u00e4n on hakenut. Kaksikko toivoo julkaisun lopussa heid\u00e4n rauhaansa rakkauskuplassa kunnioitettavan.<\/p>\n<p>Aikuisviihdeura!<\/p>\n<p class=\"article-content article-content-width !bg-background\">Kuluneelta Temppari-kaudelta l\u00f6ytyi useampikin aikuisviihdemaailmaan tiens\u00e4 l\u00f6yt\u00e4nyt Onlyfans-t\u00e4hti, ja yksi niist\u00e4 on Janette.\u00a0<\/p>\n<p class=\"article-content article-content-width !bg-background\">Janeten lis\u00e4ksi ainakin my\u00f6s varattujen roolissa olleet  ja  py\u00f6ritt\u00e4v\u00e4t omaa bisnest\u00e4\u00e4n Onlyfans-alustalla. Janette mainostaa sivujaan omalla Instagram-tilill\u00e4\u00e4n, ja niiden hinnaksi h\u00e4n on asettanut noin 13 dollaria kuukaudessa. Ainakin t\u00e4ll\u00e4 hetkell\u00e4 kuuausihinta on kuitenkin tarjoushintaan 3,99 dollaria, joka on euroiksi k\u00e4\u00e4nnettyn\u00e4 noin 3,42 euroa.<\/p>\n<p><script async src=\"\/\/www.instagram.com\/embed.js\"><\/script><\/p>\n","protected":false},"excerpt":{"rendered":"Teemu Laitinen \/ Sanoma Suhde syttyi Temptation Island Suomen kuvauksissa. Temptation Island Suomi -ohjelman 14. tuotantokausi n\u00e4htiin Ruutu+&hellip;\n","protected":false},"author":2,"featured_media":137055,"comment_status":"","ping_status":"","sticky":false,"template":"","format":"standard","meta":{"footnotes":""},"categories":[133],"tags":[137,33,31,30,23862,212,9398,19503,3705,32,206,2929,156,109],"class_list":{"0":"post-137054","1":"post","2":"type-post","3":"status-publish","4":"format-standard","5":"has-post-thumbnail","7":"category-televisiot","8":"tag-entertainment","9":"tag-fi","10":"tag-finland","11":"tag-finnish","12":"tag-janette","13":"tag-lifestyle","14":"tag-marbella","15":"tag-miro","16":"tag-onlyfans","17":"tag-suomi","18":"tag-televisiot","19":"tag-temptation-island-suomi","20":"tag-tv","21":"tag-viihde"},"share_on_mastodon":{"url":"https:\/\/pubeurope.com\/@fi\/115861216508211181","error":""},"_links":{"self":[{"href":"https:\/\/www.europesays.com\/fi\/wp-json\/wp\/v2\/posts\/137054","targetHints":{"allow":["GET"]}}],"collection":[{"href":"https:\/\/www.europesays.com\/fi\/wp-json\/wp\/v2\/posts"}],"about":[{"href":"https:\/\/www.europesays.com\/fi\/wp-json\/wp\/v2\/types\/post"}],"author":[{"embeddable":true,"href":"https:\/\/www.europesays.com\/fi\/wp-json\/wp\/v2\/users\/2"}],"replies":[{"embeddable":true,"href":"https:\/\/www.europesays.com\/fi\/wp-json\/wp\/v2\/comments?post=137054"}],"version-history":[{"count":0,"href":"https:\/\/www.europesays.com\/fi\/wp-json\/wp\/v2\/posts\/137054\/revisions"}],"wp:featuredmedia":[{"embeddable":true,"href":"https:\/\/www.europesays.com\/fi\/wp-json\/wp\/v2\/media\/137055"}],"wp:attachment":[{"href":"https:\/\/www.europesays.com\/fi\/wp-json\/wp\/v2\/media?parent=137054"}],"wp:term":[{"taxonomy":"category","embeddable":true,"href":"https:\/\/www.europesays.com\/fi\/wp-json\/wp\/v2\/categories?post=137054"},{"taxonomy":"post_tag","embeddable":true,"href":"https:\/\/www.europesays.com\/fi\/wp-json\/wp\/v2\/tags?post=137054"}],"curies":[{"name":"wp","href":"https:\/\/api.w.org\/{rel}","templated":true}]}}