{"id":137060,"date":"2026-01-08T19:54:10","date_gmt":"2026-01-08T19:54:10","guid":{"rendered":"https:\/\/www.europesays.com\/fi\/137060\/"},"modified":"2026-01-08T19:54:10","modified_gmt":"2026-01-08T19:54:10","slug":"hakekasa-syttyi-palamaan-haapajarvella-samaa-kasaa-on-sammutettu-ennenkin","status":"publish","type":"post","link":"https:\/\/www.europesays.com\/fi\/137060\/","title":{"rendered":"Hakekasa syttyi palamaan Haapaj\u00e4rvell\u00e4 \u2013 Samaa kasaa on sammutettu ennenkin"},"content":{"rendered":"<p>                                  Paikallisuutiset<\/p>\n<p>                <img loading=\"lazy\" decoding=\"async\" itemprop=\"contentUrl\" class=\"figure-img img-fluid\"  src=\"https:\/\/www.europesays.com\/fi\/wp-content\/uploads\/2026\/01\/1767902050_246_imengine.public.prod.hil.infomaker.io.jpeg\" width=\"4252\" height=\"2833\"  alt=\"\"\/><\/p>\n<p>                                    Pohjois-Pohjanmaan pelastuslaitos on sammuttanut samaa hakekasaa ennenkin. Kuvituskuva.<br \/>\n                                                    Kuva:<br \/>\n                    Jukka Lehoj\u00e4rvi<\/p>\n<p>              To 8.1.2026 klo 19:19<br \/>\n                  | P\u00e4ivitetty: To 8.1.2026 klo 21:50<\/p>\n<p>      MAINOS &#8211; juttu jatkuu mainoksen j\u00e4lkeen<\/p>\n<p>      MAINOS &#8211; mainos p\u00e4\u00e4ttyy<\/p>\n<p class=\"ew-body\">Pelastuslaitos sai torstai-iltana kuuden aikaan h\u00e4lytyksen tulipalosta Haapaj\u00e4rven Rantakadulle, Haapaj\u00e4rven L\u00e4mm\u00f6n pihaan.<\/p>\n<p class=\"ew-body\">Kyseess\u00e4 ei ole ensimm\u00e4inen kerta, kun pelastuslaitos on soitettu h\u00e4tiin samaan osoitteeseen.<\/p>\n<p class=\"ew-body\">\u2013 T\u00e4\u00e4ll\u00e4 palaa t\u00e4mm\u00f6inen hakekasa. T\u00e4m\u00e4 on nyt palanut t\u00e4ss\u00e4 useampana eri kertana, <\/p>\n<p>  <a class=\"btn btn-secondary btn-icon-left\" href=\"#coral_thread\"><br \/>\n    <img decoding=\"async\" src=\"https:\/\/www.keskipohjanmaa.fi\/wp-content\/themes\/hilla-theme\/assets\/img\/icon_comments.svg\" alt=\"\"\/><br \/>\n    Kommentoi<br \/>\n    \u00a0(0)<br \/>\n  <\/a><\/p>\n<p>  <a class=\"btn btn-secondary btn-icon-left mailto_web\" href=\"mailto:toimitus@keskipohjanmaa.fi?subject=Ilmoita%20asiavirheest%C3%A4&amp;body=Otsikko%3A%20Hakekasa%20syttyi%20palamaan%20Haapaj%C3%A4rvell%C3%A4%20%E2%80%93%20Samaa%20kasaa%20on%20sammutettu%20ennenkin%0AUuid%3A%205a6f5a6b-1a37-48a7-94e9-1411eae0d5d6%0AUrl%3A%20https%3A%2F%2Fwww.keskipohjanmaa.fi%2Fartikkeli%2Fhakekasa-syttyi-palamaan-haapajarvella-samaa-kasaa-on-sammutettu-ennenkin\"><br \/>\n    <img decoding=\"async\" src=\"https:\/\/www.keskipohjanmaa.fi\/wp-content\/themes\/hilla-theme\/assets\/img\/icon_feedback.svg\" alt=\"\"\/><br \/>\n    Ilmoita asiavirheest\u00e4<br \/>\n  <\/a><\/p>\n","protected":false},"excerpt":{"rendered":"Paikallisuutiset Pohjois-Pohjanmaan pelastuslaitos on sammuttanut samaa hakekasaa ennenkin. Kuvituskuva. Kuva: Jukka Lehoj\u00e4rvi To 8.1.2026 klo 19:19 | P\u00e4ivitetty:&hellip;\n","protected":false},"author":2,"featured_media":137061,"comment_status":"","ping_status":"","sticky":false,"template":"","format":"standard","meta":{"footnotes":""},"categories":[130],"tags":[137,33,31,30,32,109],"class_list":{"0":"post-137060","1":"post","2":"type-post","3":"status-publish","4":"format-standard","5":"has-post-thumbnail","7":"category-viihde","8":"tag-entertainment","9":"tag-fi","10":"tag-finland","11":"tag-finnish","12":"tag-suomi","13":"tag-viihde"},"share_on_mastodon":{"url":"https:\/\/pubeurope.com\/@fi\/115861236131693415","error":""},"_links":{"self":[{"href":"https:\/\/www.europesays.com\/fi\/wp-json\/wp\/v2\/posts\/137060","targetHints":{"allow":["GET"]}}],"collection":[{"href":"https:\/\/www.europesays.com\/fi\/wp-json\/wp\/v2\/posts"}],"about":[{"href":"https:\/\/www.europesays.com\/fi\/wp-json\/wp\/v2\/types\/post"}],"author":[{"embeddable":true,"href":"https:\/\/www.europesays.com\/fi\/wp-json\/wp\/v2\/users\/2"}],"replies":[{"embeddable":true,"href":"https:\/\/www.europesays.com\/fi\/wp-json\/wp\/v2\/comments?post=137060"}],"version-history":[{"count":0,"href":"https:\/\/www.europesays.com\/fi\/wp-json\/wp\/v2\/posts\/137060\/revisions"}],"wp:featuredmedia":[{"embeddable":true,"href":"https:\/\/www.europesays.com\/fi\/wp-json\/wp\/v2\/media\/137061"}],"wp:attachment":[{"href":"https:\/\/www.europesays.com\/fi\/wp-json\/wp\/v2\/media?parent=137060"}],"wp:term":[{"taxonomy":"category","embeddable":true,"href":"https:\/\/www.europesays.com\/fi\/wp-json\/wp\/v2\/categories?post=137060"},{"taxonomy":"post_tag","embeddable":true,"href":"https:\/\/www.europesays.com\/fi\/wp-json\/wp\/v2\/tags?post=137060"}],"curies":[{"name":"wp","href":"https:\/\/api.w.org\/{rel}","templated":true}]}}