{"id":137071,"date":"2026-01-08T20:00:09","date_gmt":"2026-01-08T20:00:09","guid":{"rendered":"https:\/\/www.europesays.com\/fi\/137071\/"},"modified":"2026-01-08T20:00:09","modified_gmt":"2026-01-08T20:00:09","slug":"ministeri-mari-leena-talvitien-vuodelle-nolo-alku","status":"publish","type":"post","link":"https:\/\/www.europesays.com\/fi\/137071\/","title":{"rendered":"Ministeri Mari-Leena Talvitien vuodelle nolo alku."},"content":{"rendered":"<p>Ministerill\u00e4 ei ollut muuta vaihtoehtoa kuin pyyt\u00e4\u00e4 valeh&#8230; siis ep\u00e4tarkkaa sanavalintaansa anteeksi, kirjoittaa IS:n politiikan toimittaja Erno Laisi.<\/p>\n<p class=\"article-body mb-nof-24 px-nof-16\">Vuoden 2026 oli m\u00e4\u00e4r\u00e4 olla tiede- ja kulttuuriministeri <a class=\"font-bold underline-offset-[0.12em] [text-decoration:var(--person-link-text-decoration)] ![text-decoration-color:var(--person-link-text-decoration-color)]\" href=\"https:\/\/www.is.fi\/haku\/?query=Mari-Leena%20Talvitien\" rel=\"nofollow noopener\" target=\"_blank\">Mari-Leena Talvitien<\/a> (kok) henkil\u00f6kohtainenkin juhlavuosi.<\/p>\n<p class=\"article-body mb-nof-24 px-nof-16\">Onhan h\u00e4nen oma kotikaupunkinsa Oulu alkaneena vuonna Euroopan kulttuurip\u00e4\u00e4kaupunki.<\/p>\n<p class=\"article-body mb-nof-24 px-nof-16\">Mik\u00e4 sen mukavampaa kuin p\u00e4\u00e4st\u00e4 hymyilem\u00e4\u00e4n kulttuurip\u00e4\u00e4kaupunkivuoden kissanristi\u00e4isiin oikein sektoriministerin salkku kourassa?<\/p>\n<p class=\"article-body mb-nof-24 px-nof-16\">Nolommin ei olisi voinut Talvitien \u201djuhlavuosi\u201d kuitenkaan alkaa.<\/p>\n<p class=\"article-body mb-nof-24 px-nof-16\">Tekem\u00e4ns\u00e4 h\u00e4rskin poliittisen virkanimityksen j\u00e4lkilaineissa Talvitie p\u00e4\u00e4tyi puhumaan \u201dmuunneltua totuutta\u201d <a class=\"underline underline-offset-[0.12em] [text-decoration-thickness:var(--generic-link-underline-thickness)] [text-decoration-color:var(--generic-link-underline-color)] [text-decoration-skip-ink:var(--generic-link-underline-skip-ink)] break-words\" href=\"https:\/\/www.hs.fi\/politiikka\/art-2000011733686.html\" rel=\"nofollow noopener\" target=\"_blank\">Helsingin Sanomille<\/a>.<\/p>\n<p class=\"article-body mb-nof-24 px-nof-16\">Talvitie v\u00e4h\u00e4tteli valtiosihteerins\u00e4 <a class=\"font-bold underline-offset-[0.12em] [text-decoration:var(--person-link-text-decoration)] ![text-decoration-color:var(--person-link-text-decoration-color)]\" href=\"https:\/\/www.is.fi\/haku\/?query=Kristiina%20Kokon\" rel=\"nofollow noopener\" target=\"_blank\">Kristiina Kokon<\/a> roolia opetus- ja kulttuuriministeri\u00f6n kulttuuri- ja taidepolitiikan osaston ylijohtajan rekrytoinnissa. Kokko on virkaan marraskuussa valitun kokoomuslaisen <a class=\"font-bold underline-offset-[0.12em] [text-decoration:var(--person-link-text-decoration)] ![text-decoration-color:var(--person-link-text-decoration-color)]\" href=\"https:\/\/www.is.fi\/haku\/?query=Juha%20Rintam%C3%A4en\" rel=\"nofollow noopener\" target=\"_blank\">Juha Rintam\u00e4en<\/a> entinen alainen.<\/p>\n<p class=\"article-body mb-nof-24 px-nof-16\">\u2013 H\u00e4n [Kokko] oli l\u00e4sn\u00e4, mutta ei osallistunut haastatteluun, Talvitie kommentoi Kokon roolia Helsingin Sanomien loppiaisena julkaistussa jutussa.<\/p>\n<p class=\"article-body mb-nof-24 px-nof-16\">T\u00e4m\u00e4 ei kuitenkaan pit\u00e4nyt paikkaansa. HS uutisoi Talvitien antamista v\u00e4\u00e4rist\u00e4 tiedoista keskiviikkona.<\/p>\n<blockquote class=\"p-[var(--citation-padding)] m-[var(--citation-margin)] border-y-[length:var(--citation-border-width)] border-y-[color:var(--citation-border-color)]\">\n<p>Ministerin ei pit\u00e4isi puhua puuta hein\u00e4\u00e4 edes medialle.<\/p>\n<\/blockquote>\n<p class=\"article-body mb-nof-24 px-nof-16\">Ministerill\u00e4 ei ollut muuta vaihtoehtoa kuin pyyt\u00e4\u00e4 valeh.. siis \u201dep\u00e4tarkkaa sanavalintaa\u201d <a class=\"underline underline-offset-[0.12em] [text-decoration-thickness:var(--generic-link-underline-thickness)] [text-decoration-color:var(--generic-link-underline-color)] [text-decoration-skip-ink:var(--generic-link-underline-skip-ink)] break-words\" href=\"https:\/\/www.is.fi\/politiikka\/art-2000011735664.html\" rel=\"nofollow noopener\" target=\"_blank\">anteeksi<\/a>.<\/p>\n<p class=\"article-body mb-nof-24 px-nof-16\">\u2013 Aiempi vastaukseni haastattelutilanteesta oli t\u00e4lt\u00e4 osin ep\u00e4tarkka ja pyyd\u00e4n sit\u00e4 anteeksi, Talvitie sanoi HS:lle torstaina.<\/p>\n<p class=\"article-body mb-nof-24 px-nof-16\">Ministerin ei pit\u00e4isi puhua puuta hein\u00e4\u00e4 edes medialle. Toivottavasti h\u00e4vett\u00e4\u00e4 edes v\u00e4h\u00e4n.<\/p>\n<p><img decoding=\"async\" src=\"https:\/\/www.europesays.com\/fi\/wp-content\/uploads\/2026\/01\/1767902409_521_468.jpg\" alt=\"Mari-Leena Talvitien valtiosihteeri, kokoomuksen entinen puoluesihteeri Kristiina Kokko.\" class=\"_Img_1rerz_1\" style=\"aspect-ratio:1.5\" loading=\"eager\"\/><\/p>\n<p class=\"article-picture-caption\">Mari-Leena Talvitien valtiosihteeri, kokoomuksen entinen puoluesihteeri Kristiina Kokko. Kuva:\u00a0Lassi Rinne<\/p>\n<p class=\"article-body mb-nof-24 px-nof-16\">Lue lis\u00e4\u00e4: <a class=\"underline underline-offset-[0.12em] [text-decoration-thickness:var(--generic-link-underline-thickness)] [text-decoration-color:var(--generic-link-underline-color)] [text-decoration-skip-ink:var(--generic-link-underline-skip-ink)] break-words\" href=\"https:\/\/www.is.fi\/politiikka\/art-2000011735664.html\" rel=\"nofollow noopener\" target=\"_blank\">HS: Ministeri pyyt\u00e4\u00e4 anteeksi<\/a><\/p>\n<p class=\"article-body mb-nof-24 px-nof-16\">MINISTERIN laskema l\u00f6\u00f6peri on yksi asia, toinen asia on ministerin tekem\u00e4 poikkeuksellisen h\u00e4rski virkanimitys.<\/p>\n<p class=\"article-body mb-nof-24 px-nof-16\"><a class=\"underline underline-offset-[0.12em] [text-decoration-thickness:var(--generic-link-underline-thickness)] [text-decoration-color:var(--generic-link-underline-color)] [text-decoration-skip-ink:var(--generic-link-underline-skip-ink)] break-words\" href=\"https:\/\/yle.fi\/a\/74-20199480\" rel=\"nofollow noopener\" target=\"_blank\">Yle<\/a> ja <a class=\"underline underline-offset-[0.12em] [text-decoration-thickness:var(--generic-link-underline-thickness)] [text-decoration-color:var(--generic-link-underline-color)] [text-decoration-skip-ink:var(--generic-link-underline-skip-ink)] break-words\" href=\"https:\/\/www.hs.fi\/politiikka\/art-2000011720662.html\" rel=\"nofollow noopener\" target=\"_blank\">Helsingin Sanomat<\/a> ovat kertoneet, ett\u00e4 ylin laillisuusvalvoja eli oikeuskansleri huomautti ministeri\u00f6t\u00e4 ylijohtajan valintaprosessin puutteista useita kertoja. Esimerkiksi valintaperusteita pidettiin riitt\u00e4m\u00e4tt\u00f6min\u00e4.<\/p>\n<p class=\"article-body mb-nof-24 px-nof-16\">Ilta-Sanomat sai tietopyynn\u00f6ll\u00e4 tapauksen nimitysmuistion sek\u00e4 hakijoiden ansioyhteenvedon.<\/p>\n<p class=\"article-body mb-nof-24 px-nof-16\">N\u00e4ytt\u00e4\u00e4 ilmeiselt\u00e4, ett\u00e4 kyseiseen teht\u00e4v\u00e4\u00e4n olisi ollut Rintam\u00e4ke\u00e4 meritoituneempi ja p\u00e4tev\u00e4mpi hakija ministeri\u00f6n sis\u00e4lt\u00e4: vuodesta 2012 yht\u00e4jaksoisesti opetus- ja kulttuuriministeri\u00f6ss\u00e4 ty\u00f6skennellyt <a class=\"font-bold underline-offset-[0.12em] [text-decoration:var(--person-link-text-decoration)] ![text-decoration-color:var(--person-link-text-decoration-color)]\" href=\"https:\/\/www.is.fi\/haku\/?query=Minna%20Karvonen\" rel=\"nofollow noopener\" target=\"_blank\">Minna Karvonen<\/a>.<\/p>\n<p class=\"article-body mb-nof-24 px-nof-16\">Tulkinta ei ole vain t\u00e4m\u00e4n jutun kirjoittajan oma.<\/p>\n<p class=\"article-body mb-nof-24 px-nof-16\">Oikeuskansleri huomautti <a class=\"underline underline-offset-[0.12em] [text-decoration-thickness:var(--generic-link-underline-thickness)] [text-decoration-color:var(--generic-link-underline-color)] [text-decoration-skip-ink:var(--generic-link-underline-skip-ink)] break-words\" href=\"https:\/\/www.hs.fi\/politiikka\/art-2000011720662.html\" rel=\"nofollow noopener\" target=\"_blank\">HS:n n\u00e4kem\u00e4n viestinvaihdon<\/a> mukaan ministeri\u00f6t\u00e4 siit\u00e4, ett\u00e4 Karvonen olisi ollut toimialaan \u201dselv\u00e4sti enemm\u00e4n perehtynyt\u201d kuin Rintam\u00e4ki ja ett\u00e4 Rintam\u00e4ell\u00e4 on \u201dvain v\u00e4h\u00e4n teht\u00e4v\u00e4n edellytt\u00e4m\u00e4\u00e4 monipuolista kokemusta t\u00e4ytett\u00e4v\u00e4n olevan ylijohtajan viran teht\u00e4v\u00e4alalta tai kokemusta osaston toimialaan liittyv\u00e4st\u00e4 strategisesta kehitt\u00e4misest\u00e4\u201d.<\/p>\n<p><img decoding=\"async\" src=\"https:\/\/www.europesays.com\/fi\/wp-content\/uploads\/2026\/01\/1767902409_657_468.jpg\" alt=\"Mari-Leena Talvitie (kok) on toiminut tiede- ja kulttuuriministerin\u00e4 vajaan vuoden.\" class=\"_Img_1rerz_1\" style=\"aspect-ratio:1.5\" loading=\"eager\"\/><\/p>\n<p class=\"article-picture-caption\">Mari-Leena Talvitie (kok) on toiminut tiede- ja kulttuuriministerin\u00e4 vajaan vuoden. Kuva:\u00a0VILLE HONKONEN<\/p>\n<p class=\"article-body mb-nof-24 px-nof-16\">Karvonen on toiminut ministeri\u00f6ss\u00e4 kulttuuri- ja taidepolitiikan osastolla taiteen ja kulttuuriperinn\u00f6n vastuualueen johtajana vuodesta 2018 ja ennen t\u00e4t\u00e4 ministeri\u00f6ss\u00e4 kulttuuriasiainneuvoksena vuosina 2012\u20132018.<\/p>\n<p class=\"article-body mb-nof-24 px-nof-16\">Sen sijaan Rintam\u00e4ki on ty\u00f6skennellyt ministeri\u00f6ss\u00e4 selv\u00e4sti alle vuoden ylitarkastajan ja kulttuuriasiainneuvoksen rooleissa vuonna 2002. P\u00e4\u00e4asiallinen ty\u00f6kokemus Rintam\u00e4elle on kertynyt Helsingin seurakuntayhtym\u00e4st\u00e4.<\/p>\n<blockquote class=\"p-[var(--citation-padding)] m-[var(--citation-margin)] border-y-[length:var(--citation-border-width)] border-y-[color:var(--citation-border-color)]\">\n<p>Kokoomus tekee poliittisia virkanimityksi\u00e4 siin\u00e4 miss\u00e4 muutkin puolueet \u2013 eli aina kun on paikka.<\/p>\n<\/blockquote>\n<p class=\"article-body mb-nof-24 px-nof-16\">Rintam\u00e4ki ei ole kokoomuksessa mik\u00e4 tahansa takarivin taavi, vaan puolueen entinen varapuheenjohtaja ja puolueen nuorisoj\u00e4rjest\u00f6n entinen puheenjohtaja. Rintam\u00e4ki veti viime kev\u00e4\u00e4n kuntavaaleissa sittemmin Helsingin pormestariksi nousseen <a class=\"font-bold underline-offset-[0.12em] [text-decoration:var(--person-link-text-decoration)] ![text-decoration-color:var(--person-link-text-decoration-color)]\" href=\"https:\/\/www.is.fi\/haku\/?query=Daniel%20Sazonovin\" rel=\"nofollow noopener\" target=\"_blank\">Daniel Sazonovin<\/a> kampanjaa.<\/p>\n<p class=\"article-body mb-nof-24 px-nof-16\">Silm\u00e4t kiinnikin voi n\u00e4hd\u00e4, ett\u00e4 Rintam\u00e4ki vaikuttaa saaneen uurastuksestaan puolueen eteen palkinnoksi ylijohtajan viran.<\/p>\n<p class=\"article-body mb-nof-24 px-nof-16\">Kokoomus tekee poliittisia virkanimityksi\u00e4 siin\u00e4 miss\u00e4 muutkin puolueet \u2013 eli aina kun on paikka.<\/p>\n<p class=\"article-body mb-nof-24 px-nof-16\">Lue lis\u00e4\u00e4: <a class=\"underline underline-offset-[0.12em] [text-decoration-thickness:var(--generic-link-underline-thickness)] [text-decoration-color:var(--generic-link-underline-color)] [text-decoration-skip-ink:var(--generic-link-underline-skip-ink)] break-words\" href=\"https:\/\/www.is.fi\/politiikka\/art-2000011734099.html\" rel=\"nofollow noopener\" target=\"_blank\">Kokoomukselle kritiikki\u00e4 h\u00e4rskist\u00e4 nimityspelist\u00e4<\/a><\/p>\n<p class=\"article-body mb-nof-24 px-nof-16\">T\u00e4ll\u00e4 kertaa kokonaisuus n\u00e4ytti kuitenkin poikkeuksellisen likaiselta.<\/p>\n<p class=\"article-body mb-nof-24 px-nof-16\">Muiden puolueiden on turha suuremmin jeesustella kokoomuksen toimintaa. Keskustan kansanedustaja <a class=\"font-bold underline-offset-[0.12em] [text-decoration:var(--person-link-text-decoration)] ![text-decoration-color:var(--person-link-text-decoration-color)]\" href=\"https:\/\/www.is.fi\/haku\/?query=Petri%20Honkonen\" rel=\"nofollow noopener\" target=\"_blank\">Petri Honkonen <\/a><a class=\"underline underline-offset-[0.12em] [text-decoration-thickness:var(--generic-link-underline-thickness)] [text-decoration-color:var(--generic-link-underline-color)] [text-decoration-skip-ink:var(--generic-link-underline-skip-ink)] break-words\" href=\"https:\/\/www.is.fi\/politiikka\/art-2000011734099.html\" rel=\"nofollow noopener\" target=\"_blank\">ei kuitenkaan malttanut<\/a> olla piikittelem\u00e4tt\u00e4 kokoomusta.<\/p>\n<p class=\"article-body mb-nof-24 px-nof-16\">Honkosen mukaan kokoomuksen \u201dnimityspeli on saanut kohtuuttoman h\u00e4rskit mittasuhteet\u201d.<\/p>\n<p class=\"article-body mb-nof-24 px-nof-16\">Keskustalaisia kannattaa t\u00e4ss\u00e4 asiassa toden totta kuunnella.<\/p>\n<p class=\"article-body mb-nof-24 px-nof-16\">He ovat todellisia kokemusasiantuntijoita ja <a class=\"underline underline-offset-[0.12em] [text-decoration-thickness:var(--generic-link-underline-thickness)] [text-decoration-color:var(--generic-link-underline-color)] [text-decoration-skip-ink:var(--generic-link-underline-skip-ink)] break-words\" href=\"https:\/\/www.is.fi\/politiikka\/art-2000007932683.html\" rel=\"nofollow noopener\" target=\"_blank\">h\u00e4rskien poliittisten virkanimitysten syv\u00e4osaajia<\/a>.<\/p>\n","protected":false},"excerpt":{"rendered":"Ministerill\u00e4 ei ollut muuta vaihtoehtoa kuin pyyt\u00e4\u00e4 valeh&#8230; siis ep\u00e4tarkkaa sanavalintaansa anteeksi, kirjoittaa IS:n politiikan toimittaja Erno Laisi.&hellip;\n","protected":false},"author":2,"featured_media":137072,"comment_status":"","ping_status":"","sticky":false,"template":"","format":"standard","meta":{"footnotes":""},"categories":[5],"tags":[22,23,26,27,33,31,30,17,34,24,25,28,29,15,18,21,32,19,20,16],"class_list":{"0":"post-137071","1":"post","2":"type-post","3":"status-publish","4":"format-standard","5":"has-post-thumbnail","7":"category-otsikot","8":"tag-breaking-news","9":"tag-breakingnews","10":"tag-featured-news","11":"tag-featurednews","12":"tag-fi","13":"tag-finland","14":"tag-finnish","15":"tag-headlines","16":"tag-ilta-sanomat","17":"tag-latest-news","18":"tag-latestnews","19":"tag-main-news","20":"tag-mainnews","21":"tag-news","22":"tag-otsikot","23":"tag-paauutiset","24":"tag-suomi","25":"tag-top-stories","26":"tag-topstories","27":"tag-uutiset"},"share_on_mastodon":{"url":"https:\/\/pubeurope.com\/@fi\/115861259763530271","error":""},"_links":{"self":[{"href":"https:\/\/www.europesays.com\/fi\/wp-json\/wp\/v2\/posts\/137071","targetHints":{"allow":["GET"]}}],"collection":[{"href":"https:\/\/www.europesays.com\/fi\/wp-json\/wp\/v2\/posts"}],"about":[{"href":"https:\/\/www.europesays.com\/fi\/wp-json\/wp\/v2\/types\/post"}],"author":[{"embeddable":true,"href":"https:\/\/www.europesays.com\/fi\/wp-json\/wp\/v2\/users\/2"}],"replies":[{"embeddable":true,"href":"https:\/\/www.europesays.com\/fi\/wp-json\/wp\/v2\/comments?post=137071"}],"version-history":[{"count":0,"href":"https:\/\/www.europesays.com\/fi\/wp-json\/wp\/v2\/posts\/137071\/revisions"}],"wp:featuredmedia":[{"embeddable":true,"href":"https:\/\/www.europesays.com\/fi\/wp-json\/wp\/v2\/media\/137072"}],"wp:attachment":[{"href":"https:\/\/www.europesays.com\/fi\/wp-json\/wp\/v2\/media?parent=137071"}],"wp:term":[{"taxonomy":"category","embeddable":true,"href":"https:\/\/www.europesays.com\/fi\/wp-json\/wp\/v2\/categories?post=137071"},{"taxonomy":"post_tag","embeddable":true,"href":"https:\/\/www.europesays.com\/fi\/wp-json\/wp\/v2\/tags?post=137071"}],"curies":[{"name":"wp","href":"https:\/\/api.w.org\/{rel}","templated":true}]}}