{"id":137081,"date":"2026-01-08T20:20:14","date_gmt":"2026-01-08T20:20:14","guid":{"rendered":"https:\/\/www.europesays.com\/fi\/137081\/"},"modified":"2026-01-08T20:20:14","modified_gmt":"2026-01-08T20:20:14","slug":"hyvinvoinnin-ajatuksesta-kasvoi-ravintolisien-maailma-yksi-kommentti-voi-rajayttaa-myynnin","status":"publish","type":"post","link":"https:\/\/www.europesays.com\/fi\/137081\/","title":{"rendered":"Hyvinvoinnin ajatuksesta kasvoi ravintolisien maailma \u2013 Yksi kommentti voi r\u00e4j\u00e4ytt\u00e4\u00e4 myynnin"},"content":{"rendered":"<p>                                  Paikallisuutiset<\/p>\n<p>                <img loading=\"lazy\" decoding=\"async\" itemprop=\"contentUrl\" class=\"figure-img img-fluid\"  src=\"https:\/\/www.europesays.com\/fi\/wp-content\/uploads\/2026\/01\/1767903613_305_imengine.public.prod.hil.infomaker.io.jpeg\" width=\"4252\" height=\"2835\"  alt=\"\"\/><\/p>\n<p>                                    Ingela Friberg, osto- ja logistiikkap\u00e4\u00e4llikk\u00f6, ja Niina Salmi, toimipaikan p\u00e4\u00e4llikk\u00f6, Bertil\u2019s healthin Pietarsaaren tuotantolaitoksella.<br \/>\n                                                    Kuva:<br \/>\n                    Jukka Lehoj\u00e4rvi<\/p>\n<p>      MAINOS &#8211; juttu jatkuu mainoksen j\u00e4lkeen<\/p>\n<p>      MAINOS &#8211; mainos p\u00e4\u00e4ttyy<\/p>\n<p class=\"ew-body\">Kaikki alkoi yhdest\u00e4 ihmisest\u00e4 ja yhdest\u00e4 ajatuksesta: tarjota ravintolisi\u00e4 asiakkaiden hyvinvoinnin tueksi.<\/p>\n<p class=\"ew-body\">Kruunupyyl\u00e4isapteekkarin ideasta syntyi vuonna 1960 perheyritys, joka toimi omistajaperheen k\u00e4siss\u00e4 kuusi vuosikymment\u00e4. T\u00e4n\u00e4\u00e4n sama yritys valmistaa ravintolisi\u00e4 tablettimuotoon noin 80 miljo<\/p>\n<p>  <a class=\"btn btn-secondary btn-icon-left\" href=\"#coral_thread\"><br \/>\n    <img decoding=\"async\" src=\"https:\/\/www.keskipohjanmaa.fi\/wp-content\/themes\/hilla-theme\/assets\/img\/icon_comments.svg\" alt=\"\"\/><br \/>\n    Kommentoi<br \/>\n    \u00a0(0)<br \/>\n  <\/a><\/p>\n<p>  <a class=\"btn btn-secondary btn-icon-left mailto_web\" href=\"mailto:toimitus@keskipohjanmaa.fi?subject=Ilmoita%20asiavirheest%C3%A4&amp;body=Otsikko%3A%20Hyvinvoinnin%20ajatuksesta%20kasvoi%20ravintolisien%20maailma%20%E2%80%93%20Yksi%20kommentti%20voi%20r%C3%A4j%C3%A4ytt%C3%A4%C3%A4%20myynnin%0AUuid%3A%202bcca7f5-df08-4bbc-96a7-78b39128d31d%0AUrl%3A%20https%3A%2F%2Fwww.keskipohjanmaa.fi%2Fartikkeli%2Fhyvinvoinnin-ajatuksesta-kasvoi-ravintolisien-maailma-yksi-kommentti-voi-rajayttaa-myynnin\"><br \/>\n    <img decoding=\"async\" src=\"https:\/\/www.keskipohjanmaa.fi\/wp-content\/themes\/hilla-theme\/assets\/img\/icon_feedback.svg\" alt=\"\"\/><br \/>\n    Ilmoita asiavirheest\u00e4<br \/>\n  <\/a><\/p>\n","protected":false},"excerpt":{"rendered":"Paikallisuutiset Ingela Friberg, osto- ja logistiikkap\u00e4\u00e4llikk\u00f6, ja Niina Salmi, toimipaikan p\u00e4\u00e4llikk\u00f6, Bertil\u2019s healthin Pietarsaaren tuotantolaitoksella. Kuva: Jukka Lehoj\u00e4rvi&hellip;\n","protected":false},"author":2,"featured_media":137082,"comment_status":"","ping_status":"","sticky":false,"template":"","format":"standard","meta":{"footnotes":""},"categories":[130],"tags":[137,33,31,30,32,109],"class_list":{"0":"post-137081","1":"post","2":"type-post","3":"status-publish","4":"format-standard","5":"has-post-thumbnail","7":"category-viihde","8":"tag-entertainment","9":"tag-fi","10":"tag-finland","11":"tag-finnish","12":"tag-suomi","13":"tag-viihde"},"share_on_mastodon":{"url":"https:\/\/pubeurope.com\/@fi\/115861338378055883","error":""},"_links":{"self":[{"href":"https:\/\/www.europesays.com\/fi\/wp-json\/wp\/v2\/posts\/137081","targetHints":{"allow":["GET"]}}],"collection":[{"href":"https:\/\/www.europesays.com\/fi\/wp-json\/wp\/v2\/posts"}],"about":[{"href":"https:\/\/www.europesays.com\/fi\/wp-json\/wp\/v2\/types\/post"}],"author":[{"embeddable":true,"href":"https:\/\/www.europesays.com\/fi\/wp-json\/wp\/v2\/users\/2"}],"replies":[{"embeddable":true,"href":"https:\/\/www.europesays.com\/fi\/wp-json\/wp\/v2\/comments?post=137081"}],"version-history":[{"count":0,"href":"https:\/\/www.europesays.com\/fi\/wp-json\/wp\/v2\/posts\/137081\/revisions"}],"wp:featuredmedia":[{"embeddable":true,"href":"https:\/\/www.europesays.com\/fi\/wp-json\/wp\/v2\/media\/137082"}],"wp:attachment":[{"href":"https:\/\/www.europesays.com\/fi\/wp-json\/wp\/v2\/media?parent=137081"}],"wp:term":[{"taxonomy":"category","embeddable":true,"href":"https:\/\/www.europesays.com\/fi\/wp-json\/wp\/v2\/categories?post=137081"},{"taxonomy":"post_tag","embeddable":true,"href":"https:\/\/www.europesays.com\/fi\/wp-json\/wp\/v2\/tags?post=137081"}],"curies":[{"name":"wp","href":"https:\/\/api.w.org\/{rel}","templated":true}]}}