{"id":137087,"date":"2026-01-08T20:24:07","date_gmt":"2026-01-08T20:24:07","guid":{"rendered":"https:\/\/www.europesays.com\/fi\/137087\/"},"modified":"2026-01-08T20:24:07","modified_gmt":"2026-01-08T20:24:07","slug":"macron-ranska-aanestaa-mercosur-sopimusta-vastaan-uutisia-lyhyesti","status":"publish","type":"post","link":"https:\/\/www.europesays.com\/fi\/137087\/","title":{"rendered":"Macron: Ranska \u00e4\u00e4nest\u00e4\u00e4 Mercosur-sopimusta vastaan | Uutisia lyhyesti"},"content":{"rendered":"<p>21:34\u2022P\u00e4ivitetty 21:35<\/p>\n<p class=\"aw-1gybjub aw-1p7kakr kEtdKx cEmitX yle__article__paragraph\">Ranska \u00e4\u00e4nest\u00e4\u00e4 EU:n ja Etel\u00e4-Amerikan Mercosur-maiden v\u00e4lisen vapaakauppasopimuksen hyv\u00e4ksymist\u00e4 vastaan, sanoo Ranskan presidentti <strong class=\"aw-ak79eh KyCXm yle__article__strong\">Emmanuel Macron<\/strong>.<\/p>\n<p class=\"aw-1gybjub aw-1p7kakr kEtdKx cEmitX yle__article__paragraph\">Macronin mukaan \u00e4\u00e4nestysp\u00e4\u00e4t\u00f6ksen taustalla on Ranskan parlamentin yksimielinen sopimusta vastustanut kanta.<\/p>\n<p class=\"aw-1gybjub aw-1p7kakr kEtdKx cEmitX yle__article__paragraph\">EU-maiden on m\u00e4\u00e4r\u00e4 \u00e4\u00e4nest\u00e4\u00e4 perjantaina vapaakauppasopimuksen hyv\u00e4ksymisest\u00e4. Sopimus synnytt\u00e4isi maailman suurimman vapaakauppa-alueen.<\/p>\n<p class=\"aw-1gybjub aw-1p7kakr kEtdKx cEmitX yle__article__paragraph\">Mercosur-maihin kuuluvat Argentiina, Brasilia, Paraguay ja Uruguay. Sopimusta on valmisteltu jo yli 25 vuoden ajan.<\/p>\n<p class=\"aw-1gybjub aw-1p7kakr kEtdKx cEmitX yle__article__paragraph\">Sopimuksen solmiminen lykk\u00e4\u00e4ntyi viime kuussa Italian ja Ranskan vastustuksen vuoksi. Ne ovat nostaneet esiin erityisesti maatalouteen liittyvi\u00e4 huoliaan.<\/p>\n","protected":false},"excerpt":{"rendered":"21:34\u2022P\u00e4ivitetty 21:35 Ranska \u00e4\u00e4nest\u00e4\u00e4 EU:n ja Etel\u00e4-Amerikan Mercosur-maiden v\u00e4lisen vapaakauppasopimuksen hyv\u00e4ksymist\u00e4 vastaan, sanoo Ranskan presidentti Emmanuel Macron. Macronin&hellip;\n","protected":false},"author":2,"featured_media":74,"comment_status":"","ping_status":"","sticky":false,"template":"","format":"standard","meta":{"footnotes":""},"categories":[14],"tags":[22,23,1826,26,27,33,31,30,17,24,25,28,29,15,18,21,1422,32,78,19,20,56,16,16921,59,60,61],"class_list":{"0":"post-137087","1":"post","2":"type-post","3":"status-publish","4":"format-standard","5":"has-post-thumbnail","7":"category-ulkomaat","8":"tag-breaking-news","9":"tag-breakingnews","10":"tag-etela-amerikka","11":"tag-featured-news","12":"tag-featurednews","13":"tag-fi","14":"tag-finland","15":"tag-finnish","16":"tag-headlines","17":"tag-latest-news","18":"tag-latestnews","19":"tag-main-news","20":"tag-mainnews","21":"tag-news","22":"tag-otsikot","23":"tag-paauutiset","24":"tag-ranska","25":"tag-suomi","26":"tag-talous","27":"tag-top-stories","28":"tag-topstories","29":"tag-ulkomaat","30":"tag-uutiset","31":"tag-vapaakauppa","32":"tag-world","33":"tag-world-news","34":"tag-worldnews"},"share_on_mastodon":{"url":"https:\/\/pubeurope.com\/@fi\/115861354150225029","error":""},"_links":{"self":[{"href":"https:\/\/www.europesays.com\/fi\/wp-json\/wp\/v2\/posts\/137087","targetHints":{"allow":["GET"]}}],"collection":[{"href":"https:\/\/www.europesays.com\/fi\/wp-json\/wp\/v2\/posts"}],"about":[{"href":"https:\/\/www.europesays.com\/fi\/wp-json\/wp\/v2\/types\/post"}],"author":[{"embeddable":true,"href":"https:\/\/www.europesays.com\/fi\/wp-json\/wp\/v2\/users\/2"}],"replies":[{"embeddable":true,"href":"https:\/\/www.europesays.com\/fi\/wp-json\/wp\/v2\/comments?post=137087"}],"version-history":[{"count":0,"href":"https:\/\/www.europesays.com\/fi\/wp-json\/wp\/v2\/posts\/137087\/revisions"}],"wp:featuredmedia":[{"embeddable":true,"href":"https:\/\/www.europesays.com\/fi\/wp-json\/wp\/v2\/media\/74"}],"wp:attachment":[{"href":"https:\/\/www.europesays.com\/fi\/wp-json\/wp\/v2\/media?parent=137087"}],"wp:term":[{"taxonomy":"category","embeddable":true,"href":"https:\/\/www.europesays.com\/fi\/wp-json\/wp\/v2\/categories?post=137087"},{"taxonomy":"post_tag","embeddable":true,"href":"https:\/\/www.europesays.com\/fi\/wp-json\/wp\/v2\/tags?post=137087"}],"curies":[{"name":"wp","href":"https:\/\/api.w.org\/{rel}","templated":true}]}}