{"id":137088,"date":"2026-01-08T20:25:07","date_gmt":"2026-01-08T20:25:07","guid":{"rendered":"https:\/\/www.europesays.com\/fi\/137088\/"},"modified":"2026-01-08T20:25:07","modified_gmt":"2026-01-08T20:25:07","slug":"ulkoasiainvaliokunta-kuuli-ulkoministeria-itameren-turvallisuudesta-ja-ukrainan-turvallisuusjarjestelyista","status":"publish","type":"post","link":"https:\/\/www.europesays.com\/fi\/137088\/","title":{"rendered":"Ulkoasiainvaliokunta kuuli ulkoministeri\u00e4 It\u00e4meren turvallisuudesta ja Ukrainan turvallisuusj\u00e4rjestelyist\u00e4"},"content":{"rendered":"<p>\u200bUlkoasiainvaliokunta sai torstaina 8.1. ulkoministeri Elina Valtoselta (kok.) valtioneuvoston selvityksen\u00a0ajankohtaisiin ulkopoliittisiin asioihin. Valiokunta kuuli ministeri Valtosta It\u00e4meren turvallisuudesta, Ukrainan turvallisuusj\u00e4rjestelyist\u00e4 sek\u00e4 Gr\u00f6nlannin ja Venezuelan tilanteesta.<\/p>\n<p>Ulkoasiainvaliokunnan puheenjohtaja Johannes Koskinen (sd.) kertoi valiokunnan kuulleen Suomenlahden kaapelirikkojen tutkinnasta. Koskisen mukaan on t\u00e4rke\u00e4\u00e4, ett\u00e4 Naton merivalvonnan tehostamiseen ja kriittisen vedenalaisen infrastruktuurin turvaamiseen keskittyv\u00e4\u00a0Baltic Sentry -hanke ja tehostettu viranomaisyhteisty\u00f6 yli rajojen jatkuu.<\/p>\n<p>Valiokunta sai kuulla my\u00f6s Ukrainan rauhanprosessin etenemisest\u00e4. Pariisissa oli 6.1. halukkaiden koalition kokous, jossa hyv\u00e4ksyttiin yhteinen julistus. Osana koalitiota Suomi korostaa vahvojen turvatakuiden merkityst\u00e4 kest\u00e4v\u00e4n ratkaisun aikaansaamiseksi. <\/p>\n<p>&#8221;Julistus antaa koalition maille kansallista liikkumatilaa ja p\u00e4\u00e4t\u00f6svaltaa osallistumistavastaan. Tervetullutta on, ett\u00e4 Yhdysvallat on vahvistanut osallistumisensa Ukrainan turvatakuisiin. Huolimatta Yhdysvaltojen muuttuvista painotuksista, se on edelleen sitoutunut Euroopan turvallisuuteen&#8221;, ministeri Valtonen painotti.<\/p>\n<p>Puheenjohtaja Koskinen kertoi valiokunnan saaneen kuulla, ett\u00e4 mahdolliset mallit Suomen osallistumiseksi Ukrainan turvallisuusj\u00e4rjestelyihin ovat valmistelussa.<\/p>\n<p>&#8221;Suomi on periaatteessa valmis osallistumaan, mutta tietysti niiss\u00e4 muodoissa pit\u00e4\u00e4 ottaa huomioon se, ett\u00e4 meill\u00e4 on laaja alue ja it\u00e4raja vastattavana&#8221;, Koskinen totesi.<\/p>\n<p>Puheenjohtaja Koskisen mukaan asiaan palataan useasti kev\u00e4\u00e4n aikana.<\/p>\n<p>Valiokunnassa k\u00e4ytiin my\u00f6s laaja keskustelu Gr\u00f6nlannin tilanteesta. Suomi painottaa kansainv\u00e4lisen oikeuden, YK:n peruskirjan sek\u00e4 Gr\u00f6nlannin ja Tanskan itsem\u00e4\u00e4r\u00e4\u00e4misoikeuden kunnioittamista. Lis\u00e4ksi on t\u00e4rke\u00e4\u00e4 tiivist\u00e4\u00e4 pohjoismaista yhteisty\u00f6t\u00e4.<\/p>\n<p>Ulkoasiainvaliokunnan puheenjohtaja Johannes Koskinen ja ulkoministeri Elina Valtonen olivat median tavattavissa valiokunnan kokouksen j\u00e4lkeen. Puheenjohtaja ja ministeri vastasivat median kysymyksiin kansainv\u00e4lisest\u00e4 tilanteesta.<\/p>\n","protected":false},"excerpt":{"rendered":"\u200bUlkoasiainvaliokunta sai torstaina 8.1. ulkoministeri Elina Valtoselta (kok.) valtioneuvoston selvityksen\u00a0ajankohtaisiin ulkopoliittisiin asioihin. Valiokunta kuuli ministeri Valtosta It\u00e4meren turvallisuudesta,&hellip;\n","protected":false},"author":2,"featured_media":36903,"comment_status":"","ping_status":"","sticky":false,"template":"","format":"standard","meta":{"footnotes":""},"categories":[12],"tags":[22,23,26,27,33,31,30,17,24,25,28,29,15,18,21,32,19,20,16],"class_list":{"0":"post-137088","1":"post","2":"type-post","3":"status-publish","4":"format-standard","5":"has-post-thumbnail","7":"category-suomi","8":"tag-breaking-news","9":"tag-breakingnews","10":"tag-featured-news","11":"tag-featurednews","12":"tag-fi","13":"tag-finland","14":"tag-finnish","15":"tag-headlines","16":"tag-latest-news","17":"tag-latestnews","18":"tag-main-news","19":"tag-mainnews","20":"tag-news","21":"tag-otsikot","22":"tag-paauutiset","23":"tag-suomi","24":"tag-top-stories","25":"tag-topstories","26":"tag-uutiset"},"share_on_mastodon":{"url":"https:\/\/pubeurope.com\/@fi\/115861358035880906","error":""},"_links":{"self":[{"href":"https:\/\/www.europesays.com\/fi\/wp-json\/wp\/v2\/posts\/137088","targetHints":{"allow":["GET"]}}],"collection":[{"href":"https:\/\/www.europesays.com\/fi\/wp-json\/wp\/v2\/posts"}],"about":[{"href":"https:\/\/www.europesays.com\/fi\/wp-json\/wp\/v2\/types\/post"}],"author":[{"embeddable":true,"href":"https:\/\/www.europesays.com\/fi\/wp-json\/wp\/v2\/users\/2"}],"replies":[{"embeddable":true,"href":"https:\/\/www.europesays.com\/fi\/wp-json\/wp\/v2\/comments?post=137088"}],"version-history":[{"count":0,"href":"https:\/\/www.europesays.com\/fi\/wp-json\/wp\/v2\/posts\/137088\/revisions"}],"wp:featuredmedia":[{"embeddable":true,"href":"https:\/\/www.europesays.com\/fi\/wp-json\/wp\/v2\/media\/36903"}],"wp:attachment":[{"href":"https:\/\/www.europesays.com\/fi\/wp-json\/wp\/v2\/media?parent=137088"}],"wp:term":[{"taxonomy":"category","embeddable":true,"href":"https:\/\/www.europesays.com\/fi\/wp-json\/wp\/v2\/categories?post=137088"},{"taxonomy":"post_tag","embeddable":true,"href":"https:\/\/www.europesays.com\/fi\/wp-json\/wp\/v2\/tags?post=137088"}],"curies":[{"name":"wp","href":"https:\/\/api.w.org\/{rel}","templated":true}]}}