{"id":137093,"date":"2026-01-08T20:38:12","date_gmt":"2026-01-08T20:38:12","guid":{"rendered":"https:\/\/www.europesays.com\/fi\/137093\/"},"modified":"2026-01-08T20:38:12","modified_gmt":"2026-01-08T20:38:12","slug":"jannika-b-ei-enaa-kysele-puolisonsa-toni-wirtasen-mielipidetta","status":"publish","type":"post","link":"https:\/\/www.europesays.com\/fi\/137093\/","title":{"rendered":"Jannika B ei en\u00e4\u00e4 kysele puolisonsa Toni Wirtasen mielipidett\u00e4"},"content":{"rendered":"<p class=\"ingress\">Laulaja Jannika B suunnittelee el\u00e4m\u00e4ns\u00e4 suurinta keikkakes\u00e4\u00e4. P\u00e4\u00e4t\u00f6ksenteossa ei puoliso Toni Wirtasesta juuri ole apua.<\/p>\n<p>Laulaja <strong>Jannika B<\/strong> p\u00e4\u00e4si viett\u00e4m\u00e4\u00e4n harvinaista elokuvailtaa kahdestaan\u00a0muusikkopuolisonsa<strong> <a href=\"https:\/\/anna.fi\/ihmiset\/toni-wirtanen-loysi-isansa-tajuttomana-sohvalta\" rel=\"nofollow noopener\" target=\"_blank\">Toni Wirtasen<\/a> <\/strong>kanssa, kun Ter\u00e4sleidit \u2013 kuin viimeist\u00e4 p\u00e4iv\u00e4\u00e4 -elokuva sai kutsuvierasensi-iltansa joulun alla. Edellisen kerran pari oli ollut elokuvissa yhdess\u00e4 tytt\u00e4rens\u00e4 kanssa, kun t\u00e4m\u00e4 t\u00e4ytti nelj\u00e4 vuotta.<\/p>\n<p>\u201dTytt\u00f6 t\u00e4ytti nelj\u00e4n vuoden maagisen rajapyykin, ja p\u00e4\u00e4si leffateatteriin. K\u00e4vimme katsomassa kotimaista piirretty\u00e4. H\u00e4n sai siit\u00e4 ihan diplominkin, kun kyseess\u00e4 oli h\u00e4nen ensimm\u00e4inen teatterielokuvansa\u201d, Jannika kertoi parin saavuttua Helsingin Tennispalatsin punaiselle matolle.\u00a0<\/p>\n<p>Jannika on tehnyt uuteen Ter\u00e4sleidit-elokuvaan tunnuskappaleen, Oh My Goddess. Jannika uskoo, ett\u00e4 meiss\u00e4 jokaisessa on ter\u00e4sleidim\u00e4isyytt\u00e4 etenkin Suomen talven keskell\u00e4.<\/p>\n<p>\u201dUskon, ett\u00e4 joka ikinen ihminen, joka el\u00e4\u00e4 Suomessa t\u00e4ss\u00e4 pimeydess\u00e4, on aikamoinen ter\u00e4smieli!\u201d<\/p>\n<p>Alkuvuodesta Jannika alkaa suunnitella uransa suurinta keikkakes\u00e4\u00e4, ja siihen menee aikaa.\u00a0<\/p>\n<p>\u201dKeikoille tulee mukaan aiempaa enemm\u00e4n tanssijoita, show-elementtej\u00e4, jousia ja vaikka mit\u00e4\u201d, Jannika lupaa.<\/p>\n<p><strong>Lue my\u00f6s: <\/strong><a href=\"https:\/\/anna.fi\/ihmiset\/jannika-b-ja-toni-wirtanen\" rel=\"nofollow noopener\" target=\"_blank\">Jannika B ja Toni Wirtanen kommunikoivat kesken\u00e4\u00e4n veike\u00e4ll\u00e4 tavalla<\/a><\/p>\n<p>Toni on Jannikan mukaan t\u00e4ysip\u00e4iv\u00e4inen poni-is\u00e4<\/p>\n<p>Valintoja pohtiessaan Jannika yritt\u00e4\u00e4 joskus puristaa kommentteja my\u00f6s puolisoltaan Tonilta, mutta huonolla menestyksell\u00e4.\u00a0<\/p>\n<p>\u201dYrit\u00e4n saada h\u00e4nelt\u00e4 mielipiteit\u00e4, mutta h\u00e4n on niin kohtelias, ettei h\u00e4n koskaan kehtaa sanoa mit\u00e4\u00e4n suoraan. Olen lopettanut kaikki kysymiset\u201d, Jannika sanoi ja nauroi. \u00a0<\/p>\n<p>Tonin luotsaama Apulanta julkaisi puolestaan joulukuun lopulla levyn yhtyeen yhteiskeikoilta Lahden Sinfoniaorkesterin kanssa.<\/p>\n<p>\u201dAjattelimme, ett\u00e4 nyt ne keikat eiv\u00e4t h\u00e4vi\u00e4 minnek\u00e4\u00e4n. Voimme itse sitten joskus kuunnella, ett\u00e4 tuossakin ne vetiv\u00e4t v\u00e4\u00e4rin\u201d, Toni sanoi ja hymyili.<\/p>\n<p>Jannikalla ja Tonilla on kaksi tyt\u00e4rt\u00e4, ja perheeseen kuuluu my\u00f6s kaksi ponia.\u00a0<\/p>\n<p>\u201dTony on full-time pony-dad\u201d, Jannika kehaisi.<\/p>\n<p>    Sinua voi kiinnostaa my\u00f6s:<\/p>\n<ol class=\"read-also__list\">\n<li>\n<p>            <img loading=\"lazy\" decoding=\"async\" class=\"card__image awpo-lqip awpo-lazy\" width=\"2500\" height=\"1588\" src=\"https:\/\/www.europesays.com\/fi\/wp-content\/uploads\/2026\/01\/jannika_b.jpg\"\/>                <a href=\"https:\/\/anna.fi\/kategoria\/ihmiset\" class=\"card__vignette\" rel=\"nofollow noopener\" target=\"_blank\"><br \/>\n            Ihmiset          <\/a><\/p>\n<p>      <a href=\"https:\/\/anna.fi\/ihmiset\/usko-toivo-rakkaus-valot\" class=\"card__link-overlay\" rel=\"nofollow noopener\" target=\"_blank\">Jannika B ripusti ikkunaan syk\u00e4hdytt\u00e4v\u00e4n erikoiset valot \u2013 t\u00e4m\u00e4 pienest\u00e4 kolkasta l\u00e4htenyt jouluperinne on levinnyt syntysijoiltaan laajasti Suomeen<\/a><\/p>\n<\/li>\n<li>\n<p>            <img loading=\"lazy\" decoding=\"async\" class=\"card__image awpo-lqip awpo-lazy\" width=\"2000\" height=\"1269\" src=\"https:\/\/www.europesays.com\/fi\/wp-content\/uploads\/2026\/01\/jannikab-1.jpg\"\/>                <a href=\"https:\/\/anna.fi\/kategoria\/ihmiset\" class=\"card__vignette\" rel=\"nofollow noopener\" target=\"_blank\"><br \/>\n            Ihmiset          <\/a><\/p>\n<p>      <a href=\"https:\/\/anna.fi\/ihmiset\/jannika-b-rakasti-tanssimista-sitten-han-kuuli-lyttaavan-arvion-itsestaan\" class=\"card__link-overlay\" rel=\"nofollow noopener\" target=\"_blank\">Jannika B rakasti tanssimista \u2013 sitten h\u00e4n kuuli lytt\u00e4\u00e4v\u00e4n arvion itsest\u00e4\u00e4n<\/a><\/p>\n<\/li>\n<li>\n<p>            <img loading=\"lazy\" decoding=\"async\" class=\"card__image awpo-lqip awpo-lazy\" width=\"2560\" height=\"1600\" src=\"https:\/\/www.europesays.com\/fi\/wp-content\/uploads\/2026\/01\/wirtanen1.jpg\"\/>                <a href=\"https:\/\/anna.fi\/kategoria\/ihmiset\" class=\"card__vignette\" rel=\"nofollow noopener\" target=\"_blank\"><br \/>\n            Ihmiset          <\/a><\/p>\n<p>      <a href=\"https:\/\/anna.fi\/ihmiset\/toni-wirtanen-loysi-isansa-tajuttomana-sohvalta\" class=\"card__link-overlay\" rel=\"nofollow noopener\" target=\"_blank\">Toni Wirtanen oli 12-vuotias, kun h\u00e4n l\u00f6ysi is\u00e4ns\u00e4 tajuttomana sohvalta: \u201dSiihen aikaan lapsen surua ei erityisesti k\u00e4sitelty\u201d<\/a><\/p>\n<\/li>\n<\/ol>\n","protected":false},"excerpt":{"rendered":"Laulaja Jannika B suunnittelee el\u00e4m\u00e4ns\u00e4 suurinta keikkakes\u00e4\u00e4. P\u00e4\u00e4t\u00f6ksenteossa ei puoliso Toni Wirtasesta juuri ole apua. Laulaja Jannika B&hellip;\n","protected":false},"author":2,"featured_media":137094,"comment_status":"","ping_status":"","sticky":false,"template":"","format":"standard","meta":{"footnotes":""},"categories":[136],"tags":[407,137,33,31,30,7156,408,3295,2311,32,2979,109],"class_list":{"0":"post-137093","1":"post","2":"type-post","3":"status-publish","4":"format-standard","5":"has-post-thumbnail","7":"category-julkkikset","8":"tag-celebrities","9":"tag-entertainment","10":"tag-fi","11":"tag-finland","12":"tag-finnish","13":"tag-jannika-b","14":"tag-julkkikset","15":"tag-perhe-elama","16":"tag-suomalaiset-laulajat","17":"tag-suomi","18":"tag-toni-wirtanen","19":"tag-viihde"},"share_on_mastodon":{"url":"https:\/\/pubeurope.com\/@fi\/115861409146423758","error":""},"_links":{"self":[{"href":"https:\/\/www.europesays.com\/fi\/wp-json\/wp\/v2\/posts\/137093","targetHints":{"allow":["GET"]}}],"collection":[{"href":"https:\/\/www.europesays.com\/fi\/wp-json\/wp\/v2\/posts"}],"about":[{"href":"https:\/\/www.europesays.com\/fi\/wp-json\/wp\/v2\/types\/post"}],"author":[{"embeddable":true,"href":"https:\/\/www.europesays.com\/fi\/wp-json\/wp\/v2\/users\/2"}],"replies":[{"embeddable":true,"href":"https:\/\/www.europesays.com\/fi\/wp-json\/wp\/v2\/comments?post=137093"}],"version-history":[{"count":0,"href":"https:\/\/www.europesays.com\/fi\/wp-json\/wp\/v2\/posts\/137093\/revisions"}],"wp:featuredmedia":[{"embeddable":true,"href":"https:\/\/www.europesays.com\/fi\/wp-json\/wp\/v2\/media\/137094"}],"wp:attachment":[{"href":"https:\/\/www.europesays.com\/fi\/wp-json\/wp\/v2\/media?parent=137093"}],"wp:term":[{"taxonomy":"category","embeddable":true,"href":"https:\/\/www.europesays.com\/fi\/wp-json\/wp\/v2\/categories?post=137093"},{"taxonomy":"post_tag","embeddable":true,"href":"https:\/\/www.europesays.com\/fi\/wp-json\/wp\/v2\/tags?post=137093"}],"curies":[{"name":"wp","href":"https:\/\/api.w.org\/{rel}","templated":true}]}}