{"id":137097,"date":"2026-01-08T20:46:09","date_gmt":"2026-01-08T20:46:09","guid":{"rendered":"https:\/\/www.europesays.com\/fi\/137097\/"},"modified":"2026-01-08T20:46:09","modified_gmt":"2026-01-08T20:46:09","slug":"vanhempiensa-murhasta-epaillyn-nick-reinerin-taustasta-paljastui-kylmaava-yksityiskohta","status":"publish","type":"post","link":"https:\/\/www.europesays.com\/fi\/137097\/","title":{"rendered":"Vanhempiensa murhasta ep\u00e4illyn Nick Reinerin taustasta paljastui kylm\u00e4\u00e4v\u00e4 yksityiskohta"},"content":{"rendered":"<p>Nick Reineria ep\u00e4ill\u00e4\u00e4n vanhempiensa murhasta. <\/p>\n<p><img decoding=\"async\" class=\"image image-show image-preview\" src=\"https:\/\/www.europesays.com\/fi\/wp-content\/uploads\/2026\/01\/046c106e8322660c30659706999b933fdfd5dc1b224939b8d53e48ac482b2b68.jpg\" alt=\"\"\/><img decoding=\"async\" class=\"image image-show\" src=\"https:\/\/www.europesays.com\/fi\/wp-content\/uploads\/2025\/12\/1766311216_365_046c106e8322660c30659706999b933fdfd5dc1b224939b8d53e48ac482b2b68.jpg\" alt=\"\"\/><\/p>\n<p>Nick Reineria syyytet\u00e4\u00e4n vanhempiensa murhasta. Kuvassa Nick ja Rob Reiner vuonna 2015. AOP<\/p>\n<p class=\"paragraph\">32-vuotiasta <strong>Nick Reineria<\/strong> syytet\u00e4\u00e4n vanhempiensa, elokuvaohjaaja <a href=\"https:\/\/www.iltalehti.fi\/henkilot\/Rob Reiner\" class=\"article-link-person-page\" rel=\"nofollow noopener\" target=\"_blank\">Rob Reinerin<\/a> ja <a href=\"https:\/\/www.iltalehti.fi\/henkilot\/Michele Singer\" class=\"article-link-person-page\" rel=\"nofollow noopener\" target=\"_blank\">Michele Reinerin<\/a> murhista.<\/p>\n<p class=\"paragraph\">Pari kuoli kotonaan sunnuntaina 14. joulukuuta.<\/p>\n<p class=\"paragraph\">Nick Reiner otettiin kiinni murhista ep\u00e4iltyn\u00e4 jo samana p\u00e4iv\u00e4n\u00e4.<\/p>\n<p class=\"paragraph\">Pojan tiedet\u00e4\u00e4n k\u00e4rsineen sek\u00e4 mielenterveys- ett\u00e4 p\u00e4ihdeongelmista.<\/p>\n<p class=\"paragraph\">Yhdysvaltalaismedian mukaan Nick Reiner sairastaa skitsofreniaa, joka h\u00e4nell\u00e4 diagnosoitiin vuonna 2020.<\/p>\n<p class=\"paragraph\">TMZ kertoo nyt, ett\u00e4 Reinerin l\u00e4\u00e4kityst\u00e4 muutettiin vain v\u00e4h\u00e4n ennen veritekoja, jolloin h\u00e4nen tilansa heikkeni huomattavasti ja h\u00e4n romahti henkisesti. <a href=\"https:\/\/www.tmz.com\/2026\/01\/08\/nick-reiner-homicidal-after-schizoaffective-meds-changed\/\" rel=\"noopener nofollow\" target=\"_blank\">TMZ:n mukaan<\/a> Reiner muuttui my\u00f6s arvaamattomaksi ja vaaralliseksi.<\/p>\n<p class=\"paragraph\">TMZ:n mukaan Reinerin k\u00e4yt\u00f6s oli ollut vakaata jo pitk\u00e4\u00e4n ja l\u00e4\u00e4kkeet toimivat hyvin. Jostain syyst\u00e4 l\u00e4\u00e4kityst\u00e4 kuitenkin muutettiin.<\/p>\n<p class=\"paragraph\">Reiner on ollut jo aiemmin psykiatrisessa hoidossa mielenterveysongelmiensa vuoksi.<\/p>\n<p>Michelle ja Rob Reiner l\u00f6ydettiin kuolleina kodistaan Los Angelesissa. EPA \/ AOP<\/p>\n<p class=\"paragraph\">Rob Reiner oli ohjaaja ja n\u00e4yttelij\u00e4. H\u00e4nen ohjauksiinsa kuuluvat muun muassa elokuvat: Prinsessan ry\u00f6st\u00f6 (1987), Stand by Me \u2013 viimeinen kes\u00e4 (1986), Kun Harry tapasi Sallyn (1989) ja Hei me rokataan! (This Is Spinal Tap, 1984).<\/p>\n<p class=\"paragraph\">Reiner muistetaan my\u00f6s roolistaan Perhe on pahin -sarjassa, jossa h\u00e4n n\u00e4ytteli Michael Stivicin hahmoa. Hahmo tunnettiin my\u00f6s \u201dL\u00e4skip\u00e4\u00e4\u201d-nimell\u00e4.<\/p>\n","protected":false},"excerpt":{"rendered":"Nick Reineria ep\u00e4ill\u00e4\u00e4n vanhempiensa murhasta. Nick Reineria syyytet\u00e4\u00e4n vanhempiensa murhasta. Kuvassa Nick ja Rob Reiner vuonna 2015. AOP&hellip;\n","protected":false},"author":2,"featured_media":137098,"comment_status":"","ping_status":"","sticky":false,"template":"","format":"standard","meta":{"footnotes":""},"categories":[130],"tags":[35,155,137,33,31,30,99,154,98,38,32,140,156,109],"class_list":{"0":"post-137097","1":"post","2":"type-post","3":"status-publish","4":"format-standard","5":"has-post-thumbnail","7":"category-viihde","8":"tag-24h","9":"tag-elokuvat","10":"tag-entertainment","11":"tag-fi","12":"tag-finland","13":"tag-finnish","14":"tag-lapset","15":"tag-nayttelijat-teatteri","16":"tag-perhe","17":"tag-rikos","18":"tag-suomi","19":"tag-tv-ja-elokuvat","20":"tag-tv","21":"tag-viihde"},"share_on_mastodon":{"url":"https:\/\/pubeurope.com\/@fi\/115861440651127648","error":""},"_links":{"self":[{"href":"https:\/\/www.europesays.com\/fi\/wp-json\/wp\/v2\/posts\/137097","targetHints":{"allow":["GET"]}}],"collection":[{"href":"https:\/\/www.europesays.com\/fi\/wp-json\/wp\/v2\/posts"}],"about":[{"href":"https:\/\/www.europesays.com\/fi\/wp-json\/wp\/v2\/types\/post"}],"author":[{"embeddable":true,"href":"https:\/\/www.europesays.com\/fi\/wp-json\/wp\/v2\/users\/2"}],"replies":[{"embeddable":true,"href":"https:\/\/www.europesays.com\/fi\/wp-json\/wp\/v2\/comments?post=137097"}],"version-history":[{"count":0,"href":"https:\/\/www.europesays.com\/fi\/wp-json\/wp\/v2\/posts\/137097\/revisions"}],"wp:featuredmedia":[{"embeddable":true,"href":"https:\/\/www.europesays.com\/fi\/wp-json\/wp\/v2\/media\/137098"}],"wp:attachment":[{"href":"https:\/\/www.europesays.com\/fi\/wp-json\/wp\/v2\/media?parent=137097"}],"wp:term":[{"taxonomy":"category","embeddable":true,"href":"https:\/\/www.europesays.com\/fi\/wp-json\/wp\/v2\/categories?post=137097"},{"taxonomy":"post_tag","embeddable":true,"href":"https:\/\/www.europesays.com\/fi\/wp-json\/wp\/v2\/tags?post=137097"}],"curies":[{"name":"wp","href":"https:\/\/api.w.org\/{rel}","templated":true}]}}