{"id":137099,"date":"2026-01-08T20:48:10","date_gmt":"2026-01-08T20:48:10","guid":{"rendered":"https:\/\/www.europesays.com\/fi\/137099\/"},"modified":"2026-01-08T20:48:10","modified_gmt":"2026-01-08T20:48:10","slug":"samsungin-uudet-galaxy-s26-puhelimet-saapuvat-myohassa-ja-hinnat-nousevat","status":"publish","type":"post","link":"https:\/\/www.europesays.com\/fi\/137099\/","title":{"rendered":"Samsungin uudet Galaxy S26 -puhelimet saapuvat my\u00f6h\u00e4ss\u00e4 ja hinnat nousevat"},"content":{"rendered":"<p><img loading=\"lazy\" decoding=\"async\" aria-describedby=\"caption-attachment-146640\" class=\"size-large wp-image-146640\" src=\"https:\/\/www.europesays.com\/fi\/wp-content\/uploads\/2025\/10\/Samsung-Galaxy-S26-Ultra-CAD-based-render-AH-exclusive-2-1024x576.jpg\" alt=\"\" width=\"1024\" height=\"576\"\/><\/p>\n<p id=\"caption-attachment-146640\" class=\"wp-caption-text\">Samsung Galaxy S26 Ultra<\/p>\n<p>Samsungin tuleva Galaxy S26 -puhelinsarja n\u00e4ytt\u00e4\u00e4 saavan virallisen ensiesittelyns\u00e4 helmikuun lopussa. Etel\u00e4korealaisessa mediassa viime viikolla liikkuneet huhut kertoivat jo, ett\u00e4 Samsung j\u00e4rjest\u00e4isi Galaxy Unpacked -tilaisuuden 25. helmikuuta San Franciscossa, ja nyt sama p\u00e4iv\u00e4m\u00e4\u00e4r\u00e4 on saanut vahvistusta my\u00f6s tunnetulta vuotajalta Evan Blassilta.<\/p>\n<p>Blassin mukaan Galaxy S26 -mallit saapuvat kauppoihin maaliskuun alussa, eli vain muutama p\u00e4iv\u00e4 Unpacked-tilaisuuden j\u00e4lkeen. Aikataulu tarkoittaisi selv\u00e4\u00e4 muutosta Samsungin totuttuun rytmiin, sill\u00e4 nykyinen Galaxy S25 -sukupolvi julkistettiin jo 22. tammikuuta 2025. Uusi lippulaivamallisto olisi siis noin kuukauden my\u00f6h\u00e4ss\u00e4 edelt\u00e4j\u00e4\u00e4ns\u00e4 verrattuna.<\/p>\n<p>\n\t\t\tArtikkeli jatkuu mainoksen j\u00e4lkeen\n\t\t<\/p>\n<p>My\u00f6h\u00e4isemm\u00e4n julkaisun taustalla saattaa olla Samsungin viime hetken p\u00e4\u00e4t\u00f6s mallistoon liittyen. Huhujen mukaan yhti\u00f6 olisi perunut Galaxy S26 Edge -mallin ja korvannut sen perinteisemm\u00e4ll\u00e4 Galaxy S26+ -versiolla, mik\u00e4 olisi vaatinut muutoksia tuotantoon ja aikatauluihin.<\/p>\n<p>Mallistoon odotetaan kuuluvan Galaxy S26, Galaxy S26+ sek\u00e4 huippumalli Galaxy S26 Ultra. Vuotojen perusteella muotoilussa ei ole luvassa dramaattisia yll\u00e4tyksi\u00e4, mutta yksityiskohdissa voi silti tapahtua hienovaraisia muutoksia.<\/p>\n<p>\n\t\t\tArtikkeli jatkuu mainoksen j\u00e4lkeen\n\t\t<\/p>\n<p>Hinnoittelun osalta tiedossa ei ole pelk\u00e4st\u00e4\u00e4n hyvi\u00e4 uutisia. Tuore raportti vihjaa, ett\u00e4 ainakin Etel\u00e4-Koreassa Galaxy S26 -sarjan hinnat voisivat nousta 44 000\u201388 000 wonilla, eli noin 30-60 dollarilla verrattuna Galaxy S25 -malleihin. Yhdysvalloissa Samsungin odotetaan kuitenkin pit\u00e4v\u00e4n l\u00e4ht\u00f6hinnat ennallaan, joten mahdollinen hinnankorotus ei v\u00e4ltt\u00e4m\u00e4tt\u00e4 koske kaikkia markkinoita.<\/p>\n<p><strong>L\u00e4hde<\/strong>: <a href=\"https:\/\/x.com\/evleaks\/status\/2008647312139243594\" target=\"_blank\" rel=\"noopener nofollow\">X (Evan Blass)<\/a><\/p>\n","protected":false},"excerpt":{"rendered":"Samsung Galaxy S26 Ultra Samsungin tuleva Galaxy S26 -puhelinsarja n\u00e4ytt\u00e4\u00e4 saavan virallisen ensiesittelyns\u00e4 helmikuun lopussa. Etel\u00e4korealaisessa mediassa viime&hellip;\n","protected":false},"author":2,"featured_media":52443,"comment_status":"","ping_status":"","sticky":false,"template":"","format":"standard","meta":{"footnotes":""},"categories":[84],"tags":[33,31,30,15608,799,32,91,92],"class_list":{"0":"post-137099","1":"post","2":"type-post","3":"status-publish","4":"format-standard","5":"has-post-thumbnail","7":"category-teknologia","8":"tag-fi","9":"tag-finland","10":"tag-finnish","11":"tag-galaxy-s26","12":"tag-samsung","13":"tag-suomi","14":"tag-technology","15":"tag-teknologia"},"share_on_mastodon":{"url":"https:\/\/pubeurope.com\/@fi\/115861448558338621","error":""},"_links":{"self":[{"href":"https:\/\/www.europesays.com\/fi\/wp-json\/wp\/v2\/posts\/137099","targetHints":{"allow":["GET"]}}],"collection":[{"href":"https:\/\/www.europesays.com\/fi\/wp-json\/wp\/v2\/posts"}],"about":[{"href":"https:\/\/www.europesays.com\/fi\/wp-json\/wp\/v2\/types\/post"}],"author":[{"embeddable":true,"href":"https:\/\/www.europesays.com\/fi\/wp-json\/wp\/v2\/users\/2"}],"replies":[{"embeddable":true,"href":"https:\/\/www.europesays.com\/fi\/wp-json\/wp\/v2\/comments?post=137099"}],"version-history":[{"count":0,"href":"https:\/\/www.europesays.com\/fi\/wp-json\/wp\/v2\/posts\/137099\/revisions"}],"wp:featuredmedia":[{"embeddable":true,"href":"https:\/\/www.europesays.com\/fi\/wp-json\/wp\/v2\/media\/52443"}],"wp:attachment":[{"href":"https:\/\/www.europesays.com\/fi\/wp-json\/wp\/v2\/media?parent=137099"}],"wp:term":[{"taxonomy":"category","embeddable":true,"href":"https:\/\/www.europesays.com\/fi\/wp-json\/wp\/v2\/categories?post=137099"},{"taxonomy":"post_tag","embeddable":true,"href":"https:\/\/www.europesays.com\/fi\/wp-json\/wp\/v2\/tags?post=137099"}],"curies":[{"name":"wp","href":"https:\/\/api.w.org\/{rel}","templated":true}]}}